{"id":122926,"date":"2021-01-06T14:21:49","date_gmt":"2021-01-06T17:21:49","guid":{"rendered":"http:\/\/www.hoymercedes.com.ar\/principal\/?p=122926"},"modified":"2021-01-07T10:12:44","modified_gmt":"2021-01-07T13:12:44","slug":"erradican-basurales-e-instan-a-tomar-consciencia-en-el-cuidado-ambiental-y-descarte-de-residuos","status":"publish","type":"post","link":"https:\/\/www.hoymercedes.com.ar\/principal\/2021\/01\/06\/erradican-basurales-e-instan-a-tomar-consciencia-en-el-cuidado-ambiental-y-descarte-de-residuos\/","title":{"rendered":"Erradican basurales e instan a tomar consciencia en el cuidado ambiental y descarte de residuos"},"content":{"rendered":"\n<p>Informe Municipal &#8211; El \u00e1rea de Servicios P\u00fablicos intervino en distintos puntos de la ciudad donde se efectuaron importantes tareas de limpieza urbana y erradicaci\u00f3n de basurales clandestinos o su incipiente constituci\u00f3n. \u201cNosotros podemos ir a limpiar muchas veces, pero necesitamos fundamentalmente la colaboraci\u00f3n y especialmente la consciencia solidaria de las y los mercedinos, porque debemos entre todos y todas cuidar el espacio compartido\u201d, manifest\u00f3 el sub secretario de servicios p\u00fablicos, Lu\u00eds Ponce. \u00a0<\/p>\n\n\n\n<p>M\u00e1s adelante Ponce asegur\u00f3 \u201cha sido un gran trabajo en varias jornadas de todo el personal del Corral\u00f3n. No tenemos m\u00e1s que palabras de agradecimiento\u201d afirm\u00f3 el funcionario y destac\u00f3 \u201cpero para construir una ciudad ambientalmente sustentable necesitamos un plus, y ese plus lo damos los vecinos y vecinas\u201d y expres\u00f3 \u201cpor eso le pedimos por favor respetemos los horarios y lugares para sacar los residuos, tanto domiciliarios como desechos de gran tama\u00f1o. Tenemos programas de reciclaje, de retiro de objetos de recepci\u00f3n de materiales, por eso es fundamental tomemos consciencia\u201d afirm\u00f3 el funcionario y destac\u00f3 \u201cpodemos limpiar y limpiar, pero as\u00ed es imposible, necesitamos la solidaridad de todos y todas\u201d. &nbsp;<\/p>\n\n\n\n<p>Algunos de los lugares despejados de basura ilegalmente arrojada fuero 116 y v\u00edas, Fonavi, Cruz de Palo, Altamira, 61 de 26 a 16, 132 y 61, 91 y 4, algunas plazas barriales, entre otros espacios. \u00a0<\/p>\n\n\n\n<div class=\"wp-block-image\"><figure class=\"aligncenter size-large\"><img loading=\"lazy\" decoding=\"async\" width=\"800\" height=\"533\" data-attachment-id=\"122927\" data-permalink=\"https:\/\/www.hoymercedes.com.ar\/principal\/2021\/01\/06\/erradican-basurales-e-instan-a-tomar-consciencia-en-el-cuidado-ambiental-y-descarte-de-residuos\/06-muni-basural\/#main\" data-orig-file=\"https:\/\/www.hoymercedes.com.ar\/principal\/wp-content\/uploads\/2021\/01\/06-muni-basural.jpg\" data-orig-size=\"800,533\" data-comments-opened=\"0\" data-image-meta=\"{&quot;aperture&quot;:&quot;0&quot;,&quot;credit&quot;:&quot;&quot;,&quot;camera&quot;:&quot;&quot;,&quot;caption&quot;:&quot;&quot;,&quot;created_timestamp&quot;:&quot;0&quot;,&quot;copyright&quot;:&quot;&quot;,&quot;focal_length&quot;:&quot;0&quot;,&quot;iso&quot;:&quot;0&quot;,&quot;shutter_speed&quot;:&quot;0&quot;,&quot;title&quot;:&quot;&quot;,&quot;orientation&quot;:&quot;0&quot;}\" data-image-title=\"06 muni basural\" data-image-description=\"\" data-image-caption=\"\" data-large-file=\"https:\/\/www.hoymercedes.com.ar\/principal\/wp-content\/uploads\/2021\/01\/06-muni-basural.jpg\" src=\"https:\/\/www.hoymercedes.com.ar\/principal\/wp-content\/uploads\/2021\/01\/06-muni-basural.jpg\" alt=\"\" class=\"wp-image-122927\" srcset=\"https:\/\/www.hoymercedes.com.ar\/principal\/wp-content\/uploads\/2021\/01\/06-muni-basural.jpg 800w, https:\/\/www.hoymercedes.com.ar\/principal\/wp-content\/uploads\/2021\/01\/06-muni-basural-630x420.jpg 630w, https:\/\/www.hoymercedes.com.ar\/principal\/wp-content\/uploads\/2021\/01\/06-muni-basural-150x100.jpg 150w, https:\/\/www.hoymercedes.com.ar\/principal\/wp-content\/uploads\/2021\/01\/06-muni-basural-700x465.jpg 700w\" sizes=\"auto, (max-width: 800px) 100vw, 800px\" \/><\/figure><\/div>\n","protected":false},"excerpt":{"rendered":"<p>Informe Municipal &#8211; El \u00e1rea de Servicios P\u00fablicos intervino en distintos puntos de la ciudad donde se efectuaron importantes tareas &#8230; <a title=\"Erradican basurales e instan a tomar consciencia en el cuidado ambiental y descarte de residuos\" class=\"read-more\" href=\"https:\/\/www.hoymercedes.com.ar\/principal\/2021\/01\/06\/erradican-basurales-e-instan-a-tomar-consciencia-en-el-cuidado-ambiental-y-descarte-de-residuos\/\" aria-label=\"Leer m\u00e1s sobre Erradican basurales e instan a tomar consciencia en el cuidado ambiental y descarte de residuos\">Leer m\u00e1s<\/a><\/p>\n","protected":false},"author":1,"featured_media":122927,"comment_status":"closed","ping_status":"open","sticky":false,"template":"","format":"standard","meta":{"_monsterinsights_skip_tracking":false,"_monsterinsights_sitenote_active":false,"_monsterinsights_sitenote_note":"","_monsterinsights_sitenote_category":0,"jetpack_post_was_ever_published":false,"_jetpack_newsletter_access":"","_jetpack_dont_email_post_to_subs":false,"_jetpack_newsletter_tier_id":0,"_jetpack_memberships_contains_paywalled_content":false,"_jetpack_memberships_contains_paid_content":false,"footnotes":"","jetpack_publicize_message":"","jetpack_publicize_feature_enabled":true,"jetpack_social_post_already_shared":true,"jetpack_social_options":{"image_generator_settings":{"template":"highway","default_image_id":0,"font":"","enabled":false},"version":2},"_wpas_customize_per_network":false},"categories":[30],"tags":[6049,244,8628],"class_list":["post-122926","post","type-post","status-publish","format-standard","has-post-thumbnail","hentry","category-municipio","tag-basurales","tag-municipio-2","tag-servicios-publicos","generate-columns","tablet-grid-50","mobile-grid-100","grid-parent","grid-50"],"jetpack_publicize_connections":[],"jetpack_featured_media_url":"https:\/\/www.hoymercedes.com.ar\/principal\/wp-content\/uploads\/2021\/01\/06-muni-basural.jpg","wps_subtitle":"Servicios p\u00fablicos","jetpack_sharing_enabled":true,"_links":{"self":[{"href":"https:\/\/www.hoymercedes.com.ar\/principal\/wp-json\/wp\/v2\/posts\/122926","targetHints":{"allow":["GET"]}}],"collection":[{"href":"https:\/\/www.hoymercedes.com.ar\/principal\/wp-json\/wp\/v2\/posts"}],"about":[{"href":"https:\/\/www.hoymercedes.com.ar\/principal\/wp-json\/wp\/v2\/types\/post"}],"author":[{"embeddable":true,"href":"https:\/\/www.hoymercedes.com.ar\/principal\/wp-json\/wp\/v2\/users\/1"}],"replies":[{"embeddable":true,"href":"https:\/\/www.hoymercedes.com.ar\/principal\/wp-json\/wp\/v2\/comments?post=122926"}],"version-history":[{"count":0,"href":"https:\/\/www.hoymercedes.com.ar\/principal\/wp-json\/wp\/v2\/posts\/122926\/revisions"}],"wp:featuredmedia":[{"embeddable":true,"href":"https:\/\/www.hoymercedes.com.ar\/principal\/wp-json\/wp\/v2\/media\/122927"}],"wp:attachment":[{"href":"https:\/\/www.hoymercedes.com.ar\/principal\/wp-json\/wp\/v2\/media?parent=122926"}],"wp:term":[{"taxonomy":"category","embeddable":true,"href":"https:\/\/www.hoymercedes.com.ar\/principal\/wp-json\/wp\/v2\/categories?post=122926"},{"taxonomy":"post_tag","embeddable":true,"href":"https:\/\/www.hoymercedes.com.ar\/principal\/wp-json\/wp\/v2\/tags?post=122926"}],"curies":[{"name":"wp","href":"https:\/\/api.w.org\/{rel}","templated":true}]}}