{"id":123012,"date":"2021-01-08T10:47:09","date_gmt":"2021-01-08T13:47:09","guid":{"rendered":"http:\/\/www.hoymercedes.com.ar\/principal\/?p=123012"},"modified":"2021-01-08T10:47:15","modified_gmt":"2021-01-08T13:47:15","slug":"gimnasia-y-esgrima-convoca-a-futbolistas","status":"publish","type":"post","link":"https:\/\/www.hoymercedes.com.ar\/principal\/2021\/01\/08\/gimnasia-y-esgrima-convoca-a-futbolistas\/","title":{"rendered":"Gimnasia y Esgrima convoca a futbolistas"},"content":{"rendered":"\n<p>El Club Gimnasia y Esgrima se encuentra prepar\u00e1ndose desde mediados de 2019 para participar del torneo de Primera y Reserva de la Liga Mercedina de F\u00fatbol, sin embargo, la pandemia hizo que su espera por volver al torneo local se hiciera demasiado larga. Esto no hizo que baje los brazos y en pleno enero y tras una nueva postergaci\u00f3n del inicio del certamen de verano, renueve el llamado para seguir sumando jugadores.<\/p>\n\n\n\n<figure class=\"wp-block-image size-large\"><img loading=\"lazy\" decoding=\"async\" width=\"960\" height=\"720\" data-attachment-id=\"123013\" data-permalink=\"https:\/\/www.hoymercedes.com.ar\/principal\/2021\/01\/08\/gimnasia-y-esgrima-convoca-a-futbolistas\/gimnasia-y-esgrima-mercedes-2\/#main\" data-orig-file=\"https:\/\/www.hoymercedes.com.ar\/principal\/wp-content\/uploads\/2021\/01\/Gimnasia-y-Esgrima-Mercedes.jpg\" data-orig-size=\"960,720\" data-comments-opened=\"0\" data-image-meta=\"{&quot;aperture&quot;:&quot;0&quot;,&quot;credit&quot;:&quot;&quot;,&quot;camera&quot;:&quot;&quot;,&quot;caption&quot;:&quot;&quot;,&quot;created_timestamp&quot;:&quot;0&quot;,&quot;copyright&quot;:&quot;&quot;,&quot;focal_length&quot;:&quot;0&quot;,&quot;iso&quot;:&quot;0&quot;,&quot;shutter_speed&quot;:&quot;0&quot;,&quot;title&quot;:&quot;&quot;,&quot;orientation&quot;:&quot;0&quot;}\" data-image-title=\"Gimnasia-y-Esgrima-Mercedes\" data-image-description=\"\" data-image-caption=\"\" data-large-file=\"https:\/\/www.hoymercedes.com.ar\/principal\/wp-content\/uploads\/2021\/01\/Gimnasia-y-Esgrima-Mercedes.jpg\" src=\"https:\/\/www.hoymercedes.com.ar\/principal\/wp-content\/uploads\/2021\/01\/Gimnasia-y-Esgrima-Mercedes.jpg\" alt=\"\" class=\"wp-image-123013\" srcset=\"https:\/\/www.hoymercedes.com.ar\/principal\/wp-content\/uploads\/2021\/01\/Gimnasia-y-Esgrima-Mercedes.jpg 960w, https:\/\/www.hoymercedes.com.ar\/principal\/wp-content\/uploads\/2021\/01\/Gimnasia-y-Esgrima-Mercedes-630x473.jpg 630w, https:\/\/www.hoymercedes.com.ar\/principal\/wp-content\/uploads\/2021\/01\/Gimnasia-y-Esgrima-Mercedes-150x113.jpg 150w\" sizes=\"auto, (max-width: 960px) 100vw, 960px\" \/><\/figure>\n\n\n\n<p>El Lobo, que pas\u00f3 de entrenarse en el predio de Uni\u00f3n al de Quilmes, anunci\u00f3 en sus redes sociales que \u201cdurante enero, febrero y marzo se realizar\u00e1n pruebas a jugadores con el objetivo de captar talentos que est\u00e9n a la altura de la instituci\u00f3n. El plan de los directores deportivos es potenciar las divisiones Inferiores\u201d.<\/p>\n\n\n\n<p>La b\u00fasqueda apunta a las categor\u00edas 2001 a 2005, que entrenan los d\u00edas lunes y mi\u00e9rcoles en el horario de 20 a 22.30 en calle 24 y 119. Aquellos que est\u00e9n interesados deber\u00e1n contactarse al 2346 538815 (Nicol\u00e1s) y 2324 477724 (Gast\u00f3n).<\/p>\n","protected":false},"excerpt":{"rendered":"<p>El Club Gimnasia y Esgrima se encuentra prepar\u00e1ndose desde mediados de 2019 para participar del torneo de Primera y Reserva &#8230; <a title=\"Gimnasia y Esgrima convoca a futbolistas\" class=\"read-more\" href=\"https:\/\/www.hoymercedes.com.ar\/principal\/2021\/01\/08\/gimnasia-y-esgrima-convoca-a-futbolistas\/\" aria-label=\"Leer m\u00e1s sobre Gimnasia y Esgrima convoca a futbolistas\">Leer m\u00e1s<\/a><\/p>\n","protected":false},"author":1,"featured_media":123013,"comment_status":"closed","ping_status":"open","sticky":false,"template":"","format":"standard","meta":{"_monsterinsights_skip_tracking":false,"_monsterinsights_sitenote_active":false,"_monsterinsights_sitenote_note":"","_monsterinsights_sitenote_category":0,"jetpack_post_was_ever_published":false,"_jetpack_newsletter_access":"","_jetpack_dont_email_post_to_subs":false,"_jetpack_newsletter_tier_id":0,"_jetpack_memberships_contains_paywalled_content":false,"_jetpack_memberships_contains_paid_content":false,"footnotes":"","jetpack_publicize_message":"","jetpack_publicize_feature_enabled":true,"jetpack_social_post_already_shared":true,"jetpack_social_options":{"image_generator_settings":{"template":"highway","default_image_id":0,"font":"","enabled":false},"version":2},"_wpas_customize_per_network":false},"categories":[21],"tags":[6804,14802],"class_list":["post-123012","post","type-post","status-publish","format-standard","has-post-thumbnail","hentry","category-deportes","tag-gimnasia-y-esgrima","tag-liga-mercedina-de-futbol-2","generate-columns","tablet-grid-50","mobile-grid-100","grid-parent","grid-50"],"jetpack_publicize_connections":[],"jetpack_featured_media_url":"https:\/\/www.hoymercedes.com.ar\/principal\/wp-content\/uploads\/2021\/01\/Gimnasia-y-Esgrima-Mercedes.jpg","wps_subtitle":"","jetpack_sharing_enabled":true,"_links":{"self":[{"href":"https:\/\/www.hoymercedes.com.ar\/principal\/wp-json\/wp\/v2\/posts\/123012","targetHints":{"allow":["GET"]}}],"collection":[{"href":"https:\/\/www.hoymercedes.com.ar\/principal\/wp-json\/wp\/v2\/posts"}],"about":[{"href":"https:\/\/www.hoymercedes.com.ar\/principal\/wp-json\/wp\/v2\/types\/post"}],"author":[{"embeddable":true,"href":"https:\/\/www.hoymercedes.com.ar\/principal\/wp-json\/wp\/v2\/users\/1"}],"replies":[{"embeddable":true,"href":"https:\/\/www.hoymercedes.com.ar\/principal\/wp-json\/wp\/v2\/comments?post=123012"}],"version-history":[{"count":0,"href":"https:\/\/www.hoymercedes.com.ar\/principal\/wp-json\/wp\/v2\/posts\/123012\/revisions"}],"wp:featuredmedia":[{"embeddable":true,"href":"https:\/\/www.hoymercedes.com.ar\/principal\/wp-json\/wp\/v2\/media\/123013"}],"wp:attachment":[{"href":"https:\/\/www.hoymercedes.com.ar\/principal\/wp-json\/wp\/v2\/media?parent=123012"}],"wp:term":[{"taxonomy":"category","embeddable":true,"href":"https:\/\/www.hoymercedes.com.ar\/principal\/wp-json\/wp\/v2\/categories?post=123012"},{"taxonomy":"post_tag","embeddable":true,"href":"https:\/\/www.hoymercedes.com.ar\/principal\/wp-json\/wp\/v2\/tags?post=123012"}],"curies":[{"name":"wp","href":"https:\/\/api.w.org\/{rel}","templated":true}]}}