{"id":123015,"date":"2021-01-08T11:01:07","date_gmt":"2021-01-08T14:01:07","guid":{"rendered":"http:\/\/www.hoymercedes.com.ar\/principal\/?p=123015"},"modified":"2021-01-08T11:01:16","modified_gmt":"2021-01-08T14:01:16","slug":"el-deporte-de-luto-fallecio-el-dirigente-alfredo-pascual","status":"publish","type":"post","link":"https:\/\/www.hoymercedes.com.ar\/principal\/2021\/01\/08\/el-deporte-de-luto-fallecio-el-dirigente-alfredo-pascual\/","title":{"rendered":"El deporte de luto, falleci\u00f3 el dirigente Alfredo Pascual"},"content":{"rendered":"\n<p>La jornada del jueves 7 de enero se visti\u00f3 de luto para el deporte mercedino al conocerse el fallecimiento del presidente de la Asociaci\u00f3n Mercedina de Bochas Alfredo Pascual. \u00abEl Tero\u00bb, como lo conoc\u00edan, se desempe\u00f1aba desde hac\u00eda 16 a\u00f1os como el m\u00e1ximo dirigente del \u00abdeporte de los amigos\u00bb y hoy deja un vac\u00edo enorme en una actividad que en la ciudad lucha por su existencia.<\/p>\n\n\n\n<div class=\"wp-block-image\"><figure class=\"aligncenter size-large\"><img loading=\"lazy\" decoding=\"async\" width=\"720\" height=\"960\" data-attachment-id=\"123016\" data-permalink=\"https:\/\/www.hoymercedes.com.ar\/principal\/2021\/01\/08\/el-deporte-de-luto-fallecio-el-dirigente-alfredo-pascual\/alfredo-pascual\/#main\" data-orig-file=\"https:\/\/www.hoymercedes.com.ar\/principal\/wp-content\/uploads\/2021\/01\/Alfredo-Pascual.jpg\" data-orig-size=\"720,960\" data-comments-opened=\"0\" data-image-meta=\"{&quot;aperture&quot;:&quot;0&quot;,&quot;credit&quot;:&quot;&quot;,&quot;camera&quot;:&quot;&quot;,&quot;caption&quot;:&quot;&quot;,&quot;created_timestamp&quot;:&quot;0&quot;,&quot;copyright&quot;:&quot;&quot;,&quot;focal_length&quot;:&quot;0&quot;,&quot;iso&quot;:&quot;0&quot;,&quot;shutter_speed&quot;:&quot;0&quot;,&quot;title&quot;:&quot;&quot;,&quot;orientation&quot;:&quot;0&quot;}\" data-image-title=\"Alfredo-Pascual\" data-image-description=\"\" data-image-caption=\"\" data-large-file=\"https:\/\/www.hoymercedes.com.ar\/principal\/wp-content\/uploads\/2021\/01\/Alfredo-Pascual.jpg\" src=\"https:\/\/www.hoymercedes.com.ar\/principal\/wp-content\/uploads\/2021\/01\/Alfredo-Pascual.jpg\" alt=\"\" class=\"wp-image-123016\" srcset=\"https:\/\/www.hoymercedes.com.ar\/principal\/wp-content\/uploads\/2021\/01\/Alfredo-Pascual.jpg 720w, https:\/\/www.hoymercedes.com.ar\/principal\/wp-content\/uploads\/2021\/01\/Alfredo-Pascual-465x620.jpg 465w, https:\/\/www.hoymercedes.com.ar\/principal\/wp-content\/uploads\/2021\/01\/Alfredo-Pascual-113x150.jpg 113w\" sizes=\"auto, (max-width: 720px) 100vw, 720px\" \/><\/figure><\/div>\n\n\n\n<p>Pascual, de 60 a\u00f1os, era de esos dirigentes que trabajaba por su deporte en forma incansable, sin importar desde qu\u00e9 lugar. Era de los pocos que se encargaba de mantener la difusi\u00f3n del mismo, enviando informaci\u00f3n a los periodistas de la ciudad siempre que se lo requer\u00eda.<\/p>\n\n\n\n<p>Sin dudas se fue en forma temprana un dirigente deportivo que ten\u00eda mucho para dar a la sociedad y a un deporte que en Mercedes hizo demasiada historia en el pasado, con boch\u00f3filos como Euclides \u00abTito\u00bb Boragno y Omar \u00abMacho\u00bb Lotito, en el pasado y \u00abTino\u00bb Rossello, en el presente, y que actualmente se encuentra esperando volver a causa de la pandemia.<\/p>\n\n\n\n<p>En cuanto a la continuidad de la AMB, quedar\u00e1 en el cargo de presidente el actual vice, N\u00e9stor Bonavita, acompa\u00f1ado por el secretario Ren\u00e9 Banchero, el prosecretario Oscar Taramasco, el protesorero Ariel Marsson y Ramiro Picone, quien es secretario de actas.<\/p>\n","protected":false},"excerpt":{"rendered":"<p>La jornada del jueves 7 de enero se visti\u00f3 de luto para el deporte mercedino al conocerse el fallecimiento del &#8230; <a title=\"El deporte de luto, falleci\u00f3 el dirigente Alfredo Pascual\" class=\"read-more\" href=\"https:\/\/www.hoymercedes.com.ar\/principal\/2021\/01\/08\/el-deporte-de-luto-fallecio-el-dirigente-alfredo-pascual\/\" aria-label=\"Leer m\u00e1s sobre El deporte de luto, falleci\u00f3 el dirigente Alfredo Pascual\">Leer m\u00e1s<\/a><\/p>\n","protected":false},"author":1,"featured_media":123016,"comment_status":"closed","ping_status":"open","sticky":false,"template":"","format":"standard","meta":{"_monsterinsights_skip_tracking":false,"_monsterinsights_sitenote_active":false,"_monsterinsights_sitenote_note":"","_monsterinsights_sitenote_category":0,"jetpack_post_was_ever_published":false,"_jetpack_newsletter_access":"","_jetpack_dont_email_post_to_subs":false,"_jetpack_newsletter_tier_id":0,"_jetpack_memberships_contains_paywalled_content":false,"_jetpack_memberships_contains_paid_content":false,"footnotes":"","jetpack_publicize_message":"","jetpack_publicize_feature_enabled":true,"jetpack_social_post_already_shared":true,"jetpack_social_options":{"image_generator_settings":{"template":"highway","default_image_id":0,"font":"","enabled":false},"version":2},"_wpas_customize_per_network":false},"categories":[21],"tags":[17444,17446],"class_list":["post-123015","post","type-post","status-publish","format-standard","has-post-thumbnail","hentry","category-deportes","tag-alfredo-pascual","tag-asociacion-mercedina-de-bochas","generate-columns","tablet-grid-50","mobile-grid-100","grid-parent","grid-50"],"jetpack_publicize_connections":[],"jetpack_featured_media_url":"https:\/\/www.hoymercedes.com.ar\/principal\/wp-content\/uploads\/2021\/01\/Alfredo-Pascual.jpg","wps_subtitle":"","jetpack_sharing_enabled":true,"_links":{"self":[{"href":"https:\/\/www.hoymercedes.com.ar\/principal\/wp-json\/wp\/v2\/posts\/123015","targetHints":{"allow":["GET"]}}],"collection":[{"href":"https:\/\/www.hoymercedes.com.ar\/principal\/wp-json\/wp\/v2\/posts"}],"about":[{"href":"https:\/\/www.hoymercedes.com.ar\/principal\/wp-json\/wp\/v2\/types\/post"}],"author":[{"embeddable":true,"href":"https:\/\/www.hoymercedes.com.ar\/principal\/wp-json\/wp\/v2\/users\/1"}],"replies":[{"embeddable":true,"href":"https:\/\/www.hoymercedes.com.ar\/principal\/wp-json\/wp\/v2\/comments?post=123015"}],"version-history":[{"count":0,"href":"https:\/\/www.hoymercedes.com.ar\/principal\/wp-json\/wp\/v2\/posts\/123015\/revisions"}],"wp:featuredmedia":[{"embeddable":true,"href":"https:\/\/www.hoymercedes.com.ar\/principal\/wp-json\/wp\/v2\/media\/123016"}],"wp:attachment":[{"href":"https:\/\/www.hoymercedes.com.ar\/principal\/wp-json\/wp\/v2\/media?parent=123015"}],"wp:term":[{"taxonomy":"category","embeddable":true,"href":"https:\/\/www.hoymercedes.com.ar\/principal\/wp-json\/wp\/v2\/categories?post=123015"},{"taxonomy":"post_tag","embeddable":true,"href":"https:\/\/www.hoymercedes.com.ar\/principal\/wp-json\/wp\/v2\/tags?post=123015"}],"curies":[{"name":"wp","href":"https:\/\/api.w.org\/{rel}","templated":true}]}}