{"id":123041,"date":"2021-01-08T21:22:54","date_gmt":"2021-01-09T00:22:54","guid":{"rendered":"http:\/\/www.hoymercedes.com.ar\/principal\/?p=123041"},"modified":"2021-01-08T21:23:01","modified_gmt":"2021-01-09T00:23:01","slug":"entregan-subsidio-a-la-comision-de-ciclismo","status":"publish","type":"post","link":"https:\/\/www.hoymercedes.com.ar\/principal\/2021\/01\/08\/entregan-subsidio-a-la-comision-de-ciclismo\/","title":{"rendered":"Entregan subsidio a la Comisi\u00f3n de Ciclismo"},"content":{"rendered":"\n<p>El intendente municipal Juan Ustarroz entreg\u00f3 un subsidio a la Comisi\u00f3n Municipal de Ciclismo para la compra de bicicletas que se usar\u00e1n en actividades recreativas. Recibi\u00f3 en su despacho al presidente de la Comisi\u00f3n Municipal de Ciclismo, David Fresnes, para entregarle un aporte de 880 mil pesos para la compra de 40 bicicletas, destinadas a actividades recreativas. <\/p>\n\n\n\n<div class=\"wp-block-image\"><figure class=\"aligncenter size-large\"><img loading=\"lazy\" decoding=\"async\" width=\"800\" height=\"450\" data-attachment-id=\"123042\" data-permalink=\"https:\/\/www.hoymercedes.com.ar\/principal\/2021\/01\/08\/entregan-subsidio-a-la-comision-de-ciclismo\/81-2\/#main\" data-orig-file=\"https:\/\/www.hoymercedes.com.ar\/principal\/wp-content\/uploads\/2021\/01\/81-2.jpeg\" data-orig-size=\"800,450\" data-comments-opened=\"0\" data-image-meta=\"{&quot;aperture&quot;:&quot;0&quot;,&quot;credit&quot;:&quot;&quot;,&quot;camera&quot;:&quot;&quot;,&quot;caption&quot;:&quot;&quot;,&quot;created_timestamp&quot;:&quot;0&quot;,&quot;copyright&quot;:&quot;&quot;,&quot;focal_length&quot;:&quot;0&quot;,&quot;iso&quot;:&quot;0&quot;,&quot;shutter_speed&quot;:&quot;0&quot;,&quot;title&quot;:&quot;&quot;,&quot;orientation&quot;:&quot;0&quot;}\" data-image-title=\"81 (2)\" data-image-description=\"\" data-image-caption=\"\" data-large-file=\"https:\/\/www.hoymercedes.com.ar\/principal\/wp-content\/uploads\/2021\/01\/81-2.jpeg\" src=\"https:\/\/www.hoymercedes.com.ar\/principal\/wp-content\/uploads\/2021\/01\/81-2.jpeg\" alt=\"\" class=\"wp-image-123042\" srcset=\"https:\/\/www.hoymercedes.com.ar\/principal\/wp-content\/uploads\/2021\/01\/81-2.jpeg 800w, https:\/\/www.hoymercedes.com.ar\/principal\/wp-content\/uploads\/2021\/01\/81-2-630x354.jpeg 630w, https:\/\/www.hoymercedes.com.ar\/principal\/wp-content\/uploads\/2021\/01\/81-2-150x84.jpeg 150w\" sizes=\"auto, (max-width: 800px) 100vw, 800px\" \/><\/figure><\/div>\n\n\n\n<p>\u201cEs un subsidio importante para nosotros porque la gente que no tenga bicicleta para andar la podr\u00e1 tener anot\u00e1ndose a trav\u00e9s de una app del municipio. Quiero agradecer al municipio, en especial a la Direcci\u00f3n de Deportes que siempre nos dan una mano en cada proyecto que encaramos\u201d, dijo Fresnes. \u00a0<\/p>\n\n\n\n<p>&nbsp;\u201cEstas bicicletas que se comprar\u00e1n con el subsidio tambi\u00e9n estar\u00e1n disponibles para otras actividades al aire libre en el nuevo polideportivo a cielo abierto que se est\u00e1 proyectando en el Parque Municipal. Ser\u00e1 para la participaci\u00f3n de las familias, los adolescentes y todas las edades y tambi\u00e9n para hacer bicicleturismo por la ciudad\u201d, dio m\u00e1s detalles del proyecto Mariana Saboredo, Directora de Deportes del municipio. &nbsp;<\/p>\n\n\n\n<p>La inversi\u00f3n se viene a sumar a los kayaks que ya se compraron y que tendr\u00e1n su centro de actividades acu\u00e1ticas en el Parque. \u201cEsto fortalece una pol\u00edtica p\u00fablica de apostar al deporte. Tenemos el Parque que estamos trabajando con el proyecto n\u00e1utico y ahora este proyecto de las bicicletas. La pandemia nos ense\u00f1\u00f3 sobre la necesidad que tenemos de cuidarnos y tener h\u00e1bitos m\u00e1s saludables y el deporte es un buen veh\u00edculo para eso\u201d, afirm\u00f3 el intendente Juan Ustarroz sobre la inversi\u00f3n que realiza su gesti\u00f3n en materia deportiva.\u00a0<\/p>\n\n\n\n<p>Fuente: Prensa Municipal. <\/p>\n","protected":false},"excerpt":{"rendered":"<p>El intendente municipal Juan Ustarroz entreg\u00f3 un subsidio a la Comisi\u00f3n Municipal de Ciclismo para la compra de bicicletas que &#8230; <a title=\"Entregan subsidio a la Comisi\u00f3n de Ciclismo\" class=\"read-more\" href=\"https:\/\/www.hoymercedes.com.ar\/principal\/2021\/01\/08\/entregan-subsidio-a-la-comision-de-ciclismo\/\" aria-label=\"Leer m\u00e1s sobre Entregan subsidio a la Comisi\u00f3n de Ciclismo\">Leer m\u00e1s<\/a><\/p>\n","protected":false},"author":1,"featured_media":123042,"comment_status":"closed","ping_status":"open","sticky":false,"template":"","format":"standard","meta":{"_monsterinsights_skip_tracking":false,"_monsterinsights_sitenote_active":false,"_monsterinsights_sitenote_note":"","_monsterinsights_sitenote_category":0,"jetpack_post_was_ever_published":false,"_jetpack_newsletter_access":"","_jetpack_dont_email_post_to_subs":false,"_jetpack_newsletter_tier_id":0,"_jetpack_memberships_contains_paywalled_content":false,"_jetpack_memberships_contains_paid_content":false,"footnotes":"","jetpack_publicize_message":"","jetpack_publicize_feature_enabled":true,"jetpack_social_post_already_shared":true,"jetpack_social_options":{"image_generator_settings":{"template":"highway","default_image_id":0,"font":"","enabled":false},"version":2},"_wpas_customize_per_network":false},"categories":[30],"tags":[],"class_list":["post-123041","post","type-post","status-publish","format-standard","has-post-thumbnail","hentry","category-municipio","generate-columns","tablet-grid-50","mobile-grid-100","grid-parent","grid-50"],"jetpack_publicize_connections":[],"jetpack_featured_media_url":"https:\/\/www.hoymercedes.com.ar\/principal\/wp-content\/uploads\/2021\/01\/81-2.jpeg","wps_subtitle":"","jetpack_sharing_enabled":true,"_links":{"self":[{"href":"https:\/\/www.hoymercedes.com.ar\/principal\/wp-json\/wp\/v2\/posts\/123041","targetHints":{"allow":["GET"]}}],"collection":[{"href":"https:\/\/www.hoymercedes.com.ar\/principal\/wp-json\/wp\/v2\/posts"}],"about":[{"href":"https:\/\/www.hoymercedes.com.ar\/principal\/wp-json\/wp\/v2\/types\/post"}],"author":[{"embeddable":true,"href":"https:\/\/www.hoymercedes.com.ar\/principal\/wp-json\/wp\/v2\/users\/1"}],"replies":[{"embeddable":true,"href":"https:\/\/www.hoymercedes.com.ar\/principal\/wp-json\/wp\/v2\/comments?post=123041"}],"version-history":[{"count":0,"href":"https:\/\/www.hoymercedes.com.ar\/principal\/wp-json\/wp\/v2\/posts\/123041\/revisions"}],"wp:featuredmedia":[{"embeddable":true,"href":"https:\/\/www.hoymercedes.com.ar\/principal\/wp-json\/wp\/v2\/media\/123042"}],"wp:attachment":[{"href":"https:\/\/www.hoymercedes.com.ar\/principal\/wp-json\/wp\/v2\/media?parent=123041"}],"wp:term":[{"taxonomy":"category","embeddable":true,"href":"https:\/\/www.hoymercedes.com.ar\/principal\/wp-json\/wp\/v2\/categories?post=123041"},{"taxonomy":"post_tag","embeddable":true,"href":"https:\/\/www.hoymercedes.com.ar\/principal\/wp-json\/wp\/v2\/tags?post=123041"}],"curies":[{"name":"wp","href":"https:\/\/api.w.org\/{rel}","templated":true}]}}