{"id":123044,"date":"2021-01-08T23:16:46","date_gmt":"2021-01-09T02:16:46","guid":{"rendered":"http:\/\/www.hoymercedes.com.ar\/principal\/?p=123044"},"modified":"2021-01-08T23:19:40","modified_gmt":"2021-01-09T02:19:40","slug":"confirman-13-nuevos-casos-positivos-en-mercedes","status":"publish","type":"post","link":"https:\/\/www.hoymercedes.com.ar\/principal\/2021\/01\/08\/confirman-13-nuevos-casos-positivos-en-mercedes\/","title":{"rendered":"Confirman 13 nuevos casos positivos en Mercedes"},"content":{"rendered":"\n<p>La informaci\u00f3n epidemiol\u00f3gica en Mercedes confirma 13 nuevos casos de covid-19, con el alta de 15 pacientes. Estas cifras oficiales establecen que hay 281 pacientes transitando la enfermedad. Asimismo, las autoridades municipales y sanitarias reiteran la vegencia de las medidas restrictivas hasta el 10 de enero, a la espera de confirmar la decisi\u00f3n para los d\u00edas siguientes. <\/p>\n\n\n\n<div class=\"wp-block-image\"><figure class=\"aligncenter size-large\"><img loading=\"lazy\" decoding=\"async\" width=\"800\" height=\"800\" data-attachment-id=\"123045\" data-permalink=\"https:\/\/www.hoymercedes.com.ar\/principal\/2021\/01\/08\/confirman-13-nuevos-casos-positivos-en-mercedes\/whatsapp-image-2021-01-08-at-21-35-50\/#main\" data-orig-file=\"https:\/\/www.hoymercedes.com.ar\/principal\/wp-content\/uploads\/2021\/01\/WhatsApp-Image-2021-01-08-at-21.35.50.jpeg\" data-orig-size=\"800,800\" data-comments-opened=\"0\" data-image-meta=\"{&quot;aperture&quot;:&quot;0&quot;,&quot;credit&quot;:&quot;&quot;,&quot;camera&quot;:&quot;&quot;,&quot;caption&quot;:&quot;&quot;,&quot;created_timestamp&quot;:&quot;0&quot;,&quot;copyright&quot;:&quot;&quot;,&quot;focal_length&quot;:&quot;0&quot;,&quot;iso&quot;:&quot;0&quot;,&quot;shutter_speed&quot;:&quot;0&quot;,&quot;title&quot;:&quot;&quot;,&quot;orientation&quot;:&quot;0&quot;}\" data-image-title=\"WhatsApp Image 2021-01-08 at 21.35.50\" data-image-description=\"\" data-image-caption=\"\" data-large-file=\"https:\/\/www.hoymercedes.com.ar\/principal\/wp-content\/uploads\/2021\/01\/WhatsApp-Image-2021-01-08-at-21.35.50.jpeg\" src=\"https:\/\/www.hoymercedes.com.ar\/principal\/wp-content\/uploads\/2021\/01\/WhatsApp-Image-2021-01-08-at-21.35.50.jpeg\" alt=\"\" class=\"wp-image-123045\" srcset=\"https:\/\/www.hoymercedes.com.ar\/principal\/wp-content\/uploads\/2021\/01\/WhatsApp-Image-2021-01-08-at-21.35.50.jpeg 800w, https:\/\/www.hoymercedes.com.ar\/principal\/wp-content\/uploads\/2021\/01\/WhatsApp-Image-2021-01-08-at-21.35.50-620x620.jpeg 620w, https:\/\/www.hoymercedes.com.ar\/principal\/wp-content\/uploads\/2021\/01\/WhatsApp-Image-2021-01-08-at-21.35.50-150x150.jpeg 150w\" sizes=\"auto, (max-width: 800px) 100vw, 800px\" \/><\/figure><\/div>\n\n\n\n<p>Asimismo, dan cuenta de una Comunicaci\u00f3n Oficial que declara las medidas vigentes hasta el 10 de enero. <\/p>\n\n\n\n<p><strong>[COMUNICACI\u00d3N OFICIAL]<\/strong><\/p>\n\n\n\n<p>Informamos a la comunidad que hasta el pr\u00f3ximo 10 de enero de 2021 en Mercedes no hay cambios respecto a las aperturas, cierres, horarios y disposiciones de cuidados socio sanitarios.<br>Se mantienen vigentes las decisiones adoptadas en el marco de la \u00faltima reuni\u00f3n del Comit\u00e9 de Crisis.<br>Las medidas vigentes hasta la fecha mencionada, recordamos, son las siguientes:<\/p>\n\n\n\n<ul class=\"wp-block-list\"><li>Reducir el horario de cierre de bares, confiter\u00edas, espacios gastron\u00f3micos y culturales a las 01.00am.<\/li><li>Los salones de \u201ceventos\u201d no podr\u00e1n tomar nuevos pedidos hasta el 10.01.2021.<\/li><li>Suspensi\u00f3n de shows musicales y culturales en espacios cerrados y al aire libre, p\u00fablicos y privados.<\/li><li>Suspensi\u00f3n de actos e intervenciones municipales con asistencia de vecinos\/as.<\/li><li>Suspensi\u00f3n de actividades organizadas al aire libre con concurrencia masiva de personas.<\/li><li>Suspensi\u00f3n del f\u00fatbol infantil.<\/li><li>Se posterga el inicio del torneo de verano de Liga Mercedina.<\/li><li>Aislamiento a los viajeros que hayan ido al exterior.<\/li><\/ul>\n\n\n\n<p>Mientras tanto, sigamos manteniendo firmes las medidas de control, prevenci\u00f3n e higienizaci\u00f3n para evitar contagiarnos y propagar el covid-19. <br>M\u00e1s que nunca, cuidarte es cuidarnos.<\/p>\n","protected":false},"excerpt":{"rendered":"<p>La informaci\u00f3n epidemiol\u00f3gica en Mercedes confirma 13 nuevos casos de covid-19, con el alta de 15 pacientes. Estas cifras oficiales &#8230; <a title=\"Confirman 13 nuevos casos positivos en Mercedes\" class=\"read-more\" href=\"https:\/\/www.hoymercedes.com.ar\/principal\/2021\/01\/08\/confirman-13-nuevos-casos-positivos-en-mercedes\/\" aria-label=\"Leer m\u00e1s sobre Confirman 13 nuevos casos positivos en Mercedes\">Leer m\u00e1s<\/a><\/p>\n","protected":false},"author":1,"featured_media":123045,"comment_status":"closed","ping_status":"open","sticky":false,"template":"","format":"standard","meta":{"_monsterinsights_skip_tracking":false,"_monsterinsights_sitenote_active":false,"_monsterinsights_sitenote_note":"","_monsterinsights_sitenote_category":0,"jetpack_post_was_ever_published":false,"_jetpack_newsletter_access":"","_jetpack_dont_email_post_to_subs":false,"_jetpack_newsletter_tier_id":0,"_jetpack_memberships_contains_paywalled_content":false,"_jetpack_memberships_contains_paid_content":false,"footnotes":"","jetpack_publicize_message":"","jetpack_publicize_feature_enabled":true,"jetpack_social_post_already_shared":true,"jetpack_social_options":{"image_generator_settings":{"template":"highway","default_image_id":0,"font":"","enabled":false},"version":2},"_wpas_customize_per_network":false},"categories":[9791],"tags":[],"class_list":["post-123044","post","type-post","status-publish","format-standard","has-post-thumbnail","hentry","category-salud","generate-columns","tablet-grid-50","mobile-grid-100","grid-parent","grid-50"],"jetpack_publicize_connections":[],"jetpack_featured_media_url":"https:\/\/www.hoymercedes.com.ar\/principal\/wp-content\/uploads\/2021\/01\/WhatsApp-Image-2021-01-08-at-21.35.50.jpeg","wps_subtitle":"","jetpack_sharing_enabled":true,"_links":{"self":[{"href":"https:\/\/www.hoymercedes.com.ar\/principal\/wp-json\/wp\/v2\/posts\/123044","targetHints":{"allow":["GET"]}}],"collection":[{"href":"https:\/\/www.hoymercedes.com.ar\/principal\/wp-json\/wp\/v2\/posts"}],"about":[{"href":"https:\/\/www.hoymercedes.com.ar\/principal\/wp-json\/wp\/v2\/types\/post"}],"author":[{"embeddable":true,"href":"https:\/\/www.hoymercedes.com.ar\/principal\/wp-json\/wp\/v2\/users\/1"}],"replies":[{"embeddable":true,"href":"https:\/\/www.hoymercedes.com.ar\/principal\/wp-json\/wp\/v2\/comments?post=123044"}],"version-history":[{"count":0,"href":"https:\/\/www.hoymercedes.com.ar\/principal\/wp-json\/wp\/v2\/posts\/123044\/revisions"}],"wp:featuredmedia":[{"embeddable":true,"href":"https:\/\/www.hoymercedes.com.ar\/principal\/wp-json\/wp\/v2\/media\/123045"}],"wp:attachment":[{"href":"https:\/\/www.hoymercedes.com.ar\/principal\/wp-json\/wp\/v2\/media?parent=123044"}],"wp:term":[{"taxonomy":"category","embeddable":true,"href":"https:\/\/www.hoymercedes.com.ar\/principal\/wp-json\/wp\/v2\/categories?post=123044"},{"taxonomy":"post_tag","embeddable":true,"href":"https:\/\/www.hoymercedes.com.ar\/principal\/wp-json\/wp\/v2\/tags?post=123044"}],"curies":[{"name":"wp","href":"https:\/\/api.w.org\/{rel}","templated":true}]}}