{"id":123053,"date":"2021-01-09T12:10:38","date_gmt":"2021-01-09T15:10:38","guid":{"rendered":"http:\/\/www.hoymercedes.com.ar\/principal\/?p=123053"},"modified":"2021-01-09T14:23:01","modified_gmt":"2021-01-09T17:23:01","slug":"lujan-preocupa-el-aumento-de-casos-positivos","status":"publish","type":"post","link":"https:\/\/www.hoymercedes.com.ar\/principal\/2021\/01\/09\/lujan-preocupa-el-aumento-de-casos-positivos\/","title":{"rendered":"Luj\u00e1n: preocupa el aumento de casos positivos"},"content":{"rendered":"\n<p>En su informe oficial N\u00b0 298, emitido este s\u00e1bado a las 7, la Secretar\u00eda de Salud confirm\u00f3 que en las \u00faltimas horas\u00a0se produjo el fallecimiento de dos lujanenses con coronavirus: una mujer de 84 a\u00f1os y un hombre de 62. Por su parte, este viernes en el Partido de Luj\u00e1n se confirmaron 45 nuevos casos positivos de coronavirus. El \u00faltimo registro tan alto se hab\u00eda dado el 9 de noviembre con 40 nuevos contagios.<\/p>\n\n\n\n<p>Sobre los fallecimiento de dos lujanenses con coronavirus explicaron que \u00abuno de ellos se trata de una mujer de 84 a\u00f1os, que se hab\u00eda configurado como caso positivo el pasado 4 de enero. La misma padec\u00eda antecedentes de insuficiencia renal y card\u00edaca. Por su estado cr\u00edtico, se encontraba internada en un efector de salud privado del partido de Luj\u00e1n, hasta el pasado jueves 7, cuando falleci\u00f3\u201d, se\u00f1alaron.<\/p>\n\n\n\n<p>Y agregaron que \u201cel otro es un hombre de 62 a\u00f1os, que se hab\u00eda configurado como caso positivo el 29 de diciembre. El mismo padec\u00eda antecedentes de hipertensi\u00f3n, obesidad y diabetes y se encontraba internado en el Hospital Municipal de Luj\u00e1n hasta su fallecimiento este viernes\u201d.<\/p>\n\n\n\n<p>Asimismo, informaron que se dieron de alta 208 casos positivos de Covid-19. En tanto, se descartaron 72 casos en estudio y se configuraron 81 nuevos sospechosos de coronavirus.<\/p>\n\n\n\n<p>Hasta el momento, el Partido de Luj\u00e1n registra 4.849 casos positivos (de los cuales 133 fallecieron, 3.730 fueron dados de alta y 986 se encuentran en tratamiento) y 8.986 casos descartados.<\/p>\n","protected":false},"excerpt":{"rendered":"<p>En su informe oficial N\u00b0 298, emitido este s\u00e1bado a las 7, la Secretar\u00eda de Salud confirm\u00f3 que en las &#8230; <a title=\"Luj\u00e1n: preocupa el aumento de casos positivos\" class=\"read-more\" href=\"https:\/\/www.hoymercedes.com.ar\/principal\/2021\/01\/09\/lujan-preocupa-el-aumento-de-casos-positivos\/\" aria-label=\"Leer m\u00e1s sobre Luj\u00e1n: preocupa el aumento de casos positivos\">Leer m\u00e1s<\/a><\/p>\n","protected":false},"author":1,"featured_media":111592,"comment_status":"closed","ping_status":"open","sticky":false,"template":"","format":"standard","meta":{"_monsterinsights_skip_tracking":false,"_monsterinsights_sitenote_active":false,"_monsterinsights_sitenote_note":"","_monsterinsights_sitenote_category":0,"jetpack_post_was_ever_published":false,"_jetpack_newsletter_access":"","_jetpack_dont_email_post_to_subs":false,"_jetpack_newsletter_tier_id":0,"_jetpack_memberships_contains_paywalled_content":false,"_jetpack_memberships_contains_paid_content":false,"footnotes":"","jetpack_publicize_message":"","jetpack_publicize_feature_enabled":true,"jetpack_social_post_already_shared":true,"jetpack_social_options":{"image_generator_settings":{"template":"highway","default_image_id":0,"font":"","enabled":false},"version":2},"_wpas_customize_per_network":false},"categories":[9791],"tags":[16175,16313,86,9322],"class_list":["post-123053","post","type-post","status-publish","format-standard","has-post-thumbnail","hentry","category-salud","tag-coronavirus","tag-covid-19","tag-lujan","tag-region","generate-columns","tablet-grid-50","mobile-grid-100","grid-parent","grid-50"],"jetpack_publicize_connections":[],"jetpack_featured_media_url":"https:\/\/www.hoymercedes.com.ar\/principal\/wp-content\/uploads\/2020\/06\/03-coronavirus_analisis_muestras.jpg","wps_subtitle":"Coronavirus en la regi\u00f3n","jetpack_sharing_enabled":true,"_links":{"self":[{"href":"https:\/\/www.hoymercedes.com.ar\/principal\/wp-json\/wp\/v2\/posts\/123053","targetHints":{"allow":["GET"]}}],"collection":[{"href":"https:\/\/www.hoymercedes.com.ar\/principal\/wp-json\/wp\/v2\/posts"}],"about":[{"href":"https:\/\/www.hoymercedes.com.ar\/principal\/wp-json\/wp\/v2\/types\/post"}],"author":[{"embeddable":true,"href":"https:\/\/www.hoymercedes.com.ar\/principal\/wp-json\/wp\/v2\/users\/1"}],"replies":[{"embeddable":true,"href":"https:\/\/www.hoymercedes.com.ar\/principal\/wp-json\/wp\/v2\/comments?post=123053"}],"version-history":[{"count":0,"href":"https:\/\/www.hoymercedes.com.ar\/principal\/wp-json\/wp\/v2\/posts\/123053\/revisions"}],"wp:featuredmedia":[{"embeddable":true,"href":"https:\/\/www.hoymercedes.com.ar\/principal\/wp-json\/wp\/v2\/media\/111592"}],"wp:attachment":[{"href":"https:\/\/www.hoymercedes.com.ar\/principal\/wp-json\/wp\/v2\/media?parent=123053"}],"wp:term":[{"taxonomy":"category","embeddable":true,"href":"https:\/\/www.hoymercedes.com.ar\/principal\/wp-json\/wp\/v2\/categories?post=123053"},{"taxonomy":"post_tag","embeddable":true,"href":"https:\/\/www.hoymercedes.com.ar\/principal\/wp-json\/wp\/v2\/tags?post=123053"}],"curies":[{"name":"wp","href":"https:\/\/api.w.org\/{rel}","templated":true}]}}