{"id":123099,"date":"2021-01-10T21:14:22","date_gmt":"2021-01-11T00:14:22","guid":{"rendered":"http:\/\/www.hoymercedes.com.ar\/principal\/?p=123099"},"modified":"2021-01-10T21:19:08","modified_gmt":"2021-01-11T00:19:08","slug":"coronavirus-nacion-confirma-7-808-nuevos-contagios-y-78-muertes","status":"publish","type":"post","link":"https:\/\/www.hoymercedes.com.ar\/principal\/2021\/01\/10\/coronavirus-nacion-confirma-7-808-nuevos-contagios-y-78-muertes\/","title":{"rendered":"Coronavirus: Naci\u00f3n confirma 7.808 nuevos contagios y 78 muertes"},"content":{"rendered":"\n<p>El Ministerio de Salud de la Naci\u00f3n inform\u00f3 este domingo 10 de enero que, durante las \u00faltimas 24 horas, se registraron 78 muertes y 7.808 nuevos contagios de coronavirus. De tal manera, el total de infectados se elev\u00f3 a 1.722.217 mientras que las v\u00edctimas fatales suman 44.495.<\/p>\n\n\n\n<p>De acuerdo con el parte epidemiol\u00f3gico, de los decesos contabilizados en el d\u00eda de la fecha 43 son hombres (23 residentes de la provincia de Buenos Aires, 1 de la Ciudad de Buenos Aires, 1 de Chaco, 2 de Chubut, 2 de Entre R\u00edos, 2 de La Pampa, 3 de R\u00edo Negro, 4 de Santa Cruz, 4 de Santa Fe y 1 de Santiago del Estero) y 34 mujeres (26 residentes de la provincia de Buenos Aires, 2 de la Ciudad de Buenos Aires, 1 de Chaco, 1 de Chubut, 1 de Entre R\u00edos, 1 de La Pampa, 1 de R\u00edo Negro y 1 de Tucum\u00e1n).<\/p>\n\n\n\n<p>De los 7.808 casos registrados en el d\u00eda de la fecha, 3.295 son de la provincia de Buenos Aires, 1.247 de la ciudad de Buenos Aires, 51 de Catamarca, 191 de Chaco, 194 de Chubut, 119 de Corrientes, 466 de C\u00f3rdoba, 350 de Entre R\u00edos, 32 de Formosa, 20 de Jujuy, 102 de La Pampa, 15 de La Rioja, 76 de Mendoza, 110 de Misiones, 229 de Neuqu\u00e9n, 201 de R\u00edo Negro, 21 de Salta, 23 de San Juan, 8 de San Luis, 255 de Santa Cruz, 548 de Santa Fe, 65 de Santiago del Estero, 74 de Tierra del Fuego y 116 de Tucum\u00e1n.<\/p>\n","protected":false},"excerpt":{"rendered":"<p>El Ministerio de Salud de la Naci\u00f3n inform\u00f3 este domingo 10 de enero que, durante las \u00faltimas 24 horas, se &#8230; <a title=\"Coronavirus: Naci\u00f3n confirma 7.808 nuevos contagios y 78 muertes\" class=\"read-more\" href=\"https:\/\/www.hoymercedes.com.ar\/principal\/2021\/01\/10\/coronavirus-nacion-confirma-7-808-nuevos-contagios-y-78-muertes\/\" aria-label=\"Leer m\u00e1s sobre Coronavirus: Naci\u00f3n confirma 7.808 nuevos contagios y 78 muertes\">Leer m\u00e1s<\/a><\/p>\n","protected":false},"author":1,"featured_media":111592,"comment_status":"closed","ping_status":"open","sticky":false,"template":"","format":"standard","meta":{"_monsterinsights_skip_tracking":false,"_monsterinsights_sitenote_active":false,"_monsterinsights_sitenote_note":"","_monsterinsights_sitenote_category":0,"jetpack_post_was_ever_published":false,"_jetpack_newsletter_access":"","_jetpack_dont_email_post_to_subs":false,"_jetpack_newsletter_tier_id":0,"_jetpack_memberships_contains_paywalled_content":false,"_jetpack_memberships_contains_paid_content":false,"footnotes":"","jetpack_publicize_message":"","jetpack_publicize_feature_enabled":true,"jetpack_social_post_already_shared":true,"jetpack_social_options":{"image_generator_settings":{"template":"highway","default_image_id":0,"font":"","enabled":false},"version":2},"_wpas_customize_per_network":false},"categories":[9791],"tags":[8208,17450,16175,16313],"class_list":["post-123099","post","type-post","status-publish","format-standard","has-post-thumbnail","hentry","category-salud","tag-argentina","tag-casos-positivo","tag-coronavirus","tag-covid-19","generate-columns","tablet-grid-50","mobile-grid-100","grid-parent","grid-50"],"jetpack_publicize_connections":[],"jetpack_featured_media_url":"https:\/\/www.hoymercedes.com.ar\/principal\/wp-content\/uploads\/2020\/06\/03-coronavirus_analisis_muestras.jpg","wps_subtitle":"Covid en el pa\u00eds","jetpack_sharing_enabled":true,"_links":{"self":[{"href":"https:\/\/www.hoymercedes.com.ar\/principal\/wp-json\/wp\/v2\/posts\/123099","targetHints":{"allow":["GET"]}}],"collection":[{"href":"https:\/\/www.hoymercedes.com.ar\/principal\/wp-json\/wp\/v2\/posts"}],"about":[{"href":"https:\/\/www.hoymercedes.com.ar\/principal\/wp-json\/wp\/v2\/types\/post"}],"author":[{"embeddable":true,"href":"https:\/\/www.hoymercedes.com.ar\/principal\/wp-json\/wp\/v2\/users\/1"}],"replies":[{"embeddable":true,"href":"https:\/\/www.hoymercedes.com.ar\/principal\/wp-json\/wp\/v2\/comments?post=123099"}],"version-history":[{"count":0,"href":"https:\/\/www.hoymercedes.com.ar\/principal\/wp-json\/wp\/v2\/posts\/123099\/revisions"}],"wp:featuredmedia":[{"embeddable":true,"href":"https:\/\/www.hoymercedes.com.ar\/principal\/wp-json\/wp\/v2\/media\/111592"}],"wp:attachment":[{"href":"https:\/\/www.hoymercedes.com.ar\/principal\/wp-json\/wp\/v2\/media?parent=123099"}],"wp:term":[{"taxonomy":"category","embeddable":true,"href":"https:\/\/www.hoymercedes.com.ar\/principal\/wp-json\/wp\/v2\/categories?post=123099"},{"taxonomy":"post_tag","embeddable":true,"href":"https:\/\/www.hoymercedes.com.ar\/principal\/wp-json\/wp\/v2\/tags?post=123099"}],"curies":[{"name":"wp","href":"https:\/\/api.w.org\/{rel}","templated":true}]}}