{"id":123162,"date":"2021-01-12T06:11:00","date_gmt":"2021-01-12T09:11:00","guid":{"rendered":"http:\/\/www.hoymercedes.com.ar\/principal\/?p=123162"},"modified":"2021-01-12T11:22:29","modified_gmt":"2021-01-12T14:22:29","slug":"ate-bonaerense-acepto-la-propuesta-salarial-para-diciembre-2020","status":"publish","type":"post","link":"https:\/\/www.hoymercedes.com.ar\/principal\/2021\/01\/12\/ate-bonaerense-acepto-la-propuesta-salarial-para-diciembre-2020\/","title":{"rendered":"ATE Bonaerense acept\u00f3 la propuesta salarial de diciembre 2020"},"content":{"rendered":"\n<p>ATE Bonaerense, luego de la reuni\u00f3n del Consejo Directivo Provincial, aprob\u00f3 la propuesta salarial para diciembre 2020. Desde el gremio explicaron que la nueva propuesta incluye aumento al salario b\u00e1sico, eliminaci\u00f3n paulatina del presentismo, el compromiso de discutir convenio colectivo y carrera administrativa a partir de marzo. <\/p>\n\n\n\n<div class=\"wp-block-image\"><figure class=\"aligncenter size-large\"><img loading=\"lazy\" decoding=\"async\" width=\"880\" height=\"493\" data-attachment-id=\"123163\" data-permalink=\"https:\/\/www.hoymercedes.com.ar\/principal\/2021\/01\/12\/ate-bonaerense-acepto-la-propuesta-salarial-para-diciembre-2020\/11-ate-bonaerense\/#main\" data-orig-file=\"https:\/\/www.hoymercedes.com.ar\/principal\/wp-content\/uploads\/2021\/01\/11-ATE-bonaerense.jpeg\" data-orig-size=\"880,493\" data-comments-opened=\"0\" data-image-meta=\"{&quot;aperture&quot;:&quot;0&quot;,&quot;credit&quot;:&quot;&quot;,&quot;camera&quot;:&quot;&quot;,&quot;caption&quot;:&quot;&quot;,&quot;created_timestamp&quot;:&quot;0&quot;,&quot;copyright&quot;:&quot;&quot;,&quot;focal_length&quot;:&quot;0&quot;,&quot;iso&quot;:&quot;0&quot;,&quot;shutter_speed&quot;:&quot;0&quot;,&quot;title&quot;:&quot;&quot;,&quot;orientation&quot;:&quot;0&quot;}\" data-image-title=\"11 ATE bonaerense\" data-image-description=\"\" data-image-caption=\"\" data-large-file=\"https:\/\/www.hoymercedes.com.ar\/principal\/wp-content\/uploads\/2021\/01\/11-ATE-bonaerense.jpeg\" src=\"https:\/\/www.hoymercedes.com.ar\/principal\/wp-content\/uploads\/2021\/01\/11-ATE-bonaerense.jpeg\" alt=\"\" class=\"wp-image-123163\" srcset=\"https:\/\/www.hoymercedes.com.ar\/principal\/wp-content\/uploads\/2021\/01\/11-ATE-bonaerense.jpeg 880w, https:\/\/www.hoymercedes.com.ar\/principal\/wp-content\/uploads\/2021\/01\/11-ATE-bonaerense-630x353.jpeg 630w, https:\/\/www.hoymercedes.com.ar\/principal\/wp-content\/uploads\/2021\/01\/11-ATE-bonaerense-150x84.jpeg 150w\" sizes=\"auto, (max-width: 880px) 100vw, 880px\" \/><\/figure><\/div>\n\n\n\n<p>ATE Bonaerense inform\u00f3 que \u00abla totalidad de los gremios que enrolan a los y las trabajadoras de la Ley 10.430 aceptaron por unanimidad la nueva propuesta salarial ofrecida desde la provincia. En la propuesta se logr\u00f3\u00a0un aumento\u00a0al sueldo b\u00e1sico significa en promedio para el mes de diciembre de un 12.7%. Asimismo, para aquellos salarios que no alcancen los $35.000 (con descuentos del IOMA e IPS), se otorgar\u00e1n\u00a0dos bonos de $2000\u00a0en los meses de diciembre y enero\u00bb.<\/p>\n\n\n\n<p>\u00abEn cuanto al aumento de bolsillo para los sectores m\u00e1s postergados de la Ley 10.430, se contin\u00faa con la\u00a0tendencia a la recuperaci\u00f3n de salarios. Sectores como Enfermer\u00eda, Hospitalarios, Auxiliares de la Educaci\u00f3n y Ni\u00f1ez y Adolescencia est\u00e1n muy por encima de la proyecci\u00f3n inflacionaria tanto mensual como anual. Enfermer\u00eda (aumento promedio diciembre 6.0% &#8211; acumulado promedio anual 44.6%); Hospitalario (aumento promedio diciembre 5.54% &#8211; acumulado promedio anual 44.2%); Auxiliares de la Educaci\u00f3n (aumento promedio diciembre 4.1% &#8211; acumulado promedio anual 40.1%); Ni\u00f1ez y Adolescencia (aumento promedio diciembre 7.1% &#8211; acumulado promedio anual 37.1%). Por otra parte, la discusi\u00f3n para la pauta salarial 2021 se retomar\u00e1 en febrero\u00bb, informaron desde ATE.<\/p>\n\n\n\n<p>\u00abAdem\u00e1s\u00a0se incorporan como licencias que no ser\u00e1n consideradas inasistencias a los efectos del pago. Estas son: Licencia Donaci\u00f3n de sangre, Licencia por enfermedad, Licencia por atenci\u00f3n de familiar enfermo; Licencia por pre-examen, examen o integrar mesa examinadora y Descanso Extraordinario Personal de Salud Resoluci\u00f3n Conjunta del Ministerio de Salud y Ministerio de Jefatura de Gabinete de Ministros N\u00b0155\/20\u00bb.<\/p>\n\n\n\n<p>En marzo volver\u00edan las reuniones para discutir un nuevo convenio colectivo de trabajo y una nueva carrera administrativa para los estatales bonaerenses.<\/p>\n","protected":false},"excerpt":{"rendered":"<p>ATE Bonaerense, luego de la reuni\u00f3n del Consejo Directivo Provincial, aprob\u00f3 la propuesta salarial para diciembre 2020. Desde el gremio &#8230; <a title=\"ATE Bonaerense acept\u00f3 la propuesta salarial de diciembre 2020\" class=\"read-more\" href=\"https:\/\/www.hoymercedes.com.ar\/principal\/2021\/01\/12\/ate-bonaerense-acepto-la-propuesta-salarial-para-diciembre-2020\/\" aria-label=\"Leer m\u00e1s sobre ATE Bonaerense acept\u00f3 la propuesta salarial de diciembre 2020\">Leer m\u00e1s<\/a><\/p>\n","protected":false},"author":1,"featured_media":123163,"comment_status":"closed","ping_status":"open","sticky":false,"template":"","format":"standard","meta":{"_monsterinsights_skip_tracking":false,"_monsterinsights_sitenote_active":false,"_monsterinsights_sitenote_note":"","_monsterinsights_sitenote_category":0,"jetpack_post_was_ever_published":false,"_jetpack_newsletter_access":"","_jetpack_dont_email_post_to_subs":false,"_jetpack_newsletter_tier_id":0,"_jetpack_memberships_contains_paywalled_content":false,"_jetpack_memberships_contains_paid_content":false,"footnotes":"","jetpack_publicize_message":"","jetpack_publicize_feature_enabled":true,"jetpack_social_post_already_shared":true,"jetpack_social_options":{"image_generator_settings":{"template":"highway","default_image_id":0,"font":"","enabled":false},"version":2},"_wpas_customize_per_network":false},"categories":[10563],"tags":[17170,418,11411,8799,1803],"class_list":["post-123162","post","type-post","status-publish","format-standard","has-post-thumbnail","hentry","category-gremios-sindicatos","tag-acuerdo-salarial","tag-ate","tag-estatales","tag-gremios","tag-provincia","generate-columns","tablet-grid-50","mobile-grid-100","grid-parent","grid-50"],"jetpack_publicize_connections":[],"jetpack_featured_media_url":"https:\/\/www.hoymercedes.com.ar\/principal\/wp-content\/uploads\/2021\/01\/11-ATE-bonaerense.jpeg","wps_subtitle":"Acuerdo con provincia","jetpack_sharing_enabled":true,"_links":{"self":[{"href":"https:\/\/www.hoymercedes.com.ar\/principal\/wp-json\/wp\/v2\/posts\/123162","targetHints":{"allow":["GET"]}}],"collection":[{"href":"https:\/\/www.hoymercedes.com.ar\/principal\/wp-json\/wp\/v2\/posts"}],"about":[{"href":"https:\/\/www.hoymercedes.com.ar\/principal\/wp-json\/wp\/v2\/types\/post"}],"author":[{"embeddable":true,"href":"https:\/\/www.hoymercedes.com.ar\/principal\/wp-json\/wp\/v2\/users\/1"}],"replies":[{"embeddable":true,"href":"https:\/\/www.hoymercedes.com.ar\/principal\/wp-json\/wp\/v2\/comments?post=123162"}],"version-history":[{"count":0,"href":"https:\/\/www.hoymercedes.com.ar\/principal\/wp-json\/wp\/v2\/posts\/123162\/revisions"}],"wp:featuredmedia":[{"embeddable":true,"href":"https:\/\/www.hoymercedes.com.ar\/principal\/wp-json\/wp\/v2\/media\/123163"}],"wp:attachment":[{"href":"https:\/\/www.hoymercedes.com.ar\/principal\/wp-json\/wp\/v2\/media?parent=123162"}],"wp:term":[{"taxonomy":"category","embeddable":true,"href":"https:\/\/www.hoymercedes.com.ar\/principal\/wp-json\/wp\/v2\/categories?post=123162"},{"taxonomy":"post_tag","embeddable":true,"href":"https:\/\/www.hoymercedes.com.ar\/principal\/wp-json\/wp\/v2\/tags?post=123162"}],"curies":[{"name":"wp","href":"https:\/\/api.w.org\/{rel}","templated":true}]}}