{"id":123200,"date":"2021-01-13T09:21:05","date_gmt":"2021-01-13T12:21:05","guid":{"rendered":"http:\/\/www.hoymercedes.com.ar\/principal\/?p=123200"},"modified":"2021-01-13T10:08:00","modified_gmt":"2021-01-13T13:08:00","slug":"pro-jxc-mercedes-afirma-no-hay-plan","status":"publish","type":"post","link":"https:\/\/www.hoymercedes.com.ar\/principal\/2021\/01\/13\/pro-jxc-mercedes-afirma-no-hay-plan\/","title":{"rendered":"PRO &#8211; JxC Mercedes afirma: \u00abNo hay plan\u00bb"},"content":{"rendered":"\n<p>A trav\u00e9s de una comunicaci\u00f3n enviada a los medios de prensa, desde Juntos por el Cambio de Mercedes plantean sus dudas sobre las estrategias para llevar adelante la pandemia por covid-19 en la ciudad. Bajo el t\u00edtulo: \u00abNo hay Plan\u00bb, presentan varias preguntas sobre la situaci\u00f3n actual. <\/p>\n\n\n\n<p>La comunicaci\u00f3n expresa:  <br>\u00abNO HAY PLAN<br>Desde Juntos por el Cambio nos preguntamos: donde est\u00e1 el plan para llevar adelante la pandemia con los mejores resultados posibles? <br>Dudas en el plan de vacunaci\u00f3n (1 o 2 dosis?), dudas en las medidas a tomar en pandemia (fase1, 2, 3?), medidas poco claras en econom\u00eda (que estilo de pa\u00eds queremos?), en educaci\u00f3n (comienzan las clases?), en seguridad (cada d\u00eda m\u00e1s hechos de inseguridad) \u2026 <br>Qu\u00e9 pas\u00f3 con el plan de gobierno?<br>Estamos sufriendo las consecuencias de organizar velorios, participar de marchas y habilitar bailes de fin de a\u00f1o sin control ni planificaci\u00f3n que nos llevaron a una situaci\u00f3n l\u00edmite al sistema de salud de nuestra ciudad de Mercedes.<br>Que pas\u00f3 que no pudimos controlar estos eventos autorizados por las autoridades locales?<br>Con mucho entusiasmo dieron la noticia de la llegada de la vacuna rusa Sputnik V que necesita de 2 dosis para ser efectiva, luego se evalu\u00f3 dar una sola dosis para que llegue a m\u00e1s personas.<br>Hoy, la vice de salud, Vizzoti, se desdice, asegurando que se aplicar\u00e1n las 2 dosis. <br>Que pas\u00f3 que no pueden planificar la vacunaci\u00f3n de los Argentinos aunque m\u00e1s no sea copiando a pa\u00edses que ya lo est\u00e1n haciendo?<br>Desde el PRO, JXC seguimos insistiendo en que respetemos el distanciamiento social, el uso de barbijo y alcohol en gel. Le pedimos a la gente que siga cumpliendo con todos los protocolos, solo as\u00ed nos cuidamos entre todos.<br>Adem\u00e1s, nos seguimos preguntando\u2026donde est\u00e1 el plan?\u00bb<\/p>\n","protected":false},"excerpt":{"rendered":"<p>A trav\u00e9s de una comunicaci\u00f3n enviada a los medios de prensa, desde Juntos por el Cambio de Mercedes plantean sus &#8230; <a title=\"PRO &#8211; JxC Mercedes afirma: \u00abNo hay plan\u00bb\" class=\"read-more\" href=\"https:\/\/www.hoymercedes.com.ar\/principal\/2021\/01\/13\/pro-jxc-mercedes-afirma-no-hay-plan\/\" aria-label=\"Leer m\u00e1s sobre PRO &#8211; JxC Mercedes afirma: \u00abNo hay plan\u00bb\">Leer m\u00e1s<\/a><\/p>\n","protected":false},"author":1,"featured_media":123208,"comment_status":"closed","ping_status":"open","sticky":false,"template":"","format":"standard","meta":{"_monsterinsights_skip_tracking":false,"_monsterinsights_sitenote_active":false,"_monsterinsights_sitenote_note":"","_monsterinsights_sitenote_category":0,"jetpack_post_was_ever_published":false,"_jetpack_newsletter_access":"","_jetpack_dont_email_post_to_subs":false,"_jetpack_newsletter_tier_id":0,"_jetpack_memberships_contains_paywalled_content":false,"_jetpack_memberships_contains_paid_content":false,"footnotes":"","jetpack_publicize_message":"","jetpack_publicize_feature_enabled":true,"jetpack_social_post_already_shared":true,"jetpack_social_options":{"image_generator_settings":{"template":"highway","default_image_id":0,"font":"","enabled":false},"version":2},"_wpas_customize_per_network":false},"categories":[5],"tags":[15365,5319,2185],"class_list":["post-123200","post","type-post","status-publish","format-standard","has-post-thumbnail","hentry","category-politica","tag-juntos-por-el-cambio","tag-politica-2","tag-pro-mercedes","generate-columns","tablet-grid-50","mobile-grid-100","grid-parent","grid-50"],"jetpack_publicize_connections":[],"jetpack_featured_media_url":"https:\/\/www.hoymercedes.com.ar\/principal\/wp-content\/uploads\/2021\/01\/ProMercedes.png","wps_subtitle":"Postura pol\u00edtica","jetpack_sharing_enabled":true,"_links":{"self":[{"href":"https:\/\/www.hoymercedes.com.ar\/principal\/wp-json\/wp\/v2\/posts\/123200","targetHints":{"allow":["GET"]}}],"collection":[{"href":"https:\/\/www.hoymercedes.com.ar\/principal\/wp-json\/wp\/v2\/posts"}],"about":[{"href":"https:\/\/www.hoymercedes.com.ar\/principal\/wp-json\/wp\/v2\/types\/post"}],"author":[{"embeddable":true,"href":"https:\/\/www.hoymercedes.com.ar\/principal\/wp-json\/wp\/v2\/users\/1"}],"replies":[{"embeddable":true,"href":"https:\/\/www.hoymercedes.com.ar\/principal\/wp-json\/wp\/v2\/comments?post=123200"}],"version-history":[{"count":0,"href":"https:\/\/www.hoymercedes.com.ar\/principal\/wp-json\/wp\/v2\/posts\/123200\/revisions"}],"wp:featuredmedia":[{"embeddable":true,"href":"https:\/\/www.hoymercedes.com.ar\/principal\/wp-json\/wp\/v2\/media\/123208"}],"wp:attachment":[{"href":"https:\/\/www.hoymercedes.com.ar\/principal\/wp-json\/wp\/v2\/media?parent=123200"}],"wp:term":[{"taxonomy":"category","embeddable":true,"href":"https:\/\/www.hoymercedes.com.ar\/principal\/wp-json\/wp\/v2\/categories?post=123200"},{"taxonomy":"post_tag","embeddable":true,"href":"https:\/\/www.hoymercedes.com.ar\/principal\/wp-json\/wp\/v2\/tags?post=123200"}],"curies":[{"name":"wp","href":"https:\/\/api.w.org\/{rel}","templated":true}]}}