{"id":123248,"date":"2021-01-14T00:29:39","date_gmt":"2021-01-14T03:29:39","guid":{"rendered":"http:\/\/www.hoymercedes.com.ar\/principal\/?p=123248"},"modified":"2021-01-14T22:07:45","modified_gmt":"2021-01-15T01:07:45","slug":"ruta-5-detienen-a-tres-hombres-con-drogas","status":"publish","type":"post","link":"https:\/\/www.hoymercedes.com.ar\/principal\/2021\/01\/14\/ruta-5-detienen-a-tres-hombres-con-drogas\/","title":{"rendered":"Ruta 5: Detienen a tres hombres con drogas"},"content":{"rendered":"\n<p>Tres hombres mayores fueron detenidos en un control policial de Ruta Nacional N\u00b0 5, en el acceso a la ciudad de Chivilcoy, al encontrarles en el veh\u00edculo marihuana, coca\u00edna y dinero en efectivo. <\/p>\n\n\n\n<div class=\"wp-block-image\"><figure class=\"aligncenter size-large\"><img loading=\"lazy\" decoding=\"async\" width=\"800\" height=\"600\" data-attachment-id=\"123251\" data-permalink=\"https:\/\/www.hoymercedes.com.ar\/principal\/2021\/01\/14\/ruta-5-detienen-a-tres-hombres-con-drogas\/14-poli-drogas-chivilcoy-1\/#main\" data-orig-file=\"https:\/\/www.hoymercedes.com.ar\/principal\/wp-content\/uploads\/2021\/01\/14-poli-drogas-chivilcoy-1.jpg\" data-orig-size=\"800,600\" data-comments-opened=\"0\" data-image-meta=\"{&quot;aperture&quot;:&quot;0&quot;,&quot;credit&quot;:&quot;&quot;,&quot;camera&quot;:&quot;&quot;,&quot;caption&quot;:&quot;&quot;,&quot;created_timestamp&quot;:&quot;0&quot;,&quot;copyright&quot;:&quot;&quot;,&quot;focal_length&quot;:&quot;0&quot;,&quot;iso&quot;:&quot;0&quot;,&quot;shutter_speed&quot;:&quot;0&quot;,&quot;title&quot;:&quot;&quot;,&quot;orientation&quot;:&quot;0&quot;}\" data-image-title=\"14 poli drogas chivilcoy 1\" data-image-description=\"\" data-image-caption=\"\" data-large-file=\"https:\/\/www.hoymercedes.com.ar\/principal\/wp-content\/uploads\/2021\/01\/14-poli-drogas-chivilcoy-1.jpg\" src=\"https:\/\/www.hoymercedes.com.ar\/principal\/wp-content\/uploads\/2021\/01\/14-poli-drogas-chivilcoy-1.jpg\" alt=\"\" class=\"wp-image-123251\" srcset=\"https:\/\/www.hoymercedes.com.ar\/principal\/wp-content\/uploads\/2021\/01\/14-poli-drogas-chivilcoy-1.jpg 800w, https:\/\/www.hoymercedes.com.ar\/principal\/wp-content\/uploads\/2021\/01\/14-poli-drogas-chivilcoy-1-630x473.jpg 630w, https:\/\/www.hoymercedes.com.ar\/principal\/wp-content\/uploads\/2021\/01\/14-poli-drogas-chivilcoy-1-150x113.jpg 150w\" sizes=\"auto, (max-width: 800px) 100vw, 800px\" \/><\/figure><\/div>\n\n\n\n<p>El hecho se produjo a las  19:30 horas de la tarde del mi\u00e9rcoles 13 de enero, mientras se realizaba unos de los habituales operativos de intercepci\u00f3n vehicular, cuando personal de Polic\u00eda Vial a cargo del comisario Diego Peralta, juntamente con personal de comisaria primera y Sub comisaria Dardo Garelli, detienen un autom\u00f3vil Fiat Siena, color blanco, dominio KLB619 que se aprestaba a ingresar a Chivilcoy  con tres hombres a bordo.<\/p>\n\n\n\n<p>Al inspeccionar el veh\u00edculo llama la atenci\u00f3n al personal un bolso que llevaba la persona que viajaba en el asiento trasero, donde al revisarlo encuentran en su interior 3 trozos del tipo ladrillos de marihuana compactada de 1.5 kilos, una piedra de clorhidrato de coca\u00edna de m\u00e1xima pureza de 228 gramos y la suma total de 237,500 pesos en efectivo.<\/p>\n\n\n\n<p>Los detenidos son mayores de edad, dos de ellos oriundos de General Viamonte (Los Toldos) y el tercero que viajaba en el asiento trasero con el bolso, es de la ciudad de Jun\u00edn y se trata de Pablo Alvarez , quien resulta ser un ex polic\u00eda exonerado en el a\u00f1o 2003.<\/p>\n\n\n\n<p>Los aprehendidos quedaron a disposici\u00f3n del Juzgado Federal 2 , a cargo del Dr. Scheneider del Departamento Judicial Mercedes, en causa caratulada \u201cTenencia para comercializaci\u00f3n de estupefacientes\u201d.<\/p>\n\n\n\n<p>Colaboraci\u00f3n: Jorge Lasala <\/p>\n\n\n\n<div class=\"wp-block-image\"><figure class=\"aligncenter size-large\"><img loading=\"lazy\" decoding=\"async\" width=\"600\" height=\"800\" data-attachment-id=\"123250\" data-permalink=\"https:\/\/www.hoymercedes.com.ar\/principal\/2021\/01\/14\/ruta-5-detienen-a-tres-hombres-con-drogas\/14-poli-drogas-chivilcoy-2\/#main\" data-orig-file=\"https:\/\/www.hoymercedes.com.ar\/principal\/wp-content\/uploads\/2021\/01\/14-poli-drogas-chivilcoy-2.jpg\" data-orig-size=\"600,800\" data-comments-opened=\"0\" data-image-meta=\"{&quot;aperture&quot;:&quot;0&quot;,&quot;credit&quot;:&quot;&quot;,&quot;camera&quot;:&quot;&quot;,&quot;caption&quot;:&quot;&quot;,&quot;created_timestamp&quot;:&quot;0&quot;,&quot;copyright&quot;:&quot;&quot;,&quot;focal_length&quot;:&quot;0&quot;,&quot;iso&quot;:&quot;0&quot;,&quot;shutter_speed&quot;:&quot;0&quot;,&quot;title&quot;:&quot;&quot;,&quot;orientation&quot;:&quot;0&quot;}\" data-image-title=\"14 poli drogas chivilcoy 2\" data-image-description=\"\" data-image-caption=\"\" data-large-file=\"https:\/\/www.hoymercedes.com.ar\/principal\/wp-content\/uploads\/2021\/01\/14-poli-drogas-chivilcoy-2.jpg\" src=\"https:\/\/www.hoymercedes.com.ar\/principal\/wp-content\/uploads\/2021\/01\/14-poli-drogas-chivilcoy-2.jpg\" alt=\"\" class=\"wp-image-123250\" srcset=\"https:\/\/www.hoymercedes.com.ar\/principal\/wp-content\/uploads\/2021\/01\/14-poli-drogas-chivilcoy-2.jpg 600w, https:\/\/www.hoymercedes.com.ar\/principal\/wp-content\/uploads\/2021\/01\/14-poli-drogas-chivilcoy-2-465x620.jpg 465w, https:\/\/www.hoymercedes.com.ar\/principal\/wp-content\/uploads\/2021\/01\/14-poli-drogas-chivilcoy-2-113x150.jpg 113w\" sizes=\"auto, (max-width: 600px) 100vw, 600px\" \/><\/figure><\/div>\n","protected":false},"excerpt":{"rendered":"<p>Tres hombres mayores fueron detenidos en un control policial de Ruta Nacional N\u00b0 5, en el acceso a la ciudad &#8230; <a title=\"Ruta 5: Detienen a tres hombres con drogas\" class=\"read-more\" href=\"https:\/\/www.hoymercedes.com.ar\/principal\/2021\/01\/14\/ruta-5-detienen-a-tres-hombres-con-drogas\/\" aria-label=\"Leer m\u00e1s sobre Ruta 5: Detienen a tres hombres con drogas\">Leer m\u00e1s<\/a><\/p>\n","protected":false},"author":1,"featured_media":123250,"comment_status":"closed","ping_status":"open","sticky":false,"template":"","format":"standard","meta":{"_monsterinsights_skip_tracking":false,"_monsterinsights_sitenote_active":false,"_monsterinsights_sitenote_note":"","_monsterinsights_sitenote_category":0,"jetpack_post_was_ever_published":false,"_jetpack_newsletter_access":"","_jetpack_dont_email_post_to_subs":false,"_jetpack_newsletter_tier_id":0,"_jetpack_memberships_contains_paywalled_content":false,"_jetpack_memberships_contains_paid_content":false,"footnotes":"","jetpack_publicize_message":"","jetpack_publicize_feature_enabled":true,"jetpack_social_post_already_shared":true,"jetpack_social_options":{"image_generator_settings":{"template":"highway","default_image_id":0,"font":"","enabled":false},"version":2},"_wpas_customize_per_network":false},"categories":[85],"tags":[62,96,9322,538],"class_list":["post-123248","post","type-post","status-publish","format-standard","has-post-thumbnail","hentry","category-policial","tag-chivilcoy","tag-policial-2","tag-region","tag-ruta-5","generate-columns","tablet-grid-50","mobile-grid-100","grid-parent","grid-50"],"jetpack_publicize_connections":[],"jetpack_featured_media_url":"https:\/\/www.hoymercedes.com.ar\/principal\/wp-content\/uploads\/2021\/01\/14-poli-drogas-chivilcoy-2.jpg","wps_subtitle":"Policiales en la regi\u00f3n","jetpack_sharing_enabled":true,"_links":{"self":[{"href":"https:\/\/www.hoymercedes.com.ar\/principal\/wp-json\/wp\/v2\/posts\/123248","targetHints":{"allow":["GET"]}}],"collection":[{"href":"https:\/\/www.hoymercedes.com.ar\/principal\/wp-json\/wp\/v2\/posts"}],"about":[{"href":"https:\/\/www.hoymercedes.com.ar\/principal\/wp-json\/wp\/v2\/types\/post"}],"author":[{"embeddable":true,"href":"https:\/\/www.hoymercedes.com.ar\/principal\/wp-json\/wp\/v2\/users\/1"}],"replies":[{"embeddable":true,"href":"https:\/\/www.hoymercedes.com.ar\/principal\/wp-json\/wp\/v2\/comments?post=123248"}],"version-history":[{"count":0,"href":"https:\/\/www.hoymercedes.com.ar\/principal\/wp-json\/wp\/v2\/posts\/123248\/revisions"}],"wp:featuredmedia":[{"embeddable":true,"href":"https:\/\/www.hoymercedes.com.ar\/principal\/wp-json\/wp\/v2\/media\/123250"}],"wp:attachment":[{"href":"https:\/\/www.hoymercedes.com.ar\/principal\/wp-json\/wp\/v2\/media?parent=123248"}],"wp:term":[{"taxonomy":"category","embeddable":true,"href":"https:\/\/www.hoymercedes.com.ar\/principal\/wp-json\/wp\/v2\/categories?post=123248"},{"taxonomy":"post_tag","embeddable":true,"href":"https:\/\/www.hoymercedes.com.ar\/principal\/wp-json\/wp\/v2\/tags?post=123248"}],"curies":[{"name":"wp","href":"https:\/\/api.w.org\/{rel}","templated":true}]}}