{"id":123266,"date":"2021-01-14T21:44:15","date_gmt":"2021-01-15T00:44:15","guid":{"rendered":"http:\/\/www.hoymercedes.com.ar\/principal\/?p=123266"},"modified":"2021-01-14T22:30:05","modified_gmt":"2021-01-15T01:30:05","slug":"coronavirus-en-el-pais-confirman-mas-de-13-mil-positivos-y-142-fallecimientos","status":"publish","type":"post","link":"https:\/\/www.hoymercedes.com.ar\/principal\/2021\/01\/14\/coronavirus-en-el-pais-confirman-mas-de-13-mil-positivos-y-142-fallecimientos\/","title":{"rendered":"Coronavirus en el pa\u00eds: confirman m\u00e1s de 13 mil positivos y 142 fallecimientos"},"content":{"rendered":"\n<p>El Ministerio de Salud de la Naci\u00f3n inform\u00f3 este jueves 14 de enero que, durante las \u00faltimas 24 horas, se registraron 142 muertes y 13.286 nuevos casos positivos de coronavirus. Con estos datos, el total de infectados asciende a 1.770.715 y las v\u00edctimas fatales suman 45.125.<\/p>\n\n\n\n<p>Del total de muertes contabilizadas este jueves: 86 son hombres (32 residentes de la provincia de Buenos Aires, 4 de la Ciudad de Buenos Aires, 1 de Chaco, 9 de Chubut, 8 de C\u00f3rdoba, 2 de Mendoza, 6 de Misiones, 5 de R\u00edo Negro, 1 de San Juan, 1 de San Luis, 1 de Santa Cruz, 13 de Santa Fe, 3 de Tierra del Fuego) y 53 mujeres (20 residentes de la provincia de Buenos Aires, 2 de la Ciudad de Buenos Aires, 2 de Chaco, 3 de Chubut, 6 de C\u00f3rdoba, 2 de Entre R\u00edos, 4 de Mendoza, 1 de Misiones, 5 de R\u00edo Negro, 2 de Santa Cruz y 6 de Santa Fe). \u201cTres personas residentes de la provincia de Buenos Aires, la provincia C\u00f3rdoba y la provincia de Mendoza, respectivamente, fueron registradas sin dato de sexo\u201d, apunta el parte.<\/p>\n\n\n\n<p>De los 13.286 casos, 5.185 son de la provincia de Buenos Aires, 1.367 de la ciudad de Buenos Aires, 78 de Catamarca, 304 de Chaco, 543 de Chubut, 415 de Corrientes, 770 de C\u00f3rdoba, 539 de Entre R\u00edos, 75 de Formosa, 23 de Jujuy, 255 de La Pampa, 12 de La Rioja, 162 de Mendoza, 215 de Misiones, 532 de Neuqu\u00e9n, 437 de R\u00edo Negro, 57 de Salta, 78 de San Juan, 58 de San Luis, 285 de Santa Cruz, 1.395 de Santa Fe, 198 de Santiago del Estero, 72 de Tierra del Fuego y 231 de Tucum\u00e1n.<\/p>\n\n\n\n<p>Fueron realizados 50.729 testeos y desde el inicio del brote se realizaron \u200b5.415.971 pruebas diagn\u00f3sticas\u200b para esta enfermedad, lo que \u200bequivale a 119.355 muestras por mill\u00f3n de habitantes.<\/p>\n","protected":false},"excerpt":{"rendered":"<p>El Ministerio de Salud de la Naci\u00f3n inform\u00f3 este jueves 14 de enero que, durante las \u00faltimas 24 horas, se &#8230; <a title=\"Coronavirus en el pa\u00eds: confirman m\u00e1s de 13 mil positivos y 142 fallecimientos\" class=\"read-more\" href=\"https:\/\/www.hoymercedes.com.ar\/principal\/2021\/01\/14\/coronavirus-en-el-pais-confirman-mas-de-13-mil-positivos-y-142-fallecimientos\/\" aria-label=\"Leer m\u00e1s sobre Coronavirus en el pa\u00eds: confirman m\u00e1s de 13 mil positivos y 142 fallecimientos\">Leer m\u00e1s<\/a><\/p>\n","protected":false},"author":1,"featured_media":111593,"comment_status":"closed","ping_status":"open","sticky":false,"template":"","format":"standard","meta":{"_monsterinsights_skip_tracking":false,"_monsterinsights_sitenote_active":false,"_monsterinsights_sitenote_note":"","_monsterinsights_sitenote_category":0,"jetpack_post_was_ever_published":false,"_jetpack_newsletter_access":"","_jetpack_dont_email_post_to_subs":false,"_jetpack_newsletter_tier_id":0,"_jetpack_memberships_contains_paywalled_content":false,"_jetpack_memberships_contains_paid_content":false,"footnotes":"","jetpack_publicize_message":"","jetpack_publicize_feature_enabled":true,"jetpack_social_post_already_shared":true,"jetpack_social_options":{"image_generator_settings":{"template":"highway","default_image_id":0,"font":"","enabled":false},"version":2},"_wpas_customize_per_network":false},"categories":[9791],"tags":[16428,16561,16175,16313],"class_list":["post-123266","post","type-post","status-publish","format-standard","has-post-thumbnail","hentry","category-salud","tag-casos-positivos","tag-cierre-del-dia","tag-coronavirus","tag-covid-19","generate-columns","tablet-grid-50","mobile-grid-100","grid-parent","grid-50"],"jetpack_publicize_connections":[],"jetpack_featured_media_url":"https:\/\/www.hoymercedes.com.ar\/principal\/wp-content\/uploads\/2020\/06\/03-coronavirus1.jpg","wps_subtitle":"Covid en el pa\u00eds","jetpack_sharing_enabled":true,"_links":{"self":[{"href":"https:\/\/www.hoymercedes.com.ar\/principal\/wp-json\/wp\/v2\/posts\/123266","targetHints":{"allow":["GET"]}}],"collection":[{"href":"https:\/\/www.hoymercedes.com.ar\/principal\/wp-json\/wp\/v2\/posts"}],"about":[{"href":"https:\/\/www.hoymercedes.com.ar\/principal\/wp-json\/wp\/v2\/types\/post"}],"author":[{"embeddable":true,"href":"https:\/\/www.hoymercedes.com.ar\/principal\/wp-json\/wp\/v2\/users\/1"}],"replies":[{"embeddable":true,"href":"https:\/\/www.hoymercedes.com.ar\/principal\/wp-json\/wp\/v2\/comments?post=123266"}],"version-history":[{"count":0,"href":"https:\/\/www.hoymercedes.com.ar\/principal\/wp-json\/wp\/v2\/posts\/123266\/revisions"}],"wp:featuredmedia":[{"embeddable":true,"href":"https:\/\/www.hoymercedes.com.ar\/principal\/wp-json\/wp\/v2\/media\/111593"}],"wp:attachment":[{"href":"https:\/\/www.hoymercedes.com.ar\/principal\/wp-json\/wp\/v2\/media?parent=123266"}],"wp:term":[{"taxonomy":"category","embeddable":true,"href":"https:\/\/www.hoymercedes.com.ar\/principal\/wp-json\/wp\/v2\/categories?post=123266"},{"taxonomy":"post_tag","embeddable":true,"href":"https:\/\/www.hoymercedes.com.ar\/principal\/wp-json\/wp\/v2\/tags?post=123266"}],"curies":[{"name":"wp","href":"https:\/\/api.w.org\/{rel}","templated":true}]}}