{"id":123267,"date":"2021-01-14T16:39:00","date_gmt":"2021-01-14T19:39:00","guid":{"rendered":"http:\/\/www.hoymercedes.com.ar\/principal\/?p=123267"},"modified":"2021-01-14T22:05:59","modified_gmt":"2021-01-15T01:05:59","slug":"provincia-avanza-en-la-prevencion-deteccion-y-tratamiento-del-dengue","status":"publish","type":"post","link":"https:\/\/www.hoymercedes.com.ar\/principal\/2021\/01\/14\/provincia-avanza-en-la-prevencion-deteccion-y-tratamiento-del-dengue\/","title":{"rendered":"Provincia avanza en la prevenci\u00f3n, detecci\u00f3n y tratamiento del dengue"},"content":{"rendered":"\n<p>El Ministerio de Salud bonaerense implementa un Plan Estrat\u00e9gico Integral para reducir el impacto de esta enfermedad transmitida por el mosquito Aedes aegypti, adaptado al contexto del COVID-19 que se vive esta temporada. La estrategia incluye capacitaciones a los municipios que atravesaron brotes a\u00f1os anteriores y el pedido de descacharrado a la poblaci\u00f3n.<\/p>\n\n\n\n<div class=\"wp-block-image\"><figure class=\"aligncenter size-large\"><img loading=\"lazy\" decoding=\"async\" width=\"700\" height=\"466\" data-attachment-id=\"123268\" data-permalink=\"https:\/\/www.hoymercedes.com.ar\/principal\/2021\/01\/14\/provincia-avanza-en-la-prevencion-deteccion-y-tratamiento-del-dengue\/14-descacharreo\/#main\" data-orig-file=\"https:\/\/www.hoymercedes.com.ar\/principal\/wp-content\/uploads\/2021\/01\/14-descacharreo.jpeg\" data-orig-size=\"700,466\" data-comments-opened=\"0\" data-image-meta=\"{&quot;aperture&quot;:&quot;0&quot;,&quot;credit&quot;:&quot;&quot;,&quot;camera&quot;:&quot;&quot;,&quot;caption&quot;:&quot;&quot;,&quot;created_timestamp&quot;:&quot;0&quot;,&quot;copyright&quot;:&quot;&quot;,&quot;focal_length&quot;:&quot;0&quot;,&quot;iso&quot;:&quot;0&quot;,&quot;shutter_speed&quot;:&quot;0&quot;,&quot;title&quot;:&quot;&quot;,&quot;orientation&quot;:&quot;0&quot;}\" data-image-title=\"14 descacharreo\" data-image-description=\"\" data-image-caption=\"\" data-large-file=\"https:\/\/www.hoymercedes.com.ar\/principal\/wp-content\/uploads\/2021\/01\/14-descacharreo.jpeg\" src=\"https:\/\/www.hoymercedes.com.ar\/principal\/wp-content\/uploads\/2021\/01\/14-descacharreo.jpeg\" alt=\"\" class=\"wp-image-123268\" srcset=\"https:\/\/www.hoymercedes.com.ar\/principal\/wp-content\/uploads\/2021\/01\/14-descacharreo.jpeg 700w, https:\/\/www.hoymercedes.com.ar\/principal\/wp-content\/uploads\/2021\/01\/14-descacharreo-630x419.jpeg 630w, https:\/\/www.hoymercedes.com.ar\/principal\/wp-content\/uploads\/2021\/01\/14-descacharreo-150x100.jpeg 150w\" sizes=\"auto, (max-width: 700px) 100vw, 700px\" \/><\/figure><\/div>\n\n\n\n<p>El plan incluye capacitaciones y asistencia t\u00e9cnica a los municipios que atravesaron los brotes m\u00e1s importantes los \u00faltimos a\u00f1os, as\u00ed como tambi\u00e9n una estrategia de sensibilizaci\u00f3n a la poblaci\u00f3n para promover las tareas de descacharrado en los domicilios. En este marco, se instruy\u00f3 de forma virtual al personal de los equipos de salud de los hospitales y centros de salud provinciales acerca de c\u00f3mo actuar frente a la sospecha de cuadros de dengue y otras arbovirosis, c\u00f3mo manejarlos cl\u00ednicamente en el contexto por coronavirus, y se capacit\u00f3 a promotores y promotoras para el abordaje territorial en el actual escenario pand\u00e9mico.<\/p>\n\n\n\n<p>La Directora Provincial de Epidemiolog\u00eda, Prevenci\u00f3n y Promoci\u00f3n de la Salud, Andrea Jait, remarc\u00f3 que \u201ces importante intensificar la prevenci\u00f3n, focalizar la vigilancia epidemiol\u00f3gica y la detecci\u00f3n oportuna de casos sospechosos, luego de haber atravesado un brote importante en la anterior temporada\u201d.<\/p>\n\n\n\n<p>En este sentido, la funcionaria record\u00f3 a la poblaci\u00f3n que es clave mantener las tareas de descacharrado en fondos, jardines y patios, con especial \u00e9nfasis en los d\u00edas posteriores a las lluvias. \u201cEs necesario tapar, eliminar o dar vuelta todos aquellos elementos que puedan acumular agua para prevenir la proliferaci\u00f3n del mosquito Aedes aegypti transmisor del dengue y otras enfermedades, como zika y chikungunya\u201d.<\/p>\n\n\n\n<p>De acuerdo al Bolet\u00edn Epidemiol\u00f3gico semanal emitido por el Ministerio de Salud de la provincia de Buenos Aires, se notificaron hasta el presente un total 336 casos con sospecha de dengue, de los cuales 11 son casos probables, 51 fueron finalmente descartados y 274 persisten como sospechosos. Las regiones sanitarias V, VI y VII concentran el 74% de los casos notificados.<\/p>\n\n\n\n<p><strong>Trabajo con municipios<\/strong><\/p>\n\n\n\n<p>En el marco del Plan Estrat\u00e9gico para la prevenci\u00f3n del Dengue y otros arbovirus desde el mes de enero comenzaron a realizarse mesas de gesti\u00f3n con algunos distritos. Estos espacios de trabajo mancomunado se desarrollan a trav\u00e9s de reuniones virtuales y cuentan con la participaci\u00f3n de las direcciones de Vigilancia Epidemiol\u00f3gica y control de brotes, Salud Comunitaria y Regiones Sanitarias de la cartera sanitaria provincial.<\/p>\n\n\n\n<p>En la actualidad, se concretaron reuniones con San Mart\u00edn, Mor\u00f3n y Lan\u00fas. Esta semana es el turno de La Matanza, Tres de febrero y Quilmes, y para la siguiente est\u00e1n pautados encuentros con las autoridades de Vicente L\u00f3pez, Berazategui y Hurlingham. En la \u00faltima semana de enero ser\u00e1 el turno de Avellaneda, San Nicol\u00e1s y Moreno.<\/p>\n\n\n\n<p>En estas mesas de trabajo fundamentalmente se actualiza el panorama epidemiol\u00f3gico, se define el abordaje comunitario territorial y se avanza en la propuesta formativa para fortalecer las capacidades de los equipos de salud para la adecuada atenci\u00f3n de pacientes afectados por dengue y otros arbovirus.<\/p>\n\n\n\n<p>Asimismo, en el corto plazo est\u00e1 previsto el desarrollo de una l\u00ednea de capacitaciones junto con el Programa de Salud Ambiental para el personal que realiza los controles de foco y las fumigaciones en cada municipio.<\/p>\n\n\n\n<p>Por \u00faltimo, es importante recordar a la poblaci\u00f3n las principales medidas de prevenci\u00f3n domiciliarias para evitar que el mosquito se reproduzca en sus casas:<\/p>\n\n\n\n<p>\u25cf\u00a0\u00a0\u00a0\u00a0\u00a0\u00a0\u00a0\u00a0\u00a0\u00a0\u00a0\u00a0 Eliminar todos los recipientes que pueden acumular agua y ser potenciales criaderos de mosquitos.<br>\u25cf\u00a0\u00a0\u00a0\u00a0\u00a0\u00a0\u00a0\u00a0\u00a0\u00a0\u00a0\u00a0 Tanques y cisternas para acumular agua, con tapa, tela mosquitera o similar para evitar que el mosquito ingrese.<br>\u25cf\u00a0\u00a0\u00a0\u00a0\u00a0\u00a0\u00a0\u00a0\u00a0\u00a0\u00a0\u00a0 Limpiar canaletas y desag\u00fces.<br>\u25cf\u00a0\u00a0\u00a0\u00a0\u00a0\u00a0\u00a0\u00a0\u00a0\u00a0\u00a0\u00a0 Lavar floreros y bebederos de animales cada dos o tres d\u00edas y ponerles agua fresca.<br>\u25cf\u00a0\u00a0\u00a0\u00a0\u00a0\u00a0\u00a0\u00a0\u00a0\u00a0\u00a0\u00a0 Utilizar telas mosquiteras en puertas y ventanas.<br>\u25cf\u00a0\u00a0\u00a0\u00a0\u00a0\u00a0\u00a0\u00a0\u00a0\u00a0\u00a0\u00a0 Mantener el pasto corto.<br>\u25cf\u00a0\u00a0\u00a0\u00a0\u00a0\u00a0\u00a0\u00a0\u00a0\u00a0\u00a0\u00a0 Ante la aparici\u00f3n de alg\u00fan s\u00edntoma no automedicarse y consultar al centro de salud m\u00e1s cercano o al m\u00e9dico.<\/p>\n","protected":false},"excerpt":{"rendered":"<p>El Ministerio de Salud bonaerense implementa un Plan Estrat\u00e9gico Integral para reducir el impacto de esta enfermedad transmitida por el &#8230; <a title=\"Provincia avanza en la prevenci\u00f3n, detecci\u00f3n y tratamiento del dengue\" class=\"read-more\" href=\"https:\/\/www.hoymercedes.com.ar\/principal\/2021\/01\/14\/provincia-avanza-en-la-prevencion-deteccion-y-tratamiento-del-dengue\/\" aria-label=\"Leer m\u00e1s sobre Provincia avanza en la prevenci\u00f3n, detecci\u00f3n y tratamiento del dengue\">Leer m\u00e1s<\/a><\/p>\n","protected":false},"author":1,"featured_media":123268,"comment_status":"closed","ping_status":"open","sticky":false,"template":"","format":"standard","meta":{"_monsterinsights_skip_tracking":false,"_monsterinsights_sitenote_active":false,"_monsterinsights_sitenote_note":"","_monsterinsights_sitenote_category":0,"jetpack_post_was_ever_published":false,"_jetpack_newsletter_access":"","_jetpack_dont_email_post_to_subs":false,"_jetpack_newsletter_tier_id":0,"_jetpack_memberships_contains_paywalled_content":false,"_jetpack_memberships_contains_paid_content":false,"footnotes":"","jetpack_publicize_message":"","jetpack_publicize_feature_enabled":true,"jetpack_social_post_already_shared":true,"jetpack_social_options":{"image_generator_settings":{"template":"highway","default_image_id":0,"font":"","enabled":false},"version":2},"_wpas_customize_per_network":false},"categories":[8881],"tags":[9089,1803,134],"class_list":["post-123267","post","type-post","status-publish","format-standard","has-post-thumbnail","hentry","category-provincia","tag-dengue","tag-provincia","tag-salud","generate-columns","tablet-grid-50","mobile-grid-100","grid-parent","grid-50"],"jetpack_publicize_connections":[],"jetpack_featured_media_url":"https:\/\/www.hoymercedes.com.ar\/principal\/wp-content\/uploads\/2021\/01\/14-descacharreo.jpeg","wps_subtitle":"Salud bonaerense","jetpack_sharing_enabled":true,"_links":{"self":[{"href":"https:\/\/www.hoymercedes.com.ar\/principal\/wp-json\/wp\/v2\/posts\/123267","targetHints":{"allow":["GET"]}}],"collection":[{"href":"https:\/\/www.hoymercedes.com.ar\/principal\/wp-json\/wp\/v2\/posts"}],"about":[{"href":"https:\/\/www.hoymercedes.com.ar\/principal\/wp-json\/wp\/v2\/types\/post"}],"author":[{"embeddable":true,"href":"https:\/\/www.hoymercedes.com.ar\/principal\/wp-json\/wp\/v2\/users\/1"}],"replies":[{"embeddable":true,"href":"https:\/\/www.hoymercedes.com.ar\/principal\/wp-json\/wp\/v2\/comments?post=123267"}],"version-history":[{"count":0,"href":"https:\/\/www.hoymercedes.com.ar\/principal\/wp-json\/wp\/v2\/posts\/123267\/revisions"}],"wp:featuredmedia":[{"embeddable":true,"href":"https:\/\/www.hoymercedes.com.ar\/principal\/wp-json\/wp\/v2\/media\/123268"}],"wp:attachment":[{"href":"https:\/\/www.hoymercedes.com.ar\/principal\/wp-json\/wp\/v2\/media?parent=123267"}],"wp:term":[{"taxonomy":"category","embeddable":true,"href":"https:\/\/www.hoymercedes.com.ar\/principal\/wp-json\/wp\/v2\/categories?post=123267"},{"taxonomy":"post_tag","embeddable":true,"href":"https:\/\/www.hoymercedes.com.ar\/principal\/wp-json\/wp\/v2\/tags?post=123267"}],"curies":[{"name":"wp","href":"https:\/\/api.w.org\/{rel}","templated":true}]}}