{"id":123272,"date":"2021-01-14T19:46:00","date_gmt":"2021-01-14T22:46:00","guid":{"rendered":"http:\/\/www.hoymercedes.com.ar\/principal\/?p=123272"},"modified":"2021-01-15T00:54:57","modified_gmt":"2021-01-15T03:54:57","slug":"avanza-la-obra-de-pavimentacion-en-la-calle-60","status":"publish","type":"post","link":"https:\/\/www.hoymercedes.com.ar\/principal\/2021\/01\/14\/avanza-la-obra-de-pavimentacion-en-la-calle-60\/","title":{"rendered":"Avanza la obra de pavimentaci\u00f3n en la calle 60"},"content":{"rendered":"\n<p>Desde el Municipio de Mercedes informaron que d\u00edas atr\u00e1s comenz\u00f3 el volcado de hormig\u00f3n en la calle 60 entre 29 y H\u00e9roes de Malvinas. Se trata del vuelco de 1470 m2 de hormig\u00f3n, donde se hizo un estabilizado de base de rasante con suelo cal, una carpeta de 15 cm de suelo cal y otra de 15 cm de suelo cemento, para terminar con un paquete estructural de 15 cm de hormig\u00f3n a lo largo de la cuadra. \u00a0<\/p>\n\n\n\n<p>\u201cSon obras muy importantes, en distintos sectores de Mercedes, necesarias, y que concretamos gracias al apoyo del gobierno nacional y del ministro \u201cWado\u201d de Pedro, que siempre nos acompa\u00f1a en este tipo de gestiones en en beneficio de nuestro pueblo\u201d destac\u00f3 el intendente Juan. I. Ustarroz.<\/p>\n\n\n\n<p>\u201cEn la 60 tambi\u00e9n se tuvo en cuenta el escurrimiento de las aguas. La primera cuadra tendr\u00e1 una pendiente a 2 aguas; la mitad va a desagotar a la calle 29 y el resto de la calle va a descargar a H\u00e9roes de Malvinas con una pendiente continua\u201d, explic\u00f3 el titular del Concejo Deliberante, Mat\u00edas Dematei sobre cuestiones t\u00e9cnicas de la obra. &nbsp;<\/p>\n\n\n\n<div class=\"wp-block-image\"><figure class=\"aligncenter size-large\"><img loading=\"lazy\" decoding=\"async\" width=\"800\" height=\"450\" data-attachment-id=\"123273\" data-permalink=\"https:\/\/www.hoymercedes.com.ar\/principal\/2021\/01\/14\/avanza-la-obra-de-pavimentacion-en-la-calle-60\/dsc03216\/#main\" data-orig-file=\"https:\/\/www.hoymercedes.com.ar\/principal\/wp-content\/uploads\/2021\/01\/DSC03216.jpg\" data-orig-size=\"800,450\" data-comments-opened=\"0\" data-image-meta=\"{&quot;aperture&quot;:&quot;0&quot;,&quot;credit&quot;:&quot;&quot;,&quot;camera&quot;:&quot;&quot;,&quot;caption&quot;:&quot;&quot;,&quot;created_timestamp&quot;:&quot;1610660642&quot;,&quot;copyright&quot;:&quot;&quot;,&quot;focal_length&quot;:&quot;0&quot;,&quot;iso&quot;:&quot;0&quot;,&quot;shutter_speed&quot;:&quot;0&quot;,&quot;title&quot;:&quot;&quot;,&quot;orientation&quot;:&quot;1&quot;}\" data-image-title=\"DSC03216\" data-image-description=\"\" data-image-caption=\"\" data-large-file=\"https:\/\/www.hoymercedes.com.ar\/principal\/wp-content\/uploads\/2021\/01\/DSC03216.jpg\" src=\"https:\/\/www.hoymercedes.com.ar\/principal\/wp-content\/uploads\/2021\/01\/DSC03216.jpg\" alt=\"\" class=\"wp-image-123273\" srcset=\"https:\/\/www.hoymercedes.com.ar\/principal\/wp-content\/uploads\/2021\/01\/DSC03216.jpg 800w, https:\/\/www.hoymercedes.com.ar\/principal\/wp-content\/uploads\/2021\/01\/DSC03216-630x354.jpg 630w, https:\/\/www.hoymercedes.com.ar\/principal\/wp-content\/uploads\/2021\/01\/DSC03216-150x84.jpg 150w\" sizes=\"auto, (max-width: 800px) 100vw, 800px\" \/><\/figure><\/div>\n","protected":false},"excerpt":{"rendered":"<p>Desde el Municipio de Mercedes informaron que d\u00edas atr\u00e1s comenz\u00f3 el volcado de hormig\u00f3n en la calle 60 entre 29 &#8230; <a title=\"Avanza la obra de pavimentaci\u00f3n en la calle 60\" class=\"read-more\" href=\"https:\/\/www.hoymercedes.com.ar\/principal\/2021\/01\/14\/avanza-la-obra-de-pavimentacion-en-la-calle-60\/\" aria-label=\"Leer m\u00e1s sobre Avanza la obra de pavimentaci\u00f3n en la calle 60\">Leer m\u00e1s<\/a><\/p>\n","protected":false},"author":1,"featured_media":123273,"comment_status":"closed","ping_status":"open","sticky":false,"template":"","format":"standard","meta":{"_monsterinsights_skip_tracking":false,"_monsterinsights_sitenote_active":false,"_monsterinsights_sitenote_note":"","_monsterinsights_sitenote_category":0,"jetpack_post_was_ever_published":false,"_jetpack_newsletter_access":"","_jetpack_dont_email_post_to_subs":false,"_jetpack_newsletter_tier_id":0,"_jetpack_memberships_contains_paywalled_content":false,"_jetpack_memberships_contains_paid_content":false,"footnotes":"","jetpack_publicize_message":"","jetpack_publicize_feature_enabled":true,"jetpack_social_post_already_shared":true,"jetpack_social_options":{"image_generator_settings":{"template":"highway","default_image_id":0,"font":"","enabled":false},"version":2},"_wpas_customize_per_network":false},"categories":[30],"tags":[244,5947,369],"class_list":["post-123272","post","type-post","status-publish","format-standard","has-post-thumbnail","hentry","category-municipio","tag-municipio-2","tag-obras-publicas","tag-pavimentacion","generate-columns","tablet-grid-50","mobile-grid-100","grid-parent","grid-50"],"jetpack_publicize_connections":[],"jetpack_featured_media_url":"https:\/\/www.hoymercedes.com.ar\/principal\/wp-content\/uploads\/2021\/01\/DSC03216.jpg","wps_subtitle":"Obras p\u00fablicas","jetpack_sharing_enabled":true,"_links":{"self":[{"href":"https:\/\/www.hoymercedes.com.ar\/principal\/wp-json\/wp\/v2\/posts\/123272","targetHints":{"allow":["GET"]}}],"collection":[{"href":"https:\/\/www.hoymercedes.com.ar\/principal\/wp-json\/wp\/v2\/posts"}],"about":[{"href":"https:\/\/www.hoymercedes.com.ar\/principal\/wp-json\/wp\/v2\/types\/post"}],"author":[{"embeddable":true,"href":"https:\/\/www.hoymercedes.com.ar\/principal\/wp-json\/wp\/v2\/users\/1"}],"replies":[{"embeddable":true,"href":"https:\/\/www.hoymercedes.com.ar\/principal\/wp-json\/wp\/v2\/comments?post=123272"}],"version-history":[{"count":0,"href":"https:\/\/www.hoymercedes.com.ar\/principal\/wp-json\/wp\/v2\/posts\/123272\/revisions"}],"wp:featuredmedia":[{"embeddable":true,"href":"https:\/\/www.hoymercedes.com.ar\/principal\/wp-json\/wp\/v2\/media\/123273"}],"wp:attachment":[{"href":"https:\/\/www.hoymercedes.com.ar\/principal\/wp-json\/wp\/v2\/media?parent=123272"}],"wp:term":[{"taxonomy":"category","embeddable":true,"href":"https:\/\/www.hoymercedes.com.ar\/principal\/wp-json\/wp\/v2\/categories?post=123272"},{"taxonomy":"post_tag","embeddable":true,"href":"https:\/\/www.hoymercedes.com.ar\/principal\/wp-json\/wp\/v2\/tags?post=123272"}],"curies":[{"name":"wp","href":"https:\/\/api.w.org\/{rel}","templated":true}]}}