{"id":12328,"date":"2012-04-19T02:37:34","date_gmt":"2012-04-19T02:37:34","guid":{"rendered":"http:\/\/www.hoymercedes.com.ar\/principal\/?p=12328"},"modified":"2012-04-19T02:37:34","modified_gmt":"2012-04-19T02:37:34","slug":"pami-mercedes-anuncia-campana-de-vacunacion","status":"publish","type":"post","link":"https:\/\/www.hoymercedes.com.ar\/principal\/2012\/04\/19\/pami-mercedes-anuncia-campana-de-vacunacion\/","title":{"rendered":"PAMI Mercedes anuncia campa\u00f1a de vacunaci\u00f3n"},"content":{"rendered":"<figure id=\"attachment_12330\" aria-describedby=\"caption-attachment-12330\" style=\"width: 290px\" class=\"wp-caption alignleft\"><a href=\"https:\/\/www.hoymercedes.com.ar\/principal\/wp-content\/uploads\/2012\/04\/Pami.jpg\"><img loading=\"lazy\" decoding=\"async\" data-attachment-id=\"12330\" data-permalink=\"https:\/\/www.hoymercedes.com.ar\/principal\/2012\/04\/19\/pami-mercedes-anuncia-campana-de-vacunacion\/pami\/#main\" data-orig-file=\"https:\/\/www.hoymercedes.com.ar\/principal\/wp-content\/uploads\/2012\/04\/Pami.jpg\" data-orig-size=\"450,300\" data-comments-opened=\"1\" data-image-meta=\"{&quot;aperture&quot;:&quot;0&quot;,&quot;credit&quot;:&quot;&quot;,&quot;camera&quot;:&quot;&quot;,&quot;caption&quot;:&quot;&quot;,&quot;created_timestamp&quot;:&quot;0&quot;,&quot;copyright&quot;:&quot;&quot;,&quot;focal_length&quot;:&quot;0&quot;,&quot;iso&quot;:&quot;0&quot;,&quot;shutter_speed&quot;:&quot;0&quot;,&quot;title&quot;:&quot;&quot;}\" data-image-title=\"PAMI Mercedes\" data-image-description=\"&lt;p&gt;PAMI Mercedes&lt;\/p&gt;\n\" data-image-caption=\"&lt;p&gt;PAMI Mercedes&lt;\/p&gt;\n\" data-large-file=\"https:\/\/www.hoymercedes.com.ar\/principal\/wp-content\/uploads\/2012\/04\/Pami.jpg\" class=\"size-medium wp-image-12330\" title=\"PAMI Mercedes\" src=\"https:\/\/www.hoymercedes.com.ar\/principal\/wp-content\/uploads\/2012\/04\/Pami-300x200.jpg\" alt=\"PAMI Mercedes\" width=\"300\" height=\"200\" srcset=\"https:\/\/www.hoymercedes.com.ar\/principal\/wp-content\/uploads\/2012\/04\/Pami-300x200.jpg 300w, https:\/\/www.hoymercedes.com.ar\/principal\/wp-content\/uploads\/2012\/04\/Pami.jpg 450w\" sizes=\"auto, (max-width: 300px) 100vw, 300px\" \/><\/a><figcaption id=\"caption-attachment-12330\" class=\"wp-caption-text\">PAMI Mercedes<\/figcaption><\/figure>\n<p>Desde el Instituto Nacional de Servicios Sociales para Jubilados y Pensionados (PAMI) se informa que los los afiliados de este ya tienen a su disposici\u00f3n la vacuna antigripal y neumococcica.<\/p>\n<p>El Director del PAMI Mercedes, Dr. Santiago Bereterbide, ha informado tambi\u00e9n los requisitos a los cuales los beneficiarios tienen que cumplimentar,\u201d aquellas personas que tengan mas de 65 a\u00f1os tienen que acercarse a las farmacias habilitadas para efectuar la vacunaci\u00f3n con el carnet de PAMI, el ultimo recibo de haberes y el documento de identidad, los mismos requisitos ser\u00e1n para los menores de 2 a\u00f1os; en cuanto a aquellos que comprendan el rango entre los 2 a\u00f1os y los 64 ademas de los requisitos anteriores deber\u00e1n concurrir con la prescripci\u00f3n medica que indique que la vacuna debe ser aplicada.<\/p>\n<p>Las farmacias autorizadas por PAMI para la vacunaci\u00f3n son la mayor\u00eda de nuestra ciudad pero si el afiliado quiere tener una mejor informaci\u00f3n sobre cuales son le pedimos que se acerquen a nuestro organismo sito en calle 25 esquina 16 para que podamos brindarles de cuales son estas o tambi\u00e9n lo podr\u00e1n hacer via telef\u00f3nica llamando al 420169\u201d<\/p>\n<p><span style=\"color: #888888;\">Fuente: PAMI\u00a0<\/span><\/p>\n","protected":false},"excerpt":{"rendered":"<p>Desde el Instituto Nacional de Servicios Sociales para Jubilados y Pensionados (PAMI) se informa que los los afiliados de este &#8230; <a title=\"PAMI Mercedes anuncia campa\u00f1a de vacunaci\u00f3n\" class=\"read-more\" href=\"https:\/\/www.hoymercedes.com.ar\/principal\/2012\/04\/19\/pami-mercedes-anuncia-campana-de-vacunacion\/\" aria-label=\"Leer m\u00e1s sobre PAMI Mercedes anuncia campa\u00f1a de vacunaci\u00f3n\">Leer m\u00e1s<\/a><\/p>\n","protected":false},"author":1,"featured_media":0,"comment_status":"open","ping_status":"open","sticky":false,"template":"","format":"standard","meta":{"_monsterinsights_skip_tracking":false,"_monsterinsights_sitenote_active":false,"_monsterinsights_sitenote_note":"","_monsterinsights_sitenote_category":0,"jetpack_post_was_ever_published":false,"_jetpack_newsletter_access":"","_jetpack_dont_email_post_to_subs":false,"_jetpack_newsletter_tier_id":0,"_jetpack_memberships_contains_paywalled_content":false,"_jetpack_memberships_contains_paid_content":false,"footnotes":"","jetpack_publicize_message":"","jetpack_publicize_feature_enabled":true,"jetpack_social_post_already_shared":false,"jetpack_social_options":{"image_generator_settings":{"template":"highway","default_image_id":0,"font":"","enabled":false},"version":2},"_wpas_customize_per_network":false},"categories":[8],"tags":[500],"class_list":["post-12328","post","type-post","status-publish","format-standard","hentry","category-sociedad","tag-pami-mercedes","generate-columns","tablet-grid-50","mobile-grid-100","grid-parent","grid-50"],"jetpack_publicize_connections":[],"jetpack_featured_media_url":"","wps_subtitle":"","jetpack_sharing_enabled":true,"_links":{"self":[{"href":"https:\/\/www.hoymercedes.com.ar\/principal\/wp-json\/wp\/v2\/posts\/12328","targetHints":{"allow":["GET"]}}],"collection":[{"href":"https:\/\/www.hoymercedes.com.ar\/principal\/wp-json\/wp\/v2\/posts"}],"about":[{"href":"https:\/\/www.hoymercedes.com.ar\/principal\/wp-json\/wp\/v2\/types\/post"}],"author":[{"embeddable":true,"href":"https:\/\/www.hoymercedes.com.ar\/principal\/wp-json\/wp\/v2\/users\/1"}],"replies":[{"embeddable":true,"href":"https:\/\/www.hoymercedes.com.ar\/principal\/wp-json\/wp\/v2\/comments?post=12328"}],"version-history":[{"count":0,"href":"https:\/\/www.hoymercedes.com.ar\/principal\/wp-json\/wp\/v2\/posts\/12328\/revisions"}],"wp:attachment":[{"href":"https:\/\/www.hoymercedes.com.ar\/principal\/wp-json\/wp\/v2\/media?parent=12328"}],"wp:term":[{"taxonomy":"category","embeddable":true,"href":"https:\/\/www.hoymercedes.com.ar\/principal\/wp-json\/wp\/v2\/categories?post=12328"},{"taxonomy":"post_tag","embeddable":true,"href":"https:\/\/www.hoymercedes.com.ar\/principal\/wp-json\/wp\/v2\/tags?post=12328"}],"curies":[{"name":"wp","href":"https:\/\/api.w.org\/{rel}","templated":true}]}}