{"id":123300,"date":"2021-01-15T08:33:00","date_gmt":"2021-01-15T11:33:00","guid":{"rendered":"http:\/\/www.hoymercedes.com.ar\/principal\/?p=123300"},"modified":"2021-01-14T23:36:33","modified_gmt":"2021-01-15T02:36:33","slug":"el-municipio-organiza-un-fuerte-plan-de-vacunacion-contra-el-covid-19","status":"publish","type":"post","link":"https:\/\/www.hoymercedes.com.ar\/principal\/2021\/01\/15\/el-municipio-organiza-un-fuerte-plan-de-vacunacion-contra-el-covid-19\/","title":{"rendered":"El municipio organiza un fuerte plan de vacunaci\u00f3n contra el covid-19"},"content":{"rendered":"\n<p>El intendente Ustarroz junto al equipo de salud encabezado por el Dr. N\u00e9stor Pisapia brindaron detalles de la amplia log\u00edstica, capacitaci\u00f3n e infraestructura que se mont\u00f3 para la campa\u00f1a de vacunaci\u00f3n covid-19 en Mercedes. Llegado el momento, el Municipio, est\u00e1 preparado con una amplia red de intervenciones en post del cuidado de las y os mercedinos.<\/p>\n\n\n\n<figure class=\"wp-block-image size-large\"><img loading=\"lazy\" decoding=\"async\" width=\"1024\" height=\"452\" data-attachment-id=\"123301\" data-permalink=\"https:\/\/www.hoymercedes.com.ar\/principal\/2021\/01\/15\/el-municipio-organiza-un-fuerte-plan-de-vacunacion-contra-el-covid-19\/dsc02770\/#main\" data-orig-file=\"https:\/\/www.hoymercedes.com.ar\/principal\/wp-content\/uploads\/2021\/01\/DSC02770.jpg\" data-orig-size=\"1366,603\" data-comments-opened=\"0\" data-image-meta=\"{&quot;aperture&quot;:&quot;0&quot;,&quot;credit&quot;:&quot;&quot;,&quot;camera&quot;:&quot;&quot;,&quot;caption&quot;:&quot;&quot;,&quot;created_timestamp&quot;:&quot;0&quot;,&quot;copyright&quot;:&quot;&quot;,&quot;focal_length&quot;:&quot;0&quot;,&quot;iso&quot;:&quot;0&quot;,&quot;shutter_speed&quot;:&quot;0&quot;,&quot;title&quot;:&quot;&quot;,&quot;orientation&quot;:&quot;0&quot;}\" data-image-title=\"DSC02770\" data-image-description=\"\" data-image-caption=\"\" data-large-file=\"https:\/\/www.hoymercedes.com.ar\/principal\/wp-content\/uploads\/2021\/01\/DSC02770-1024x452.jpg\" src=\"https:\/\/www.hoymercedes.com.ar\/principal\/wp-content\/uploads\/2021\/01\/DSC02770-1024x452.jpg\" alt=\"\" class=\"wp-image-123301\" srcset=\"https:\/\/www.hoymercedes.com.ar\/principal\/wp-content\/uploads\/2021\/01\/DSC02770-1024x452.jpg 1024w, https:\/\/www.hoymercedes.com.ar\/principal\/wp-content\/uploads\/2021\/01\/DSC02770-630x278.jpg 630w, https:\/\/www.hoymercedes.com.ar\/principal\/wp-content\/uploads\/2021\/01\/DSC02770-150x66.jpg 150w, https:\/\/www.hoymercedes.com.ar\/principal\/wp-content\/uploads\/2021\/01\/DSC02770.jpg 1366w\" sizes=\"auto, (max-width: 1024px) 100vw, 1024px\" \/><figcaption>Presentaci\u00f3n ante los medios<\/figcaption><\/figure>\n\n\n\n<p><strong>Vacuna<\/strong><\/p>\n\n\n\n<p>\u201cQuer\u00edamos contar a la poblaci\u00f3n de todo el plan estrat\u00e9gico que se est\u00e1 gestando alrededor de la vacunaci\u00f3n, entre otras medidas sanitarias\u201d dijo el secretario de salud, Dr. N\u00e9stor Pisapia expresando que es el \u201cplan m\u00e1s grande que se estableci\u00f3 no s\u00f3lo en esta ciudad sino tambi\u00e9n en la provincia, el pa\u00eds y el mundo\u201d sostuvo y cont\u00f3 que \u201cestablecimos en nuestra ciudad un plan estrat\u00e9gico junto a la Regi\u00f3n Sanitaria X y el Ministerio de Salud con quienes tenemos encuentros semanales para establecer c\u00f3mo vamos a concretar estos operativos\u201d afirm\u00f3 el pediatra.<\/p>\n\n\n\n<p>&nbsp;\u201cNinguna de las vacunas provoca la enfermedad, debemos sacarnos ese miedo, es imposible por c\u00f3mo est\u00e1n realizadas. Es un punto importante.\u201d Dijo el m\u00e9dico.<\/p>\n\n\n\n<p><strong>Infraestructura<\/strong><\/p>\n\n\n\n<p>Coment\u00f3 tambi\u00e9n el responsable de la cartera de salud que \u201chemos avanzado en muchos aspectos de la planificaci\u00f3n, donde se est\u00e1 procediendo con la vacunaci\u00f3n en el Hospital con el personal esencial sanitario y como Secretar\u00eda estamos encargados de la vacunaci\u00f3n del resto de la poblaci\u00f3n objetivo\u201d cont\u00f3<\/p>\n\n\n\n<p>Detall\u00f3 que \u201cser\u00e1 en etapa con franjas etarias establecidas, como ser los mayores de 70, luego de 60, personal de seguridad, docentes, y as\u00ed sucesivamente se establecer\u00e1n las etapas, seg\u00fan se vaya estableciendo\u201d<\/p>\n\n\n\n<p>Para todo ello \u201cse estableci\u00f3 que el centro de vacunaci\u00f3n inicial sea el Colegio Nacional donde establecimos todas las medidas pertinentes. Va a haber cinco puestos de vacunaci\u00f3n simult\u00e1neos, con personal que est\u00e1 siendo capacitado desde hace m\u00e1s de 10 d\u00edas, cada uno seg\u00fan el rubro que desempa\u00f1\u00e9, como ser administrativos, seguridad, auxiliares, habr\u00e1 un lugar destinado para la colocaci\u00f3n de las vacunas, dos freezer ya funcionando con relojes y alarmas para la temperatura y se mantenga la cadena de fr\u00edo, colocamos un grupo electr\u00f3geno para evitar eventuales problemas de corte de energ\u00eda el\u00e9ctrica, tambi\u00e9n c\u00e1maras de seguridad, contaremos con serenos nocturnos en el lugar y custodia policial afuera. Para nosotros la seguridad y brindarle la tranquilidad a la poblaci\u00f3n que estamos realizando una amplia planificaci\u00f3n para garantizar la vacunaci\u00f3n de nuestro pueblo\u201d, afirm\u00f3 el profesional de la salud.<\/p>\n\n\n\n<figure class=\"wp-block-image size-large\"><img loading=\"lazy\" decoding=\"async\" width=\"1024\" height=\"576\" data-attachment-id=\"123302\" data-permalink=\"https:\/\/www.hoymercedes.com.ar\/principal\/2021\/01\/15\/el-municipio-organiza-un-fuerte-plan-de-vacunacion-contra-el-covid-19\/dsc02793\/#main\" data-orig-file=\"https:\/\/www.hoymercedes.com.ar\/principal\/wp-content\/uploads\/2021\/01\/DSC02793.jpg\" data-orig-size=\"1112,626\" data-comments-opened=\"0\" data-image-meta=\"{&quot;aperture&quot;:&quot;0&quot;,&quot;credit&quot;:&quot;&quot;,&quot;camera&quot;:&quot;&quot;,&quot;caption&quot;:&quot;&quot;,&quot;created_timestamp&quot;:&quot;0&quot;,&quot;copyright&quot;:&quot;&quot;,&quot;focal_length&quot;:&quot;0&quot;,&quot;iso&quot;:&quot;0&quot;,&quot;shutter_speed&quot;:&quot;0&quot;,&quot;title&quot;:&quot;&quot;,&quot;orientation&quot;:&quot;0&quot;}\" data-image-title=\"DSC02793\" data-image-description=\"\" data-image-caption=\"\" data-large-file=\"https:\/\/www.hoymercedes.com.ar\/principal\/wp-content\/uploads\/2021\/01\/DSC02793-1024x576.jpg\" src=\"https:\/\/www.hoymercedes.com.ar\/principal\/wp-content\/uploads\/2021\/01\/DSC02793-1024x576.jpg\" alt=\"\" class=\"wp-image-123302\" srcset=\"https:\/\/www.hoymercedes.com.ar\/principal\/wp-content\/uploads\/2021\/01\/DSC02793-1024x576.jpg 1024w, https:\/\/www.hoymercedes.com.ar\/principal\/wp-content\/uploads\/2021\/01\/DSC02793-630x355.jpg 630w, https:\/\/www.hoymercedes.com.ar\/principal\/wp-content\/uploads\/2021\/01\/DSC02793-150x84.jpg 150w, https:\/\/www.hoymercedes.com.ar\/principal\/wp-content\/uploads\/2021\/01\/DSC02793.jpg 1112w\" sizes=\"auto, (max-width: 1024px) 100vw, 1024px\" \/><figcaption>Brindaron detalles de la campa\u00f1a que se vendr\u00e1 en la ciduad <\/figcaption><\/figure>\n\n\n\n<p><strong>Cuidados<\/strong><\/p>\n\n\n\n<p>Por su parte, el jefe comunal, Dr. Juan Ignacio Ustarroz, coment\u00f3 que \u201cqueremos felicitar a la secretar\u00eda, a las y los trabajadores por la gran tarea realizada con esta log\u00edstica y estructura que ya se ha montado en la ciudad para ingresar en breve en el plan de vacunaci\u00f3n que es algo realmente muy importante\u201d afirm\u00f3 y destac\u00f3 que \u201cYa hoy en Mercedes se est\u00e1 realizando la primera etapa del plan de vacunaci\u00f3n, como todo saben es para los trabajadores y trabajadoras del sistema de salud realiz\u00e1ndose de manera muy eficiente, ordenadamente, siendo un sistema que gener\u00f3 la Provincia de Buenos Aires para concretar el plan en todas las etapas de manera transparente y eficiente\u201d, narr\u00f3 el intendente.<\/p>\n\n\n\n<p>M\u00e1s adelante destac\u00f3 que \u201cesto ha generado dudas, a veces bien intencionadas, a veces mal intencionadas entonces como Estado municipal, provincial&nbsp; y nacional no s\u00f3lo damos importancia del plan nacional de vacunaci\u00f3n sino que generamos todas las condiciones para que esto transcurra en nuestra ciudad de la mejor manera\u201d y \u201cen ese sentido cuando empez\u00f3 la pandemia se le plante\u00f3 a la comunidad que hab\u00eda una primera etapa de prevenci\u00f3n y aislamiento para dar un tiempo que permita armar el sistema de salud para poder atender a la poblaci\u00f3n, se logr\u00f3 ese objetivo, no hemos tenido nunca un colapso del sistema de salud local ni provincial y por eso ahora estamos en otra etapa, con la vacuna, donde el Estado argentino est\u00e1 en Rusia para traer m\u00e1s vacuna, teniendo acuerdos adem\u00e1s con otros pa\u00edses y farmac\u00e9uticas para poder en este 2021 llegar a toda la poblaci\u00f3n de nuestro pa\u00eds y vacunarnos como condici\u00f3n necesaria para seguir abordando la pandemia en nuestro pa\u00eds\u201d destac\u00f3 Ustarroz.<\/p>\n\n\n\n<p>La detalla exposici\u00f3n se dio en el marco de un encuentro con los medios de comunicaci\u00f3n, siendo un plan integral que incluye, adem\u00e1s, una propuesta de descentralizaci\u00f3n de espacios para hisopados en los caps espec\u00edficos covid y una red de asistencia y tele asistencia para vecinos y vecinas que no puedan o no sepan como inscribirse online<\/p>\n\n\n\n<figure class=\"wp-block-image size-large\"><img loading=\"lazy\" decoding=\"async\" width=\"1024\" height=\"576\" data-attachment-id=\"123303\" data-permalink=\"https:\/\/www.hoymercedes.com.ar\/principal\/2021\/01\/15\/el-municipio-organiza-un-fuerte-plan-de-vacunacion-contra-el-covid-19\/dsc02775\/#main\" data-orig-file=\"https:\/\/www.hoymercedes.com.ar\/principal\/wp-content\/uploads\/2021\/01\/DSC02775.jpg\" data-orig-size=\"1113,626\" data-comments-opened=\"0\" data-image-meta=\"{&quot;aperture&quot;:&quot;0&quot;,&quot;credit&quot;:&quot;&quot;,&quot;camera&quot;:&quot;&quot;,&quot;caption&quot;:&quot;&quot;,&quot;created_timestamp&quot;:&quot;0&quot;,&quot;copyright&quot;:&quot;&quot;,&quot;focal_length&quot;:&quot;0&quot;,&quot;iso&quot;:&quot;0&quot;,&quot;shutter_speed&quot;:&quot;0&quot;,&quot;title&quot;:&quot;&quot;,&quot;orientation&quot;:&quot;0&quot;}\" data-image-title=\"DSC02775\" data-image-description=\"\" data-image-caption=\"\" data-large-file=\"https:\/\/www.hoymercedes.com.ar\/principal\/wp-content\/uploads\/2021\/01\/DSC02775-1024x576.jpg\" src=\"https:\/\/www.hoymercedes.com.ar\/principal\/wp-content\/uploads\/2021\/01\/DSC02775-1024x576.jpg\" alt=\"\" class=\"wp-image-123303\" srcset=\"https:\/\/www.hoymercedes.com.ar\/principal\/wp-content\/uploads\/2021\/01\/DSC02775-1024x576.jpg 1024w, https:\/\/www.hoymercedes.com.ar\/principal\/wp-content\/uploads\/2021\/01\/DSC02775-630x354.jpg 630w, https:\/\/www.hoymercedes.com.ar\/principal\/wp-content\/uploads\/2021\/01\/DSC02775-150x84.jpg 150w, https:\/\/www.hoymercedes.com.ar\/principal\/wp-content\/uploads\/2021\/01\/DSC02775.jpg 1113w\" sizes=\"auto, (max-width: 1024px) 100vw, 1024px\" \/><\/figure>\n\n\n\n<p>Info: Sec. de Salud \/ HM<\/p>\n","protected":false},"excerpt":{"rendered":"<p>El intendente Ustarroz junto al equipo de salud encabezado por el Dr. N\u00e9stor Pisapia brindaron detalles de la amplia log\u00edstica, &#8230; <a title=\"El municipio organiza un fuerte plan de vacunaci\u00f3n contra el covid-19\" class=\"read-more\" href=\"https:\/\/www.hoymercedes.com.ar\/principal\/2021\/01\/15\/el-municipio-organiza-un-fuerte-plan-de-vacunacion-contra-el-covid-19\/\" aria-label=\"Leer m\u00e1s sobre El municipio organiza un fuerte plan de vacunaci\u00f3n contra el covid-19\">Leer m\u00e1s<\/a><\/p>\n","protected":false},"author":1,"featured_media":123303,"comment_status":"closed","ping_status":"open","sticky":false,"template":"","format":"standard","meta":{"_monsterinsights_skip_tracking":false,"_monsterinsights_sitenote_active":false,"_monsterinsights_sitenote_note":"","_monsterinsights_sitenote_category":0,"jetpack_post_was_ever_published":false,"_jetpack_newsletter_access":"","_jetpack_dont_email_post_to_subs":false,"_jetpack_newsletter_tier_id":0,"_jetpack_memberships_contains_paywalled_content":false,"_jetpack_memberships_contains_paid_content":false,"footnotes":"","jetpack_publicize_message":"","jetpack_publicize_feature_enabled":true,"jetpack_social_post_already_shared":true,"jetpack_social_options":{"image_generator_settings":{"template":"highway","default_image_id":0,"font":"","enabled":false},"version":2},"_wpas_customize_per_network":false},"categories":[30],"tags":[17457,11910,17459,17458],"class_list":["post-123300","post","type-post","status-publish","format-standard","has-post-thumbnail","hentry","category-municipio","tag-camapana-de-vacunacion","tag-clara-zunino","tag-marianela-arenilla","tag-nestor-pisapia-2","generate-columns","tablet-grid-50","mobile-grid-100","grid-parent","grid-50"],"jetpack_publicize_connections":[],"jetpack_featured_media_url":"https:\/\/www.hoymercedes.com.ar\/principal\/wp-content\/uploads\/2021\/01\/DSC02775.jpg","wps_subtitle":"","jetpack_sharing_enabled":true,"_links":{"self":[{"href":"https:\/\/www.hoymercedes.com.ar\/principal\/wp-json\/wp\/v2\/posts\/123300","targetHints":{"allow":["GET"]}}],"collection":[{"href":"https:\/\/www.hoymercedes.com.ar\/principal\/wp-json\/wp\/v2\/posts"}],"about":[{"href":"https:\/\/www.hoymercedes.com.ar\/principal\/wp-json\/wp\/v2\/types\/post"}],"author":[{"embeddable":true,"href":"https:\/\/www.hoymercedes.com.ar\/principal\/wp-json\/wp\/v2\/users\/1"}],"replies":[{"embeddable":true,"href":"https:\/\/www.hoymercedes.com.ar\/principal\/wp-json\/wp\/v2\/comments?post=123300"}],"version-history":[{"count":0,"href":"https:\/\/www.hoymercedes.com.ar\/principal\/wp-json\/wp\/v2\/posts\/123300\/revisions"}],"wp:featuredmedia":[{"embeddable":true,"href":"https:\/\/www.hoymercedes.com.ar\/principal\/wp-json\/wp\/v2\/media\/123303"}],"wp:attachment":[{"href":"https:\/\/www.hoymercedes.com.ar\/principal\/wp-json\/wp\/v2\/media?parent=123300"}],"wp:term":[{"taxonomy":"category","embeddable":true,"href":"https:\/\/www.hoymercedes.com.ar\/principal\/wp-json\/wp\/v2\/categories?post=123300"},{"taxonomy":"post_tag","embeddable":true,"href":"https:\/\/www.hoymercedes.com.ar\/principal\/wp-json\/wp\/v2\/tags?post=123300"}],"curies":[{"name":"wp","href":"https:\/\/api.w.org\/{rel}","templated":true}]}}