{"id":123318,"date":"2021-01-15T10:27:55","date_gmt":"2021-01-15T13:27:55","guid":{"rendered":"http:\/\/www.hoymercedes.com.ar\/principal\/?p=123318"},"modified":"2021-01-15T16:11:24","modified_gmt":"2021-01-15T19:11:24","slug":"arreglan-los-techos-del-museo-carlos-ameghino","status":"publish","type":"post","link":"https:\/\/www.hoymercedes.com.ar\/principal\/2021\/01\/15\/arreglan-los-techos-del-museo-carlos-ameghino\/","title":{"rendered":"Arreglan los techos del Museo \u00abCarlos Ameghino\u00bb"},"content":{"rendered":"\n<p>El espacio cultural municipal de la intersecci\u00f3n de 26 y 21, Museo de Ciencias Naturales \u00abCarlos Ameghino\u00bb, estuvo en obras los \u00faltimos meses. Aprovechando el cierre, se realizaron los arreglos en los techos y los desg\u00fces pluviales. <\/p>\n\n\n\n<div class=\"wp-block-image\"><figure class=\"aligncenter size-large\"><img loading=\"lazy\" decoding=\"async\" width=\"800\" height=\"533\" data-attachment-id=\"123319\" data-permalink=\"https:\/\/www.hoymercedes.com.ar\/principal\/2021\/01\/15\/arreglan-los-techos-del-museo-carlos-ameghino\/15-museo-marin-2\/#main\" data-orig-file=\"https:\/\/www.hoymercedes.com.ar\/principal\/wp-content\/uploads\/2021\/01\/15-museo-marin-2.png\" data-orig-size=\"800,533\" data-comments-opened=\"0\" data-image-meta=\"{&quot;aperture&quot;:&quot;0&quot;,&quot;credit&quot;:&quot;&quot;,&quot;camera&quot;:&quot;&quot;,&quot;caption&quot;:&quot;&quot;,&quot;created_timestamp&quot;:&quot;0&quot;,&quot;copyright&quot;:&quot;&quot;,&quot;focal_length&quot;:&quot;0&quot;,&quot;iso&quot;:&quot;0&quot;,&quot;shutter_speed&quot;:&quot;0&quot;,&quot;title&quot;:&quot;&quot;,&quot;orientation&quot;:&quot;0&quot;}\" data-image-title=\"15 museo marin 2\" data-image-description=\"\" data-image-caption=\"\" data-large-file=\"https:\/\/www.hoymercedes.com.ar\/principal\/wp-content\/uploads\/2021\/01\/15-museo-marin-2.png\" src=\"https:\/\/www.hoymercedes.com.ar\/principal\/wp-content\/uploads\/2021\/01\/15-museo-marin-2.png\" alt=\"\" class=\"wp-image-123319\" srcset=\"https:\/\/www.hoymercedes.com.ar\/principal\/wp-content\/uploads\/2021\/01\/15-museo-marin-2.png 800w, https:\/\/www.hoymercedes.com.ar\/principal\/wp-content\/uploads\/2021\/01\/15-museo-marin-2-630x420.png 630w, https:\/\/www.hoymercedes.com.ar\/principal\/wp-content\/uploads\/2021\/01\/15-museo-marin-2-150x100.png 150w, https:\/\/www.hoymercedes.com.ar\/principal\/wp-content\/uploads\/2021\/01\/15-museo-marin-2-700x465.png 700w\" sizes=\"auto, (max-width: 800px) 100vw, 800px\" \/><\/figure><\/div>\n\n\n\n<p>De acuerdo a la informaci\u00f3n que la direcci\u00f3n del Museo brind\u00f3, en el \u00abCarlos Ameghino \u00abrenovamos los techos y desag\u00fces de la sala y entrada de calle 21, as\u00ed como tambi\u00e9n de sal\u00f3n de exposiciones y muestras temporarias H\u00e9ctor Cueto. Adem\u00e1s, realizamos cambio de chapas del sal\u00f3n de paleontolog\u00eda Juan Pisano\u00bb.<\/p>\n\n\n\n<p>\u00abEn todo el \u00e1rea de cocina, oficina administrativa, sala de Etnograf\u00eda, Arqueolog\u00eda y Biodiversidad y Biblioteca realizamos un sobretecho. As\u00ed como tambi\u00e9n se renovaron chapas en taller\/atellier. Pronto tambi\u00e9n renovaremos el techo de sala \u00abJose Bonaparte\u00bb y laboratorio junto con el arreglo de desag\u00fces pluviales en todo el edificio\u00bb, explicaron.<\/p>\n\n\n\n<p>Estos trabajos, que hac\u00eda varios a\u00f1os que estaban en proyecto, permitir\u00e1n una mejor conservaci\u00f3n del patrimonio hist\u00f3rico y natural que el Museo guarda, as\u00ed como permitir\u00e1 que la exposici\u00f3n permanente no se arruine los d\u00edas de lluvias.<\/p>\n\n\n","protected":false},"excerpt":{"rendered":"<p>El espacio cultural municipal de la intersecci\u00f3n de 26 y 21, Museo de Ciencias Naturales \u00abCarlos Ameghino\u00bb, estuvo en obras &#8230; <a title=\"Arreglan los techos del Museo \u00abCarlos Ameghino\u00bb\" class=\"read-more\" href=\"https:\/\/www.hoymercedes.com.ar\/principal\/2021\/01\/15\/arreglan-los-techos-del-museo-carlos-ameghino\/\" aria-label=\"Leer m\u00e1s sobre Arreglan los techos del Museo \u00abCarlos Ameghino\u00bb\">Leer m\u00e1s<\/a><\/p>\n","protected":false},"author":1,"featured_media":123320,"comment_status":"closed","ping_status":"open","sticky":false,"template":"","format":"standard","meta":{"_monsterinsights_skip_tracking":false,"_monsterinsights_sitenote_active":false,"_monsterinsights_sitenote_note":"","_monsterinsights_sitenote_category":0,"jetpack_post_was_ever_published":false,"_jetpack_newsletter_access":"","_jetpack_dont_email_post_to_subs":false,"_jetpack_newsletter_tier_id":0,"_jetpack_memberships_contains_paywalled_content":false,"_jetpack_memberships_contains_paid_content":false,"footnotes":"","jetpack_publicize_message":"","jetpack_publicize_feature_enabled":true,"jetpack_social_post_already_shared":true,"jetpack_social_options":{"image_generator_settings":{"template":"highway","default_image_id":0,"font":"","enabled":false},"version":2},"_wpas_customize_per_network":false},"categories":[104],"tags":[8620,10707,1014,9177,17462],"class_list":["post-123318","post","type-post","status-publish","format-standard","has-post-thumbnail","hentry","category-cultura","tag-arreglos","tag-museo-carlos-ameghino","tag-obras","tag-patrimonio","tag-techos","generate-columns","tablet-grid-50","mobile-grid-100","grid-parent","grid-50"],"jetpack_publicize_connections":[],"jetpack_featured_media_url":"https:\/\/www.hoymercedes.com.ar\/principal\/wp-content\/uploads\/2021\/01\/15-museo-marin.png","wps_subtitle":"Infraestructura cultural","jetpack_sharing_enabled":true,"_links":{"self":[{"href":"https:\/\/www.hoymercedes.com.ar\/principal\/wp-json\/wp\/v2\/posts\/123318","targetHints":{"allow":["GET"]}}],"collection":[{"href":"https:\/\/www.hoymercedes.com.ar\/principal\/wp-json\/wp\/v2\/posts"}],"about":[{"href":"https:\/\/www.hoymercedes.com.ar\/principal\/wp-json\/wp\/v2\/types\/post"}],"author":[{"embeddable":true,"href":"https:\/\/www.hoymercedes.com.ar\/principal\/wp-json\/wp\/v2\/users\/1"}],"replies":[{"embeddable":true,"href":"https:\/\/www.hoymercedes.com.ar\/principal\/wp-json\/wp\/v2\/comments?post=123318"}],"version-history":[{"count":0,"href":"https:\/\/www.hoymercedes.com.ar\/principal\/wp-json\/wp\/v2\/posts\/123318\/revisions"}],"wp:featuredmedia":[{"embeddable":true,"href":"https:\/\/www.hoymercedes.com.ar\/principal\/wp-json\/wp\/v2\/media\/123320"}],"wp:attachment":[{"href":"https:\/\/www.hoymercedes.com.ar\/principal\/wp-json\/wp\/v2\/media?parent=123318"}],"wp:term":[{"taxonomy":"category","embeddable":true,"href":"https:\/\/www.hoymercedes.com.ar\/principal\/wp-json\/wp\/v2\/categories?post=123318"},{"taxonomy":"post_tag","embeddable":true,"href":"https:\/\/www.hoymercedes.com.ar\/principal\/wp-json\/wp\/v2\/tags?post=123318"}],"curies":[{"name":"wp","href":"https:\/\/api.w.org\/{rel}","templated":true}]}}