{"id":12332,"date":"2012-04-19T11:23:39","date_gmt":"2012-04-19T11:23:39","guid":{"rendered":"http:\/\/www.hoymercedes.com.ar\/principal\/?p=12332"},"modified":"2012-04-19T11:23:39","modified_gmt":"2012-04-19T11:23:39","slug":"hospital-se-agotaron-las-vacunas-contra-la-gripe-ante-la-gran-asistencia-de-vecinos","status":"publish","type":"post","link":"https:\/\/www.hoymercedes.com.ar\/principal\/2012\/04\/19\/hospital-se-agotaron-las-vacunas-contra-la-gripe-ante-la-gran-asistencia-de-vecinos\/","title":{"rendered":"Hospital: se agotaron las vacunas contra la gripe ante la gran asistencia de vecinos"},"content":{"rendered":"<p>El Director del Centro Asistencial sostuvo que reci\u00e9n este viernes podr\u00edan recibir una nueva partida. Amplia voluntad entre los mercedinos para colocarse una dosis. Principi le pido al Ministro tres nuevos nombramientos<\/p>\n<p>El Director del Hospital Blas L Dubarry., Dr Rodolfo Princip\u00ed confirmo oficialmente que debido al inter\u00e9s de los mercedinos, lo cual genero una demanda no prevista, el centro asistencial agoto el stock disponible de vacunas contra la gripo y ahora se encuentra a la espera que desde el Ministerio le vuelvan a enviar.<\/p>\n<p>Sostuvo \u201crealmente fue una verdadera sorpresa ver el alto grado de adhesi\u00f3n que nuestros vecinos est\u00e1n demostrando en torno a la colocaci\u00f3n de la dosis<\/p>\n<p>Hemos llegado a varios barrios de la ciudad pero aun nos falta, por eso esperamos ansiosos las dosis de refuerzo ya que por ejemplo tenemos el pedido de la presidente del Barrio San Antonio, la se\u00f1ora Nora Alvarado para que vayamos ya que cuenta con una lista de alrededor de cien vecinos inscriptos para recibir la vacuna.<\/p>\n<p>Algo similar paso hace pocos d\u00eda en la calle 26 y 53, nos llamaron preguntando se pod\u00edamos ir a vacunar ya que hab\u00eda un grupo, no nos informaron de cuantos, para vacunarse y cuando llegamos nos vimos virtualmente desbordados por la demanda.<\/p>\n<p>Creo que vamos en camino de repetir el \u00e9xito de las campa\u00f1as anteriores cuando pend\u00eda sobe nosotros el temor de la Gripe A, asi que seguiremos con la campa\u00f1a de ir por ejemplo las sociedades de fomentos, los establecimientos que cuenten con m\u00e1s de veinte empleados y en la medida del tiempo a todo lugar donde se requiera nuestra presencia con el equipo vacunador. Inclusive los colegios\u201d<\/p>\n<p><strong>Reuni\u00f3n en La Plata<\/strong><\/p>\n<p>Posteriormente el Director de Hospital Blas L Dubarry confirmo que en las ultimas horas se hab\u00eda reunido con el Ministro de Salud de la Provincia, Dr. Alejandro Collia sosteniendo \u201ces verdad mantuve una prolongada reuni\u00f3n con el se\u00f1or Ministro por varios motivos.<\/p>\n<p>En prime lugar desde ya el tema vacuna contra la gripe, peo tambi\u00e9n hablamos de algunas situaciones internas que se han venido produciendo en nuestro centro asistencial.<\/p>\n<p>Pero adem\u00e1s volv\u00ed a reiterar el pedido para que efect\u00fae tres nuevos nombramientos que necesitamos mucho, son tres profesionales que realmente no est\u00e1n haciendo mucha falta as\u00ed que de acuerdo a lo dicho por el ministerio en poco tiempo m\u00e1s podr\u00edamos tenerlos.<\/p>\n<p>Pero mas ala de todo esto lo que realmente mas me preocupa es el e tema de los accidentes en la v\u00eda publica, durante el fin de semana lamentablemente tuvimos que pedirle al Hospital de Suipacha una ambulancia para poder traer a uno de los herido en el accidente de la ruta 5 porque nosotros ten\u00edamos nuestras unidades en la calle ocupadas.<\/p>\n<p>Realmente estamos casi saturados de accidentes, el fin de semana pasado fue terrible, el consultorio de guardia no paro u n solo minuto, no tengo la planilla estad\u00edstica a mano peo me animar\u00eda a decir que hemos batido en el record de atenci\u00f3n entre el s\u00e1bado y el domingo, realmente algo tenemos que hacer si no que r}queremos lamentar cosas muchos m\u00e1s graves de las que est\u00e1n pasando\u201d<\/p>\n","protected":false},"excerpt":{"rendered":"<p>El Director del Centro Asistencial sostuvo que reci\u00e9n este viernes podr\u00edan recibir una nueva partida. Amplia voluntad entre los mercedinos &#8230; <a title=\"Hospital: se agotaron las vacunas contra la gripe ante la gran asistencia de vecinos\" class=\"read-more\" href=\"https:\/\/www.hoymercedes.com.ar\/principal\/2012\/04\/19\/hospital-se-agotaron-las-vacunas-contra-la-gripe-ante-la-gran-asistencia-de-vecinos\/\" aria-label=\"Leer m\u00e1s sobre Hospital: se agotaron las vacunas contra la gripe ante la gran asistencia de vecinos\">Leer m\u00e1s<\/a><\/p>\n","protected":false},"author":1,"featured_media":0,"comment_status":"open","ping_status":"open","sticky":false,"template":"","format":"standard","meta":{"_monsterinsights_skip_tracking":false,"_monsterinsights_sitenote_active":false,"_monsterinsights_sitenote_note":"","_monsterinsights_sitenote_category":0,"jetpack_post_was_ever_published":false,"_jetpack_newsletter_access":"","_jetpack_dont_email_post_to_subs":false,"_jetpack_newsletter_tier_id":0,"_jetpack_memberships_contains_paywalled_content":false,"_jetpack_memberships_contains_paid_content":false,"footnotes":"","jetpack_publicize_message":"","jetpack_publicize_feature_enabled":true,"jetpack_social_post_already_shared":false,"jetpack_social_options":{"image_generator_settings":{"template":"highway","default_image_id":0,"font":"","enabled":false},"version":2},"_wpas_customize_per_network":false},"categories":[8],"tags":[532,140,2084],"class_list":["post-12332","post","type-post","status-publish","format-standard","hentry","category-sociedad","tag-fito-principi","tag-hospital-dubarry","tag-vacunas-gripe-hospital","generate-columns","tablet-grid-50","mobile-grid-100","grid-parent","grid-50"],"jetpack_publicize_connections":[],"jetpack_featured_media_url":"","wps_subtitle":"","jetpack_sharing_enabled":true,"_links":{"self":[{"href":"https:\/\/www.hoymercedes.com.ar\/principal\/wp-json\/wp\/v2\/posts\/12332","targetHints":{"allow":["GET"]}}],"collection":[{"href":"https:\/\/www.hoymercedes.com.ar\/principal\/wp-json\/wp\/v2\/posts"}],"about":[{"href":"https:\/\/www.hoymercedes.com.ar\/principal\/wp-json\/wp\/v2\/types\/post"}],"author":[{"embeddable":true,"href":"https:\/\/www.hoymercedes.com.ar\/principal\/wp-json\/wp\/v2\/users\/1"}],"replies":[{"embeddable":true,"href":"https:\/\/www.hoymercedes.com.ar\/principal\/wp-json\/wp\/v2\/comments?post=12332"}],"version-history":[{"count":0,"href":"https:\/\/www.hoymercedes.com.ar\/principal\/wp-json\/wp\/v2\/posts\/12332\/revisions"}],"wp:attachment":[{"href":"https:\/\/www.hoymercedes.com.ar\/principal\/wp-json\/wp\/v2\/media?parent=12332"}],"wp:term":[{"taxonomy":"category","embeddable":true,"href":"https:\/\/www.hoymercedes.com.ar\/principal\/wp-json\/wp\/v2\/categories?post=12332"},{"taxonomy":"post_tag","embeddable":true,"href":"https:\/\/www.hoymercedes.com.ar\/principal\/wp-json\/wp\/v2\/tags?post=12332"}],"curies":[{"name":"wp","href":"https:\/\/api.w.org\/{rel}","templated":true}]}}