{"id":123327,"date":"2021-01-15T12:07:09","date_gmt":"2021-01-15T15:07:09","guid":{"rendered":"http:\/\/www.hoymercedes.com.ar\/principal\/?p=123327"},"modified":"2021-01-15T12:08:21","modified_gmt":"2021-01-15T15:08:21","slug":"maria-silvina-presente-en-la-copa-de-verano-de-mar-del-plata","status":"publish","type":"post","link":"https:\/\/www.hoymercedes.com.ar\/principal\/2021\/01\/15\/maria-silvina-presente-en-la-copa-de-verano-de-mar-del-plata\/","title":{"rendered":"Mar\u00eda Silvina, presente en la Copa de Verano de Mar del Plata"},"content":{"rendered":"\n<p>Durante la \u00faltima semana se llev\u00f3 a cabo en Mar del Plata la Copa de Verano de Equitaci\u00f3n donde estuvo presente el Club H\u00edpico Mar\u00eda Silvina. El torneo se jug\u00f3 bajo estrictos protocolos ya que participaron jinetes y amazonas de todo el pa\u00eds. Los representantes mercedinos tuvieron buenos resultados.<\/p>\n\n\n\n<div class=\"wp-block-image\"><figure class=\"aligncenter size-large\"><img loading=\"lazy\" decoding=\"async\" width=\"960\" height=\"540\" data-attachment-id=\"123328\" data-permalink=\"https:\/\/www.hoymercedes.com.ar\/principal\/2021\/01\/15\/maria-silvina-presente-en-la-copa-de-verano-de-mar-del-plata\/hipico-maria-silvina-en-mar-del-plat\/#main\" data-orig-file=\"https:\/\/www.hoymercedes.com.ar\/principal\/wp-content\/uploads\/2021\/01\/hipico-maria-silvina-en-mar-del-plat.jpg\" data-orig-size=\"960,540\" data-comments-opened=\"0\" data-image-meta=\"{&quot;aperture&quot;:&quot;0&quot;,&quot;credit&quot;:&quot;&quot;,&quot;camera&quot;:&quot;&quot;,&quot;caption&quot;:&quot;&quot;,&quot;created_timestamp&quot;:&quot;0&quot;,&quot;copyright&quot;:&quot;&quot;,&quot;focal_length&quot;:&quot;0&quot;,&quot;iso&quot;:&quot;0&quot;,&quot;shutter_speed&quot;:&quot;0&quot;,&quot;title&quot;:&quot;&quot;,&quot;orientation&quot;:&quot;0&quot;}\" data-image-title=\"hipico-maria-silvina-en-mar-del-plat\" data-image-description=\"\" data-image-caption=\"\" data-large-file=\"https:\/\/www.hoymercedes.com.ar\/principal\/wp-content\/uploads\/2021\/01\/hipico-maria-silvina-en-mar-del-plat.jpg\" src=\"https:\/\/www.hoymercedes.com.ar\/principal\/wp-content\/uploads\/2021\/01\/hipico-maria-silvina-en-mar-del-plat.jpg\" alt=\"\" class=\"wp-image-123328\" srcset=\"https:\/\/www.hoymercedes.com.ar\/principal\/wp-content\/uploads\/2021\/01\/hipico-maria-silvina-en-mar-del-plat.jpg 960w, https:\/\/www.hoymercedes.com.ar\/principal\/wp-content\/uploads\/2021\/01\/hipico-maria-silvina-en-mar-del-plat-630x354.jpg 630w, https:\/\/www.hoymercedes.com.ar\/principal\/wp-content\/uploads\/2021\/01\/hipico-maria-silvina-en-mar-del-plat-150x84.jpg 150w\" sizes=\"auto, (max-width: 960px) 100vw, 960px\" \/><\/figure><\/div>\n\n\n\n<p><strong>Altura Cruzadas categor\u00eda Iniciados<\/strong><br>4\u00b0 Luisina Martinelli con BP Blanqui.<br>5\u00b0 Jazm\u00edn Culio con BP Fantasma.<br>6\u00b0 Agustina Culio con BP Fantasma.<br>8\u00b0 Clementina Renaldo con BP Banqui.<\/p>\n\n\n\n<p><strong>Altura 60 cm categor\u00eda Iniciados<br><\/strong>3\u00b0 Albertina G\u00f3mez Vinacua con Odabella.<\/p>\n\n\n\n<p><strong>Altura 70 cm categor\u00eda Escuela menor<br><\/strong>4\u00b0 Roc\u00edo Sjober con Baral Takasaki.<br>10\u00b0 Juana Pereyra con Cerveza.<br>11\u00b0 Juana Suarez con MOP Montesquieu.<\/p>\n\n\n\n<p><strong>Altura 80 cm categor\u00eda Escuela Mayor<br><\/strong>4\u00b0 Lucia Mitarotonda con BP Domin\u00f3.<\/p>\n\n\n\n<p><strong>Categor\u00eda Escuela Menor<\/strong><br>5\u00b0 Roc\u00edo Sjober con Baral Takasaki.<\/p>\n\n\n\n<p><strong>Altura 90 cm categor\u00eda Tercera<br><\/strong>6\u00b0 Camila Guiacobini con BP Jofre.<br>15\u00b0 Tom\u00e1s Rond\u00f3n con Kings Eagle.<\/p>\n\n\n\n<p><strong>Altura 1 metro categor\u00eda Children<br><\/strong>4\u00b0 Catalina Revello con Mr. Gato y participaron en categor\u00eda Tercera Ana Sofia Lapadula con V. Tanguito, Valentina Ag\u00fcero con ADC Quick Troy y Mar\u00eda Paz Rey Pruzzo con MOP Montesquieu.<\/p>\n\n\n\n<p><strong>Altura 1.30m categor\u00eda Segunda<\/strong><br>Mar\u00eda Bel\u00e9n Rey Pruzzo con LV Choice Pearl.<\/p>\n","protected":false},"excerpt":{"rendered":"<p>Durante la \u00faltima semana se llev\u00f3 a cabo en Mar del Plata la Copa de Verano de Equitaci\u00f3n donde estuvo &#8230; <a title=\"Mar\u00eda Silvina, presente en la Copa de Verano de Mar del Plata\" class=\"read-more\" href=\"https:\/\/www.hoymercedes.com.ar\/principal\/2021\/01\/15\/maria-silvina-presente-en-la-copa-de-verano-de-mar-del-plata\/\" aria-label=\"Leer m\u00e1s sobre Mar\u00eda Silvina, presente en la Copa de Verano de Mar del Plata\">Leer m\u00e1s<\/a><\/p>\n","protected":false},"author":1,"featured_media":123328,"comment_status":"closed","ping_status":"open","sticky":false,"template":"","format":"standard","meta":{"_monsterinsights_skip_tracking":false,"_monsterinsights_sitenote_active":false,"_monsterinsights_sitenote_note":"","_monsterinsights_sitenote_category":0,"jetpack_post_was_ever_published":false,"_jetpack_newsletter_access":"","_jetpack_dont_email_post_to_subs":false,"_jetpack_newsletter_tier_id":0,"_jetpack_memberships_contains_paywalled_content":false,"_jetpack_memberships_contains_paid_content":false,"footnotes":"","jetpack_publicize_message":"","jetpack_publicize_feature_enabled":true,"jetpack_social_post_already_shared":true,"jetpack_social_options":{"image_generator_settings":{"template":"highway","default_image_id":0,"font":"","enabled":false},"version":2},"_wpas_customize_per_network":false},"categories":[21],"tags":[14217],"class_list":["post-123327","post","type-post","status-publish","format-standard","has-post-thumbnail","hentry","category-deportes","tag-equitacion-2","generate-columns","tablet-grid-50","mobile-grid-100","grid-parent","grid-50"],"jetpack_publicize_connections":[],"jetpack_featured_media_url":"https:\/\/www.hoymercedes.com.ar\/principal\/wp-content\/uploads\/2021\/01\/hipico-maria-silvina-en-mar-del-plat.jpg","wps_subtitle":"","jetpack_sharing_enabled":true,"_links":{"self":[{"href":"https:\/\/www.hoymercedes.com.ar\/principal\/wp-json\/wp\/v2\/posts\/123327","targetHints":{"allow":["GET"]}}],"collection":[{"href":"https:\/\/www.hoymercedes.com.ar\/principal\/wp-json\/wp\/v2\/posts"}],"about":[{"href":"https:\/\/www.hoymercedes.com.ar\/principal\/wp-json\/wp\/v2\/types\/post"}],"author":[{"embeddable":true,"href":"https:\/\/www.hoymercedes.com.ar\/principal\/wp-json\/wp\/v2\/users\/1"}],"replies":[{"embeddable":true,"href":"https:\/\/www.hoymercedes.com.ar\/principal\/wp-json\/wp\/v2\/comments?post=123327"}],"version-history":[{"count":0,"href":"https:\/\/www.hoymercedes.com.ar\/principal\/wp-json\/wp\/v2\/posts\/123327\/revisions"}],"wp:featuredmedia":[{"embeddable":true,"href":"https:\/\/www.hoymercedes.com.ar\/principal\/wp-json\/wp\/v2\/media\/123328"}],"wp:attachment":[{"href":"https:\/\/www.hoymercedes.com.ar\/principal\/wp-json\/wp\/v2\/media?parent=123327"}],"wp:term":[{"taxonomy":"category","embeddable":true,"href":"https:\/\/www.hoymercedes.com.ar\/principal\/wp-json\/wp\/v2\/categories?post=123327"},{"taxonomy":"post_tag","embeddable":true,"href":"https:\/\/www.hoymercedes.com.ar\/principal\/wp-json\/wp\/v2\/tags?post=123327"}],"curies":[{"name":"wp","href":"https:\/\/api.w.org\/{rel}","templated":true}]}}