{"id":123343,"date":"2021-01-15T20:49:24","date_gmt":"2021-01-15T23:49:24","guid":{"rendered":"http:\/\/www.hoymercedes.com.ar\/principal\/?p=123343"},"modified":"2021-01-16T17:33:19","modified_gmt":"2021-01-16T20:33:19","slug":"instalaron-balcones-gastronomicos-en-el-centro-de-la-ciudad","status":"publish","type":"post","link":"https:\/\/www.hoymercedes.com.ar\/principal\/2021\/01\/15\/instalaron-balcones-gastronomicos-en-el-centro-de-la-ciudad\/","title":{"rendered":"Instalaron balcones gastron\u00f3micos en el centro de la ciudad"},"content":{"rendered":"\n<p>La Municipalidad de Mercedes inici\u00f3 la colocaci\u00f3n de \u201cbalcones gastron\u00f3micos\u201d en los comercios del rubro que est\u00e1n dentro del radio c\u00e9ntrico. El objetivo es garantizar los encuentros al aire libre y el distanciamiento social de los vecinos que asistan a los bares, pizzer\u00edas, helader\u00edas, confiter\u00edas y restaurantes. <\/p>\n\n\n\n<p>Los balcones gastron\u00f3micos era un proyecto que la Direcci\u00f3n de Planeamiento present\u00f3 en el 2019 con la intervenci\u00f3n urbana en el casco c\u00e9ntrico. En aquella oportunidad, se mostr\u00f3 el croquis y la simulaci\u00f3n de los dise\u00f1os. Por estas horas, comenz\u00f3 la instalaci\u00f3n. Primero lo hicieron en la calle 27, entre 22 y 18, para luego continuar con la calle 25.  \u00a0<\/p>\n\n\n\n<p>\u201cIniciamos la colocaci\u00f3n de los \u00abbalcones gastron\u00f3micos\u00bb. Son estructuras al aire libre para poder disfrutar de nuestro hermoso centro, la excelente gastronom\u00eda y respetar las normas socio sanitarias. Es un proyecto de intervenci\u00f3n urbana que surge de la planificaci\u00f3n estrat\u00e9gica que, ahora, adem\u00e1s, se vuelve una gran herramienta para cuidarnos entre todas y todos\u201d, cont\u00f3 el intendente Ustarroz. \u00a0<\/p>\n\n\n\n<p>La propuesta presentada en 2019 cont\u00f3 con la aprobaci\u00f3n del Concejo Deliberante, y se present\u00f3 con los comerciantes gastron\u00f3micos y la C\u00e1mara Econ\u00f3mica Mercedina. <\/p>\n","protected":false},"excerpt":{"rendered":"<p>La Municipalidad de Mercedes inici\u00f3 la colocaci\u00f3n de \u201cbalcones gastron\u00f3micos\u201d en los comercios del rubro que est\u00e1n dentro del radio &#8230; <a title=\"Instalaron balcones gastron\u00f3micos en el centro de la ciudad\" class=\"read-more\" href=\"https:\/\/www.hoymercedes.com.ar\/principal\/2021\/01\/15\/instalaron-balcones-gastronomicos-en-el-centro-de-la-ciudad\/\" aria-label=\"Leer m\u00e1s sobre Instalaron balcones gastron\u00f3micos en el centro de la ciudad\">Leer m\u00e1s<\/a><\/p>\n","protected":false},"author":1,"featured_media":123346,"comment_status":"closed","ping_status":"open","sticky":false,"template":"","format":"standard","meta":{"_monsterinsights_skip_tracking":false,"_monsterinsights_sitenote_active":false,"_monsterinsights_sitenote_note":"","_monsterinsights_sitenote_category":0,"jetpack_post_was_ever_published":false,"_jetpack_newsletter_access":"","_jetpack_dont_email_post_to_subs":false,"_jetpack_newsletter_tier_id":0,"_jetpack_memberships_contains_paywalled_content":false,"_jetpack_memberships_contains_paid_content":false,"footnotes":"","jetpack_publicize_message":"","jetpack_publicize_feature_enabled":true,"jetpack_social_post_already_shared":true,"jetpack_social_options":{"image_generator_settings":{"template":"highway","default_image_id":0,"font":"","enabled":false},"version":2},"_wpas_customize_per_network":false},"categories":[30],"tags":[17470,8792,13069,17471,244],"class_list":["post-123343","post","type-post","status-publish","format-standard","has-post-thumbnail","hentry","category-municipio","tag-balcones-gastronomicos","tag-centro","tag-comercios","tag-locales-gastronomicos","tag-municipio-2","generate-columns","tablet-grid-50","mobile-grid-100","grid-parent","grid-50"],"jetpack_publicize_connections":[],"jetpack_featured_media_url":"https:\/\/www.hoymercedes.com.ar\/principal\/wp-content\/uploads\/2021\/01\/15-balcones-gastron.jpg","wps_subtitle":"Extensi\u00f3n de las veredas","jetpack_sharing_enabled":true,"_links":{"self":[{"href":"https:\/\/www.hoymercedes.com.ar\/principal\/wp-json\/wp\/v2\/posts\/123343","targetHints":{"allow":["GET"]}}],"collection":[{"href":"https:\/\/www.hoymercedes.com.ar\/principal\/wp-json\/wp\/v2\/posts"}],"about":[{"href":"https:\/\/www.hoymercedes.com.ar\/principal\/wp-json\/wp\/v2\/types\/post"}],"author":[{"embeddable":true,"href":"https:\/\/www.hoymercedes.com.ar\/principal\/wp-json\/wp\/v2\/users\/1"}],"replies":[{"embeddable":true,"href":"https:\/\/www.hoymercedes.com.ar\/principal\/wp-json\/wp\/v2\/comments?post=123343"}],"version-history":[{"count":0,"href":"https:\/\/www.hoymercedes.com.ar\/principal\/wp-json\/wp\/v2\/posts\/123343\/revisions"}],"wp:featuredmedia":[{"embeddable":true,"href":"https:\/\/www.hoymercedes.com.ar\/principal\/wp-json\/wp\/v2\/media\/123346"}],"wp:attachment":[{"href":"https:\/\/www.hoymercedes.com.ar\/principal\/wp-json\/wp\/v2\/media?parent=123343"}],"wp:term":[{"taxonomy":"category","embeddable":true,"href":"https:\/\/www.hoymercedes.com.ar\/principal\/wp-json\/wp\/v2\/categories?post=123343"},{"taxonomy":"post_tag","embeddable":true,"href":"https:\/\/www.hoymercedes.com.ar\/principal\/wp-json\/wp\/v2\/tags?post=123343"}],"curies":[{"name":"wp","href":"https:\/\/api.w.org\/{rel}","templated":true}]}}