{"id":123344,"date":"2021-01-15T21:46:00","date_gmt":"2021-01-16T00:46:00","guid":{"rendered":"http:\/\/www.hoymercedes.com.ar\/principal\/?p=123344"},"modified":"2021-01-16T17:32:42","modified_gmt":"2021-01-16T20:32:42","slug":"covid-19-confirman-12-332-nuevos-casos-y-103-fallecimientos-en-el-pais","status":"publish","type":"post","link":"https:\/\/www.hoymercedes.com.ar\/principal\/2021\/01\/15\/covid-19-confirman-12-332-nuevos-casos-y-103-fallecimientos-en-el-pais\/","title":{"rendered":"Covid-19:  Confirman 12.332 nuevos casos y 103 fallecimientos en el pa\u00eds"},"content":{"rendered":"\n<p>El Ministerio de Salud de la Naci\u00f3n inform\u00f3 que, durante las \u00faltimas 24 horas,\u00a0se registraron 103 muertes y 12.332 nuevos casos positivos de coronavirus. Con estos datos, el total de infectados asciende a 1.783.047 y las v\u00edctimas fatales suman 45.227.<\/p>\n\n\n\n<p>Del total de muertes contabilizadas este jueves: 52 son hombres(23 residentes de la provincia de Buenos Aires, 3 de la Ciudad de Buenos Aires, 1 de Chaco, 1 de Entre R\u00edos, 1 de Formosa, 1 de Jujuy, 5 de La Pampa, 2 de Mendoza, 2 de Misiones, 3 de R\u00edo Negro, 1 de San Juan, 1 de Santa Cruz, 1 de Santa Fe, 2 de Tierra del Fuego)y49 mujeres(18 residentes de la provincia de Buenos Aires, 2 de la Ciudad de Buenos Aires, 2 de Chaco, 5 de La Pampa, 2 de Mendoza, 1 de Misiones, 1 de Neuqu\u00e9n, 1 de R\u00edo Negro, 3 de Santa Cruz, 6 de Santa Fe, 7 de Tierra del Fuego y 1 de Tucum\u00e1n).<\/p>\n\n\n\n<p>Seg\u00fan el parte epidemiol\u00f3gico, dos personas (una de la provincia de Buenos Aires y otra de la provincia de Santa Cruz) fueron registradas sin dato de sexo.<\/p>\n\n\n\n<p><strong>De los 12.332 casos<\/strong>, 4.742 son de la provincia de Buenos Aires, 1.306 de la ciudad de Buenos Aires, 395 de Catamarca, 226 de Chaco, 408 de Chubut, 235 de Corrientes, 649 de C\u00f3rdoba, 537 de Entre R\u00edos, 58 de Formosa, 21 de Jujuy, 195 de La Pampa, 13 de La Rioja, 135 de Mendoza, 104 de Misiones, 515 de Neuqu\u00e9n, 334 de R\u00edo Negro, 59 de Salta, 111 de San Juan, 33 de San Luis, 332 de Santa Cruz, 1.488 de Santa Fe, 92 de Santiago del Estero, 91 de Tierra del Fuego y 253 de Tucum\u00e1n.<\/p>\n","protected":false},"excerpt":{"rendered":"<p>El Ministerio de Salud de la Naci\u00f3n inform\u00f3 que, durante las \u00faltimas 24 horas,\u00a0se registraron 103 muertes y 12.332 nuevos &#8230; <a title=\"Covid-19:  Confirman 12.332 nuevos casos y 103 fallecimientos en el pa\u00eds\" class=\"read-more\" href=\"https:\/\/www.hoymercedes.com.ar\/principal\/2021\/01\/15\/covid-19-confirman-12-332-nuevos-casos-y-103-fallecimientos-en-el-pais\/\" aria-label=\"Leer m\u00e1s sobre Covid-19:  Confirman 12.332 nuevos casos y 103 fallecimientos en el pa\u00eds\">Leer m\u00e1s<\/a><\/p>\n","protected":false},"author":1,"featured_media":111450,"comment_status":"closed","ping_status":"open","sticky":false,"template":"","format":"standard","meta":{"_monsterinsights_skip_tracking":false,"_monsterinsights_sitenote_active":false,"_monsterinsights_sitenote_note":"","_monsterinsights_sitenote_category":0,"jetpack_post_was_ever_published":false,"_jetpack_newsletter_access":"","_jetpack_dont_email_post_to_subs":false,"_jetpack_newsletter_tier_id":0,"_jetpack_memberships_contains_paywalled_content":false,"_jetpack_memberships_contains_paid_content":false,"footnotes":"","jetpack_publicize_message":"","jetpack_publicize_feature_enabled":true,"jetpack_social_post_already_shared":true,"jetpack_social_options":{"image_generator_settings":{"template":"highway","default_image_id":0,"font":"","enabled":false},"version":2},"_wpas_customize_per_network":false},"categories":[9791],"tags":[17468,17469,16175,16313],"class_list":["post-123344","post","type-post","status-publish","format-standard","has-post-thumbnail","hentry","category-salud","tag-casos-en-argentina","tag-confirmados","tag-coronavirus","tag-covid-19","generate-columns","tablet-grid-50","mobile-grid-100","grid-parent","grid-50"],"jetpack_publicize_connections":[],"jetpack_featured_media_url":"https:\/\/www.hoymercedes.com.ar\/principal\/wp-content\/uploads\/2020\/05\/31-Coronavirus-Estudios-696x429-1.jpg","wps_subtitle":"Coronavirus en Argentina","jetpack_sharing_enabled":true,"_links":{"self":[{"href":"https:\/\/www.hoymercedes.com.ar\/principal\/wp-json\/wp\/v2\/posts\/123344","targetHints":{"allow":["GET"]}}],"collection":[{"href":"https:\/\/www.hoymercedes.com.ar\/principal\/wp-json\/wp\/v2\/posts"}],"about":[{"href":"https:\/\/www.hoymercedes.com.ar\/principal\/wp-json\/wp\/v2\/types\/post"}],"author":[{"embeddable":true,"href":"https:\/\/www.hoymercedes.com.ar\/principal\/wp-json\/wp\/v2\/users\/1"}],"replies":[{"embeddable":true,"href":"https:\/\/www.hoymercedes.com.ar\/principal\/wp-json\/wp\/v2\/comments?post=123344"}],"version-history":[{"count":0,"href":"https:\/\/www.hoymercedes.com.ar\/principal\/wp-json\/wp\/v2\/posts\/123344\/revisions"}],"wp:featuredmedia":[{"embeddable":true,"href":"https:\/\/www.hoymercedes.com.ar\/principal\/wp-json\/wp\/v2\/media\/111450"}],"wp:attachment":[{"href":"https:\/\/www.hoymercedes.com.ar\/principal\/wp-json\/wp\/v2\/media?parent=123344"}],"wp:term":[{"taxonomy":"category","embeddable":true,"href":"https:\/\/www.hoymercedes.com.ar\/principal\/wp-json\/wp\/v2\/categories?post=123344"},{"taxonomy":"post_tag","embeddable":true,"href":"https:\/\/www.hoymercedes.com.ar\/principal\/wp-json\/wp\/v2\/tags?post=123344"}],"curies":[{"name":"wp","href":"https:\/\/api.w.org\/{rel}","templated":true}]}}