{"id":12335,"date":"2012-04-19T14:09:05","date_gmt":"2012-04-19T14:09:05","guid":{"rendered":"http:\/\/www.hoymercedes.com.ar\/principal\/?p=12335"},"modified":"2012-04-19T14:09:05","modified_gmt":"2012-04-19T14:09:05","slug":"funcionario-y-periodista-invitados-al-concejo-deliberante","status":"publish","type":"post","link":"https:\/\/www.hoymercedes.com.ar\/principal\/2012\/04\/19\/funcionario-y-periodista-invitados-al-concejo-deliberante\/","title":{"rendered":"Funcionario y periodista invitados al Concejo Deliberante"},"content":{"rendered":"<p>Mientras que en Obra Publicas asisti\u00f3 el Secretario Gustavo Salomone en la de Planeamiento concurri\u00f3 Jorge Guevara<\/p>\n<p>Parecer\u00eda ser que el 2012 comenz\u00f3 con un trabajo intenso en el marco del funcionamiento de as diferentes comisiones que integran el mismo ya que en las \u00faltimas horas debieron presentarse especialmente invitadas en Obras Publicas el Secretario del \u00c1rea Gustavo Salomone y en Planeamiento el periodista Jorge Guevara.<\/p>\n<p>De acuerdo a los datos entregados por los ediles presentes \u201cla reuni\u00f3n con Salomone se debi\u00f3 a varios aspectos entre ellos el de dar una soluci\u00f3n al sector del zanj\u00f3n a cielo abierto de la calle 15 por lo menos desde 52 a 56 a pesar que se sabe my bien que hay una propuesta de entubar todo el recorrido del mismo pero ello realmente cuesta mucho dinero.<\/p>\n<p>El temor que tienen no solo los vecinos sino tambi\u00e9n nosotros es que en cualquier momento por alguna mala maniobra caiga al interior del mismo alg\u00fan veh\u00edculo. La idea es la de construir un tipo de empalizada que frene la trayectoria del veh\u00edculo.<\/p>\n<p>Tambi\u00e9n abordamos otros temas por ejemplo como se encarar\u00e1 el plan de pavimentaci\u00f3n prometido, cuales ser\u00eda en principio las calles beneficiadas, hablamos tambi\u00e9n acerca de la continuaci\u00f3n en la construcci\u00f3n de cordones cunetas y el entoscado en calles de tierra, y la construcci\u00f3n de reductores de velocidad en diferentes sectores de a ciudad\u201d<\/p>\n<p>Posteriormente con relaci\u00f3n a la presencia del periodista Jorge Guevara, Jos\u00e9 Cestari sostuvo \u201cle pedimos que nos diera algunos datos debido a una petici\u00f3n que hace ya bastante tiempo han efectuado vecinos de Gowland con relaci\u00f3n a algunos terrenos que quedaron libres cuando se estaba construyendo el denominado barrio Sal-Lari, ustedes recordar\u00e1n que era la industria que fabricaba autom\u00f3viles.<\/p>\n<p>Recodamos que su oportunidad el Polo Obrero presento un proyecto solicitando dichos terrenos y la casas en parte construidas luego del quiebre de la empresa ya aludida y Jorge Guevara fue un de los firmantes de dicho pedido<\/p>\n<p>Lamentablemente dicho expediente fue pasando de manos en manos primero entre las comisiones y luego en la s diferentes \u00e1reas del Departamento Ejecutivo, pero hasta el momento no se ha encontrado ninguna soluci\u00f3n.<\/p>\n<p>En la comisi\u00f3n por unanimidad determinar en primer t\u00e9rmino en que condiciones se encuentran los mismos, es decir en que situaci\u00f3n est\u00e1n con relaci\u00f3n a las tasas municipales, si en alguna oportunidad se pago algo o nunca., y a partir de ello buscar una salida teniendo en cuenta que la Ley Org\u00e1nica de las Municipalidades faculta a los municipio a actuar de manera directa en casos como el que se ha presentado.<\/p>\n<p>En ambos casos fuero reuniones realmente muy provechosas, pudimos hacer todas las consultas que necesit\u00e1bamos y las dos personas a las que invitamos a concurrir pusieron toda su disposici\u00f3n para aclarar los temas<\/p>\n<p>Creo que este a\u00f1o vamos a tener una din\u00e1mica muy especial seguramente estando mucho m\u00e1s cerca de los barrios y por ende de los vecinos.<\/p>\n<p>Por otra parte y completando la semana estamos plenamente metidos en la rendici\u00f3n de cuentas presentada por el intendente, estamos entre todos los concejales haciendo un trabajo bien serio para que todos los vecinos tengan la tranquilidad que sus dineros nos se gastan en cosas no necesarias\u201d.<\/p>\n","protected":false},"excerpt":{"rendered":"<p>Mientras que en Obra Publicas asisti\u00f3 el Secretario Gustavo Salomone en la de Planeamiento concurri\u00f3 Jorge Guevara Parecer\u00eda ser que &#8230; <a title=\"Funcionario y periodista invitados al Concejo Deliberante\" class=\"read-more\" href=\"https:\/\/www.hoymercedes.com.ar\/principal\/2012\/04\/19\/funcionario-y-periodista-invitados-al-concejo-deliberante\/\" aria-label=\"Leer m\u00e1s sobre Funcionario y periodista invitados al Concejo Deliberante\">Leer m\u00e1s<\/a><\/p>\n","protected":false},"author":1,"featured_media":0,"comment_status":"open","ping_status":"open","sticky":false,"template":"","format":"standard","meta":{"_monsterinsights_skip_tracking":false,"_monsterinsights_sitenote_active":false,"_monsterinsights_sitenote_note":"","_monsterinsights_sitenote_category":0,"jetpack_post_was_ever_published":false,"_jetpack_newsletter_access":"","_jetpack_dont_email_post_to_subs":false,"_jetpack_newsletter_tier_id":0,"_jetpack_memberships_contains_paywalled_content":false,"_jetpack_memberships_contains_paid_content":false,"footnotes":"","jetpack_publicize_message":"","jetpack_publicize_feature_enabled":true,"jetpack_social_post_already_shared":false,"jetpack_social_options":{"image_generator_settings":{"template":"highway","default_image_id":0,"font":"","enabled":false},"version":2},"_wpas_customize_per_network":false},"categories":[5],"tags":[236],"class_list":["post-12335","post","type-post","status-publish","format-standard","hentry","category-politica","tag-concejo-deliberante","generate-columns","tablet-grid-50","mobile-grid-100","grid-parent","grid-50"],"jetpack_publicize_connections":[],"jetpack_featured_media_url":"","wps_subtitle":"","jetpack_sharing_enabled":true,"_links":{"self":[{"href":"https:\/\/www.hoymercedes.com.ar\/principal\/wp-json\/wp\/v2\/posts\/12335","targetHints":{"allow":["GET"]}}],"collection":[{"href":"https:\/\/www.hoymercedes.com.ar\/principal\/wp-json\/wp\/v2\/posts"}],"about":[{"href":"https:\/\/www.hoymercedes.com.ar\/principal\/wp-json\/wp\/v2\/types\/post"}],"author":[{"embeddable":true,"href":"https:\/\/www.hoymercedes.com.ar\/principal\/wp-json\/wp\/v2\/users\/1"}],"replies":[{"embeddable":true,"href":"https:\/\/www.hoymercedes.com.ar\/principal\/wp-json\/wp\/v2\/comments?post=12335"}],"version-history":[{"count":0,"href":"https:\/\/www.hoymercedes.com.ar\/principal\/wp-json\/wp\/v2\/posts\/12335\/revisions"}],"wp:attachment":[{"href":"https:\/\/www.hoymercedes.com.ar\/principal\/wp-json\/wp\/v2\/media?parent=12335"}],"wp:term":[{"taxonomy":"category","embeddable":true,"href":"https:\/\/www.hoymercedes.com.ar\/principal\/wp-json\/wp\/v2\/categories?post=12335"},{"taxonomy":"post_tag","embeddable":true,"href":"https:\/\/www.hoymercedes.com.ar\/principal\/wp-json\/wp\/v2\/tags?post=12335"}],"curies":[{"name":"wp","href":"https:\/\/api.w.org\/{rel}","templated":true}]}}