{"id":123369,"date":"2021-01-16T10:24:07","date_gmt":"2021-01-16T13:24:07","guid":{"rendered":"http:\/\/www.hoymercedes.com.ar\/principal\/?p=123369"},"modified":"2021-01-16T17:30:06","modified_gmt":"2021-01-16T20:30:06","slug":"coronavirus-hisoparan-en-los-caps-de-agote-blandengues-y-san-martin","status":"publish","type":"post","link":"https:\/\/www.hoymercedes.com.ar\/principal\/2021\/01\/16\/coronavirus-hisoparan-en-los-caps-de-agote-blandengues-y-san-martin\/","title":{"rendered":"Coronavirus: hisopar\u00e1n en los CAPS de Agote, Blandengues y San Mart\u00edn"},"content":{"rendered":"\n<p>En el marco de la presentaci\u00f3n que el Municipio de Mercedes llev\u00f3 adelante d\u00edas atr\u00e1s sobre las medidas a tomar en esta nueva etapa de la pandemia, las autoriades comunales confirmaron que dispondr\u00e1n de tres centros de atenci\u00f3n primaria de la salud (CAPS) para atender a los pacientes con s\u00edntomas compatibles de covid-19 y hacerles ah\u00ed mismo los hisopados. Se trata de los CAPS de Agote, y de los barrios Blandenques y San Mart\u00edn. <\/p>\n\n\n\n<p>\u201cEstablecimos para la descentralizaci\u00f3n del diagn\u00f3stico utilizar tres CAPS municipales. Hemos hecho un trabajo de capacitaci\u00f3n y entrenamiento del personal con lo cual desde la semana que viene empezaremos a hisopar desentralizadamente\u201d explic\u00f3 el Dr N\u00e9stor Pisapia, Secretario de Salud del Municipio de Mercedes.&nbsp;<\/p>\n\n\n\n<p>Es as\u00ed que desde el lunes, los CAPS de Agote, (en la zona rural en calle 506 y 507), en el del barrio Blandengues, (en 16 y 105) y en el del barrio San Mart\u00edn (en 2 y 61) extender\u00e1n la atenci\u00f3n a pacientes con s\u00edntomas compatibles de covid-19 con la reailzaci\u00f3n de los hisopados. O sea, adem\u00e1s de ser centros de asistencia, consulta y atenci\u00f3n, har\u00e1n hisopados. Algo que permitir\u00e1 descomprimir la guardia respiratoria y covid-19 del Hospital Dubarry y la Cl\u00ednica Nueva Cruz Azul.<\/p>\n","protected":false},"excerpt":{"rendered":"<p>En el marco de la presentaci\u00f3n que el Municipio de Mercedes llev\u00f3 adelante d\u00edas atr\u00e1s sobre las medidas a tomar &#8230; <a title=\"Coronavirus: hisopar\u00e1n en los CAPS de Agote, Blandengues y San Mart\u00edn\" class=\"read-more\" href=\"https:\/\/www.hoymercedes.com.ar\/principal\/2021\/01\/16\/coronavirus-hisoparan-en-los-caps-de-agote-blandengues-y-san-martin\/\" aria-label=\"Leer m\u00e1s sobre Coronavirus: hisopar\u00e1n en los CAPS de Agote, Blandengues y San Mart\u00edn\">Leer m\u00e1s<\/a><\/p>\n","protected":false},"author":1,"featured_media":123368,"comment_status":"closed","ping_status":"open","sticky":false,"template":"","format":"standard","meta":{"_monsterinsights_skip_tracking":false,"_monsterinsights_sitenote_active":false,"_monsterinsights_sitenote_note":"","_monsterinsights_sitenote_category":0,"jetpack_post_was_ever_published":false,"_jetpack_newsletter_access":"","_jetpack_dont_email_post_to_subs":false,"_jetpack_newsletter_tier_id":0,"_jetpack_memberships_contains_paywalled_content":false,"_jetpack_memberships_contains_paid_content":false,"footnotes":"","jetpack_publicize_message":"","jetpack_publicize_feature_enabled":true,"jetpack_social_post_already_shared":true,"jetpack_social_options":{"image_generator_settings":{"template":"highway","default_image_id":0,"font":"","enabled":false},"version":2},"_wpas_customize_per_network":false},"categories":[9791],"tags":[1078,16175,16313,17467,244],"class_list":["post-123369","post","type-post","status-publish","format-standard","has-post-thumbnail","hentry","category-salud","tag-caps","tag-coronavirus","tag-covid-19","tag-hisopados","tag-municipio-2","generate-columns","tablet-grid-50","mobile-grid-100","grid-parent","grid-50"],"jetpack_publicize_connections":[],"jetpack_featured_media_url":"https:\/\/www.hoymercedes.com.ar\/principal\/wp-content\/uploads\/2021\/01\/IMG_20210114_100904305.jpg","wps_subtitle":"Atenci\u00f3n descentralizada","jetpack_sharing_enabled":true,"_links":{"self":[{"href":"https:\/\/www.hoymercedes.com.ar\/principal\/wp-json\/wp\/v2\/posts\/123369","targetHints":{"allow":["GET"]}}],"collection":[{"href":"https:\/\/www.hoymercedes.com.ar\/principal\/wp-json\/wp\/v2\/posts"}],"about":[{"href":"https:\/\/www.hoymercedes.com.ar\/principal\/wp-json\/wp\/v2\/types\/post"}],"author":[{"embeddable":true,"href":"https:\/\/www.hoymercedes.com.ar\/principal\/wp-json\/wp\/v2\/users\/1"}],"replies":[{"embeddable":true,"href":"https:\/\/www.hoymercedes.com.ar\/principal\/wp-json\/wp\/v2\/comments?post=123369"}],"version-history":[{"count":0,"href":"https:\/\/www.hoymercedes.com.ar\/principal\/wp-json\/wp\/v2\/posts\/123369\/revisions"}],"wp:featuredmedia":[{"embeddable":true,"href":"https:\/\/www.hoymercedes.com.ar\/principal\/wp-json\/wp\/v2\/media\/123368"}],"wp:attachment":[{"href":"https:\/\/www.hoymercedes.com.ar\/principal\/wp-json\/wp\/v2\/media?parent=123369"}],"wp:term":[{"taxonomy":"category","embeddable":true,"href":"https:\/\/www.hoymercedes.com.ar\/principal\/wp-json\/wp\/v2\/categories?post=123369"},{"taxonomy":"post_tag","embeddable":true,"href":"https:\/\/www.hoymercedes.com.ar\/principal\/wp-json\/wp\/v2\/tags?post=123369"}],"curies":[{"name":"wp","href":"https:\/\/api.w.org\/{rel}","templated":true}]}}