{"id":12338,"date":"2012-04-19T14:11:26","date_gmt":"2012-04-19T14:11:26","guid":{"rendered":"http:\/\/www.hoymercedes.com.ar\/principal\/?p=12338"},"modified":"2012-04-19T14:11:26","modified_gmt":"2012-04-19T14:11:26","slug":"comedores-escolares-no-hay-actualizacion-de-valores","status":"publish","type":"post","link":"https:\/\/www.hoymercedes.com.ar\/principal\/2012\/04\/19\/comedores-escolares-no-hay-actualizacion-de-valores\/","title":{"rendered":"Comedores escolares: no hay actualizaci\u00f3n de valores"},"content":{"rendered":"<p>La provincia pagar\u00eda en los pr\u00f3ximos d\u00edas dos nuevos meses adeudados a proveedores del 2011 mientras sigue en marcha la licitaci\u00f3n para alimentos para este ejercicio lectivo. La construcci\u00f3n de la rampa en la Escuela 2 quedo desierta<\/p>\n<p>La situaci\u00f3n en los Consejos Escolares debido a la falta de actualizaci\u00f3n en el valor individual de cada raci\u00f3n alimentario (almuerzo) o merienda reforzada se complica cada d\u00eda m\u00e1s al no existir de parte del gobierno bonaerense una actualizaci\u00f3n de los valores que paga, teniendo en cuenta que se est\u00e1 trabajado con los precios fijados en las licitaciones realizadas en el a\u00f1o pasado.<\/p>\n<p>Oscar Filipin precis\u00f3 sobre el tema \u201cjunto con la tesorera del Consejo, Mar\u00eda Elena Oliva viajamos para entrevistarnos con los responsables del manejo de los Comedores Escolares en toda la provincia, este viaje fue el lunes y en definitiva el Director que nos recibi\u00f3 no inform\u00f3 que por un lado se estar\u00e1 a punto de librar un cheque para el pago de uno de los meses adeudados a los prestadores y que posiblemente la semana pr\u00f3xima puedan estar efectivizando el segundo pago y lo otro realmente muy importante para nosotros fue que anticip\u00f3 que ya el ministerio se encuentra trabajando en la adecuaci\u00f3n de los valores por comida que pagara este a\u00f1o.<\/p>\n<p>M\u00e1s adelante el funcionario sostuvo \u201crecordamos que tenemos un nuevo llamado a licitaci\u00f3n una nueva licitaci\u00f3n pero este a\u00f1o ellos nos propusieron a nosotros que hagamos el men\u00fa y lo mandemos en consulta a La Plata a la nutricionista de ellos que ser\u00e1 en definitiva la que o apruebe o le haga alg\u00fan tipo de modificaci\u00f3n para equilibrar lo que se denomina una dieta saludable<\/p>\n<p>En estos momentos nosotros sestamos entregando casi seis mil desayunos o meriendas reforzadas y de acuerdo a los datos de los directivos escolares 2000 utilizan adem\u00e1s el comedor.<\/p>\n<p>En la actualidad el Ministerio gira, o mejor dicho deber\u00eda hacerlo cuatro pesos por almuerzo y un peso con noventa centavos para las merienda de cada alumnos y de acuerdo al relevamiento que hicimos ser\u00edan dos mil los alumnos que tambi\u00e9n accedan al comedor escolar.<\/p>\n<p>Realmente con esos importes no es mucho lo que nosotros podemos hacer porque todos conocemos muy bien lo que cuestan los alimentos y a los chicos no se les puede estar dando cualquier cosa, as\u00ed que cuando tengamos lo nuevos valores haremos un men\u00fa y lo mandaremos en consulta a La Plata para que\u00a0le den el visto bueno\u201d<\/p>\n<p>&nbsp;<\/p>\n","protected":false},"excerpt":{"rendered":"<p>La provincia pagar\u00eda en los pr\u00f3ximos d\u00edas dos nuevos meses adeudados a proveedores del 2011 mientras sigue en marcha la &#8230; <a title=\"Comedores escolares: no hay actualizaci\u00f3n de valores\" class=\"read-more\" href=\"https:\/\/www.hoymercedes.com.ar\/principal\/2012\/04\/19\/comedores-escolares-no-hay-actualizacion-de-valores\/\" aria-label=\"Leer m\u00e1s sobre Comedores escolares: no hay actualizaci\u00f3n de valores\">Leer m\u00e1s<\/a><\/p>\n","protected":false},"author":1,"featured_media":0,"comment_status":"open","ping_status":"open","sticky":false,"template":"","format":"standard","meta":{"_monsterinsights_skip_tracking":false,"_monsterinsights_sitenote_active":false,"_monsterinsights_sitenote_note":"","_monsterinsights_sitenote_category":0,"jetpack_post_was_ever_published":false,"_jetpack_newsletter_access":"","_jetpack_dont_email_post_to_subs":false,"_jetpack_newsletter_tier_id":0,"_jetpack_memberships_contains_paywalled_content":false,"_jetpack_memberships_contains_paid_content":false,"footnotes":"","jetpack_publicize_message":"","jetpack_publicize_feature_enabled":true,"jetpack_social_post_already_shared":false,"jetpack_social_options":{"image_generator_settings":{"template":"highway","default_image_id":0,"font":"","enabled":false},"version":2},"_wpas_customize_per_network":false},"categories":[5],"tags":[2085,1317],"class_list":["post-12338","post","type-post","status-publish","format-standard","hentry","category-politica","tag-comedores-escolares","tag-consejo-escolar","generate-columns","tablet-grid-50","mobile-grid-100","grid-parent","grid-50"],"jetpack_publicize_connections":[],"jetpack_featured_media_url":"","wps_subtitle":"","jetpack_sharing_enabled":true,"_links":{"self":[{"href":"https:\/\/www.hoymercedes.com.ar\/principal\/wp-json\/wp\/v2\/posts\/12338","targetHints":{"allow":["GET"]}}],"collection":[{"href":"https:\/\/www.hoymercedes.com.ar\/principal\/wp-json\/wp\/v2\/posts"}],"about":[{"href":"https:\/\/www.hoymercedes.com.ar\/principal\/wp-json\/wp\/v2\/types\/post"}],"author":[{"embeddable":true,"href":"https:\/\/www.hoymercedes.com.ar\/principal\/wp-json\/wp\/v2\/users\/1"}],"replies":[{"embeddable":true,"href":"https:\/\/www.hoymercedes.com.ar\/principal\/wp-json\/wp\/v2\/comments?post=12338"}],"version-history":[{"count":0,"href":"https:\/\/www.hoymercedes.com.ar\/principal\/wp-json\/wp\/v2\/posts\/12338\/revisions"}],"wp:attachment":[{"href":"https:\/\/www.hoymercedes.com.ar\/principal\/wp-json\/wp\/v2\/media?parent=12338"}],"wp:term":[{"taxonomy":"category","embeddable":true,"href":"https:\/\/www.hoymercedes.com.ar\/principal\/wp-json\/wp\/v2\/categories?post=12338"},{"taxonomy":"post_tag","embeddable":true,"href":"https:\/\/www.hoymercedes.com.ar\/principal\/wp-json\/wp\/v2\/tags?post=12338"}],"curies":[{"name":"wp","href":"https:\/\/api.w.org\/{rel}","templated":true}]}}