{"id":12342,"date":"2012-04-20T02:06:15","date_gmt":"2012-04-20T02:06:15","guid":{"rendered":"http:\/\/www.hoymercedes.com.ar\/principal\/?p=12342"},"modified":"2012-04-20T02:06:15","modified_gmt":"2012-04-20T02:06:15","slug":"estudian-nuevo-ordenamiento-tarifario-para-taxis-y-remises","status":"publish","type":"post","link":"https:\/\/www.hoymercedes.com.ar\/principal\/2012\/04\/20\/estudian-nuevo-ordenamiento-tarifario-para-taxis-y-remises\/","title":{"rendered":"Estudian nuevo ordenamiento tarifario para Taxis y Remises"},"content":{"rendered":"<p>No se descarta una posible equiparaci\u00f3n, es decir la uniformidad entre los valores que en la actualidad son diferentes teniendo en cuenta que en esencia cumplen con el mismo servicio<\/p>\n<p>Integrantes de los diferentes bloques que forman el Concejo Deliberante se encuentran abocados al estudio de una nueva norma que reglamente el funcionamiento tanto de taxis como de remises en nuestra ciudad.<\/p>\n<p>En tal sentido Juan Carlos Ben\u00edtez, integrante de Uni\u00f3n Pro sostuvo \u201ces verdad que hace un tiempo los responsables de las principales remiseras y parada de taxis nos elevaron una propuesta para modificar los valores que en la actualidad se encuentran fijados por ordenanza.<\/p>\n<p>A nadie escapa la realidad de los aumentos de combustibles como as\u00ed tambi\u00e9n en neum\u00e1ticos y todo tipo de repuesto que se llegue a necesitar para el buen funcionamiento de cada unidad, pero es un tema un tanto dif\u00edcil de resolver ya que hay que buscar un equilibrio entre las prestaciones de los prestadores del servicio y los usuarios.<\/p>\n<p>Cada uno de los bloques que en la actualidad forman en HCD esta haciendo su estudio, incluso en muchos casos compartimos datos y criterios y finalmente ser\u00e1 el Cuerpo en su conjunto el que resuelva el nuevo valor para la bajada de bandera y el adicional que se percibe por superficie recorrida.<\/p>\n<p>Sabemos muy bien porque inclusive nos han llegado comentarios, no quiero utilizar la palabra queja, debido a que en determinados momentos las agencias de cualquiera dos servicios se ven obligados a tomar pedidos con 20 o m\u00e1s minutos de demora, esto se nota aun m\u00e1s durante los fines de semana.<\/p>\n<p>En este sentido hay que reconocer que se trata de ago que suele ocurrir cada vez que se estudia un nuevo cuadro tarifario, muchos propietarios de unidades al ve que realmente o que est\u00e1n recibiendo por viajes no cubre sus expectativas, reitero tienen en cuenta los valores en combustible y repuestos, directamente no salen a prestar el servicio, al menos en lo a\u00f1os que levo como concejal cada vez que se pide un aumento de tarifas comienzan a escasear los autos en paradas y agencias recordando que de acuerdo a la ordenanza vigente tiene que haber una cantidad m\u00ednima de c}veh\u00edculos disponibles en cada prestataria pero todos sabemos que con ese m\u00ednimo no se alcanza a cubrir las necesidades de los usuarios.<\/p>\n<p><strong>La unificaci\u00f3n de colores<\/strong><\/p>\n<p>M\u00e1s adelante el edil de Uni\u00f3n Pro se refirio a una vieja idea que se viene conversando en la ciudad como es la de unificar los colores de los autos que se utilizan para el transporte de pasajeros, \u201calgunos sostienen que sin importar a quien pertenecen todos deben esta pintaos del mismo color, otro prefieren que cada una de las remisera y cada una de la paradas de taxis tengan su color propio pero desde mi punto de vista antes que ello seria mucho m\u00e1s importante buscar una uniformidad entre taxistas y remiseros porque en definitiva est\u00e1n cumpliendo con la misma tarara.<\/p>\n<p>Des pues sise podr\u00eda buscar lo de los colores, seria incluso beneficiosos al momento de poder determinar cuanta unidades reales se encuentran trabajando en las calles de la ciudad. Creo que no pasar\u00e1 mucho tiempo para que ya podamos tener un nuevo cuadro tarifario un ordenamiento del servicio\u201d.<\/p>\n","protected":false},"excerpt":{"rendered":"<p>No se descarta una posible equiparaci\u00f3n, es decir la uniformidad entre los valores que en la actualidad son diferentes teniendo &#8230; <a title=\"Estudian nuevo ordenamiento tarifario para Taxis y Remises\" class=\"read-more\" href=\"https:\/\/www.hoymercedes.com.ar\/principal\/2012\/04\/20\/estudian-nuevo-ordenamiento-tarifario-para-taxis-y-remises\/\" aria-label=\"Leer m\u00e1s sobre Estudian nuevo ordenamiento tarifario para Taxis y Remises\">Leer m\u00e1s<\/a><\/p>\n","protected":false},"author":1,"featured_media":0,"comment_status":"open","ping_status":"open","sticky":false,"template":"","format":"standard","meta":{"_monsterinsights_skip_tracking":false,"_monsterinsights_sitenote_active":false,"_monsterinsights_sitenote_note":"","_monsterinsights_sitenote_category":0,"jetpack_post_was_ever_published":false,"_jetpack_newsletter_access":"","_jetpack_dont_email_post_to_subs":false,"_jetpack_newsletter_tier_id":0,"_jetpack_memberships_contains_paywalled_content":false,"_jetpack_memberships_contains_paid_content":false,"footnotes":"","jetpack_publicize_message":"","jetpack_publicize_feature_enabled":true,"jetpack_social_post_already_shared":false,"jetpack_social_options":{"image_generator_settings":{"template":"highway","default_image_id":0,"font":"","enabled":false},"version":2},"_wpas_customize_per_network":false},"categories":[5],"tags":[2086],"class_list":["post-12342","post","type-post","status-publish","format-standard","hentry","category-politica","tag-taxis-mercedes","generate-columns","tablet-grid-50","mobile-grid-100","grid-parent","grid-50"],"jetpack_publicize_connections":[],"jetpack_featured_media_url":"","wps_subtitle":"","jetpack_sharing_enabled":true,"_links":{"self":[{"href":"https:\/\/www.hoymercedes.com.ar\/principal\/wp-json\/wp\/v2\/posts\/12342","targetHints":{"allow":["GET"]}}],"collection":[{"href":"https:\/\/www.hoymercedes.com.ar\/principal\/wp-json\/wp\/v2\/posts"}],"about":[{"href":"https:\/\/www.hoymercedes.com.ar\/principal\/wp-json\/wp\/v2\/types\/post"}],"author":[{"embeddable":true,"href":"https:\/\/www.hoymercedes.com.ar\/principal\/wp-json\/wp\/v2\/users\/1"}],"replies":[{"embeddable":true,"href":"https:\/\/www.hoymercedes.com.ar\/principal\/wp-json\/wp\/v2\/comments?post=12342"}],"version-history":[{"count":0,"href":"https:\/\/www.hoymercedes.com.ar\/principal\/wp-json\/wp\/v2\/posts\/12342\/revisions"}],"wp:attachment":[{"href":"https:\/\/www.hoymercedes.com.ar\/principal\/wp-json\/wp\/v2\/media?parent=12342"}],"wp:term":[{"taxonomy":"category","embeddable":true,"href":"https:\/\/www.hoymercedes.com.ar\/principal\/wp-json\/wp\/v2\/categories?post=12342"},{"taxonomy":"post_tag","embeddable":true,"href":"https:\/\/www.hoymercedes.com.ar\/principal\/wp-json\/wp\/v2\/tags?post=12342"}],"curies":[{"name":"wp","href":"https:\/\/api.w.org\/{rel}","templated":true}]}}