{"id":123433,"date":"2021-01-17T20:33:23","date_gmt":"2021-01-17T23:33:23","guid":{"rendered":"http:\/\/www.hoymercedes.com.ar\/principal\/?p=123433"},"modified":"2021-01-19T10:53:18","modified_gmt":"2021-01-19T13:53:18","slug":"valentina-gallardi-debuto-en-el-ciclismo-profesional","status":"publish","type":"post","link":"https:\/\/www.hoymercedes.com.ar\/principal\/2021\/01\/17\/valentina-gallardi-debuto-en-el-ciclismo-profesional\/","title":{"rendered":"Valentina Gallardi debut\u00f3 en el ciclismo profesional"},"content":{"rendered":"\n<p>Con 16 a\u00f1os, la mercedina Valentina Gallardi debut\u00f3 de manera profesional en la categor\u00eda Damas en Ciclismo. Entre las 40 participantes mujeres para el Premio de la Paz en Ezeiza, Valentina arranc\u00f3 en el pelot\u00f3n inicial, pero no pudo completar el recorrido en su totalidad aunque s\u00ed dio un primer paso en el ciclismo profesional. <\/p>\n\n\n\n<div class=\"wp-block-image\"><figure class=\"aligncenter size-large\"><img loading=\"lazy\" decoding=\"async\" width=\"800\" height=\"647\" data-attachment-id=\"123435\" data-permalink=\"https:\/\/www.hoymercedes.com.ar\/principal\/2021\/01\/17\/valentina-gallardi-debuto-en-el-ciclismo-profesional\/17-valentina-2\/#main\" data-orig-file=\"https:\/\/www.hoymercedes.com.ar\/principal\/wp-content\/uploads\/2021\/01\/17-valentina-2.jpg\" data-orig-size=\"800,647\" data-comments-opened=\"0\" data-image-meta=\"{&quot;aperture&quot;:&quot;0&quot;,&quot;credit&quot;:&quot;&quot;,&quot;camera&quot;:&quot;&quot;,&quot;caption&quot;:&quot;&quot;,&quot;created_timestamp&quot;:&quot;0&quot;,&quot;copyright&quot;:&quot;&quot;,&quot;focal_length&quot;:&quot;0&quot;,&quot;iso&quot;:&quot;0&quot;,&quot;shutter_speed&quot;:&quot;0&quot;,&quot;title&quot;:&quot;&quot;,&quot;orientation&quot;:&quot;0&quot;}\" data-image-title=\"17 valentina 2\" data-image-description=\"\" data-image-caption=\"\" data-large-file=\"https:\/\/www.hoymercedes.com.ar\/principal\/wp-content\/uploads\/2021\/01\/17-valentina-2.jpg\" src=\"https:\/\/www.hoymercedes.com.ar\/principal\/wp-content\/uploads\/2021\/01\/17-valentina-2.jpg\" alt=\"\" class=\"wp-image-123435\" srcset=\"https:\/\/www.hoymercedes.com.ar\/principal\/wp-content\/uploads\/2021\/01\/17-valentina-2.jpg 800w, https:\/\/www.hoymercedes.com.ar\/principal\/wp-content\/uploads\/2021\/01\/17-valentina-2-630x510.jpg 630w, https:\/\/www.hoymercedes.com.ar\/principal\/wp-content\/uploads\/2021\/01\/17-valentina-2-150x121.jpg 150w\" sizes=\"auto, (max-width: 800px) 100vw, 800px\" \/><figcaption>Minutos antes de iniciar la carrera en la que debut\u00f3<\/figcaption><\/figure><\/div>\n\n\n\n<div class=\"wp-block-image\"><figure class=\"aligncenter size-large\"><img loading=\"lazy\" decoding=\"async\" width=\"600\" height=\"800\" data-attachment-id=\"123434\" data-permalink=\"https:\/\/www.hoymercedes.com.ar\/principal\/2021\/01\/17\/valentina-gallardi-debuto-en-el-ciclismo-profesional\/17-valentina-1\/#main\" data-orig-file=\"https:\/\/www.hoymercedes.com.ar\/principal\/wp-content\/uploads\/2021\/01\/17-valentina-1.jpg\" data-orig-size=\"600,800\" data-comments-opened=\"0\" data-image-meta=\"{&quot;aperture&quot;:&quot;0&quot;,&quot;credit&quot;:&quot;&quot;,&quot;camera&quot;:&quot;&quot;,&quot;caption&quot;:&quot;&quot;,&quot;created_timestamp&quot;:&quot;0&quot;,&quot;copyright&quot;:&quot;&quot;,&quot;focal_length&quot;:&quot;0&quot;,&quot;iso&quot;:&quot;0&quot;,&quot;shutter_speed&quot;:&quot;0&quot;,&quot;title&quot;:&quot;&quot;,&quot;orientation&quot;:&quot;0&quot;}\" data-image-title=\"17 valentina 1\" data-image-description=\"\" data-image-caption=\"\" data-large-file=\"https:\/\/www.hoymercedes.com.ar\/principal\/wp-content\/uploads\/2021\/01\/17-valentina-1.jpg\" src=\"https:\/\/www.hoymercedes.com.ar\/principal\/wp-content\/uploads\/2021\/01\/17-valentina-1.jpg\" alt=\"\" class=\"wp-image-123434\" srcset=\"https:\/\/www.hoymercedes.com.ar\/principal\/wp-content\/uploads\/2021\/01\/17-valentina-1.jpg 600w, https:\/\/www.hoymercedes.com.ar\/principal\/wp-content\/uploads\/2021\/01\/17-valentina-1-465x620.jpg 465w, https:\/\/www.hoymercedes.com.ar\/principal\/wp-content\/uploads\/2021\/01\/17-valentina-1-113x150.jpg 113w\" sizes=\"auto, (max-width: 600px) 100vw, 600px\" \/><figcaption>Foto de portada: Magazine Deportivo<\/figcaption><\/figure><\/div>\n","protected":false},"excerpt":{"rendered":"<p>Con 16 a\u00f1os, la mercedina Valentina Gallardi debut\u00f3 de manera profesional en la categor\u00eda Damas en Ciclismo. Entre las 40 &#8230; <a title=\"Valentina Gallardi debut\u00f3 en el ciclismo profesional\" class=\"read-more\" href=\"https:\/\/www.hoymercedes.com.ar\/principal\/2021\/01\/17\/valentina-gallardi-debuto-en-el-ciclismo-profesional\/\" aria-label=\"Leer m\u00e1s sobre Valentina Gallardi debut\u00f3 en el ciclismo profesional\">Leer m\u00e1s<\/a><\/p>\n","protected":false},"author":1,"featured_media":123434,"comment_status":"closed","ping_status":"open","sticky":false,"template":"","format":"standard","meta":{"_monsterinsights_skip_tracking":false,"_monsterinsights_sitenote_active":false,"_monsterinsights_sitenote_note":"","_monsterinsights_sitenote_category":0,"jetpack_post_was_ever_published":false,"_jetpack_newsletter_access":"","_jetpack_dont_email_post_to_subs":false,"_jetpack_newsletter_tier_id":0,"_jetpack_memberships_contains_paywalled_content":false,"_jetpack_memberships_contains_paid_content":false,"footnotes":"","jetpack_publicize_message":"","jetpack_publicize_feature_enabled":true,"jetpack_social_post_already_shared":true,"jetpack_social_options":{"image_generator_settings":{"template":"highway","default_image_id":0,"font":"","enabled":false},"version":2},"_wpas_customize_per_network":false},"categories":[21],"tags":[17475,1453,204,17476],"class_list":["post-123433","post","type-post","status-publish","format-standard","has-post-thumbnail","hentry","category-deportes","tag-categoria-damas","tag-ciclismo","tag-deportes-2","tag-valentina-gallardi","generate-columns","tablet-grid-50","mobile-grid-100","grid-parent","grid-50"],"jetpack_publicize_connections":[],"jetpack_featured_media_url":"https:\/\/www.hoymercedes.com.ar\/principal\/wp-content\/uploads\/2021\/01\/17-valentina-1.jpg","wps_subtitle":"Corri\u00f3 en Ezeiza","jetpack_sharing_enabled":true,"_links":{"self":[{"href":"https:\/\/www.hoymercedes.com.ar\/principal\/wp-json\/wp\/v2\/posts\/123433","targetHints":{"allow":["GET"]}}],"collection":[{"href":"https:\/\/www.hoymercedes.com.ar\/principal\/wp-json\/wp\/v2\/posts"}],"about":[{"href":"https:\/\/www.hoymercedes.com.ar\/principal\/wp-json\/wp\/v2\/types\/post"}],"author":[{"embeddable":true,"href":"https:\/\/www.hoymercedes.com.ar\/principal\/wp-json\/wp\/v2\/users\/1"}],"replies":[{"embeddable":true,"href":"https:\/\/www.hoymercedes.com.ar\/principal\/wp-json\/wp\/v2\/comments?post=123433"}],"version-history":[{"count":0,"href":"https:\/\/www.hoymercedes.com.ar\/principal\/wp-json\/wp\/v2\/posts\/123433\/revisions"}],"wp:featuredmedia":[{"embeddable":true,"href":"https:\/\/www.hoymercedes.com.ar\/principal\/wp-json\/wp\/v2\/media\/123434"}],"wp:attachment":[{"href":"https:\/\/www.hoymercedes.com.ar\/principal\/wp-json\/wp\/v2\/media?parent=123433"}],"wp:term":[{"taxonomy":"category","embeddable":true,"href":"https:\/\/www.hoymercedes.com.ar\/principal\/wp-json\/wp\/v2\/categories?post=123433"},{"taxonomy":"post_tag","embeddable":true,"href":"https:\/\/www.hoymercedes.com.ar\/principal\/wp-json\/wp\/v2\/tags?post=123433"}],"curies":[{"name":"wp","href":"https:\/\/api.w.org\/{rel}","templated":true}]}}