{"id":123454,"date":"2021-01-17T22:42:40","date_gmt":"2021-01-18T01:42:40","guid":{"rendered":"http:\/\/www.hoymercedes.com.ar\/principal\/?p=123454"},"modified":"2021-01-17T22:48:11","modified_gmt":"2021-01-18T01:48:11","slug":"un-fallecido-con-covid-y-seis-nuevos-casos","status":"publish","type":"post","link":"https:\/\/www.hoymercedes.com.ar\/principal\/2021\/01\/17\/un-fallecido-con-covid-y-seis-nuevos-casos\/","title":{"rendered":"Un fallecido con covid y seis nuevos casos"},"content":{"rendered":"\n<p>El parte diario con la informaci\u00f3n epidemiol\u00f3gica de Mercedes confirma el fallecimiento de un paciente de 51 a\u00f1os que estaba transitando la enfermedad covid-19 internado en la ciudad de Buenos Aires. Adem\u00e1s, informan que 6 nuevos positivos se suman tras 18 an\u00e1lisis procesados este domingo.  Adem\u00e1s, dan cuenta que son 13 los pacientes que obtuvieron el alta m\u00e9dica de acuerdo a los protocolos establecidos. <\/p>\n\n\n\n<div class=\"wp-block-image\"><figure class=\"aligncenter size-large\"><img loading=\"lazy\" decoding=\"async\" width=\"800\" height=\"800\" data-attachment-id=\"123455\" data-permalink=\"https:\/\/www.hoymercedes.com.ar\/principal\/2021\/01\/17\/un-fallecido-con-covid-y-seis-nuevos-casos\/whatsapp-image-2021-01-17-at-22-21-36\/#main\" data-orig-file=\"https:\/\/www.hoymercedes.com.ar\/principal\/wp-content\/uploads\/2021\/01\/WhatsApp-Image-2021-01-17-at-22.21.36.jpeg\" data-orig-size=\"800,800\" data-comments-opened=\"0\" data-image-meta=\"{&quot;aperture&quot;:&quot;0&quot;,&quot;credit&quot;:&quot;&quot;,&quot;camera&quot;:&quot;&quot;,&quot;caption&quot;:&quot;&quot;,&quot;created_timestamp&quot;:&quot;0&quot;,&quot;copyright&quot;:&quot;&quot;,&quot;focal_length&quot;:&quot;0&quot;,&quot;iso&quot;:&quot;0&quot;,&quot;shutter_speed&quot;:&quot;0&quot;,&quot;title&quot;:&quot;&quot;,&quot;orientation&quot;:&quot;0&quot;}\" data-image-title=\"WhatsApp Image 2021-01-17 at 22.21.36\" data-image-description=\"\" data-image-caption=\"\" data-large-file=\"https:\/\/www.hoymercedes.com.ar\/principal\/wp-content\/uploads\/2021\/01\/WhatsApp-Image-2021-01-17-at-22.21.36.jpeg\" src=\"https:\/\/www.hoymercedes.com.ar\/principal\/wp-content\/uploads\/2021\/01\/WhatsApp-Image-2021-01-17-at-22.21.36.jpeg\" alt=\"\" class=\"wp-image-123455\" srcset=\"https:\/\/www.hoymercedes.com.ar\/principal\/wp-content\/uploads\/2021\/01\/WhatsApp-Image-2021-01-17-at-22.21.36.jpeg 800w, https:\/\/www.hoymercedes.com.ar\/principal\/wp-content\/uploads\/2021\/01\/WhatsApp-Image-2021-01-17-at-22.21.36-620x620.jpeg 620w, https:\/\/www.hoymercedes.com.ar\/principal\/wp-content\/uploads\/2021\/01\/WhatsApp-Image-2021-01-17-at-22.21.36-150x150.jpeg 150w\" sizes=\"auto, (max-width: 800px) 100vw, 800px\" \/><\/figure><\/div>\n\n\n\n<p>El informe nacional confirma 7.264 nuevos casos de COVID-19 en todo el pa\u00eds\u200b. Con estos registros, \u200bsuman 1.799.243 positivos en el pa\u00eds, de los cuales 1.583.465 son pacientes recuperados y 170.371 son casos confirmados activos. En las \u00faltimas 24 horas, se notificaron 112* nuevas muertes, son 52 hombres y 54 mujeres. Al momento la cantidad de personas fallecidas es 45.407.<\/p>\n\n\n\n<p> Detalle por provincia (No confirmados hoy | No de acumulados): Buenos Aires 2.598 | 751.458, Ciudad de Buenos Aires 1.157 | 194.688, Catamarca 117 | 4.181, Chaco 173 | 28.511, Chubut 151 | 38.238, Corrientes 162 | 15.467, C\u00f3rdoba 336 | 137.740, Entre R\u00edos 315 | 36.491, Formosa 76 | 663, Jujuy 60 | 18.861, La Pampa 151 | 14.995, La Rioja 24 | 9.308, Mendoza 47 | 62.220, Misiones 170 | 2.180, Neuqu\u00e9n 218 | 48.210, R\u00edo Negro 177 | 43.884, Salta 42 | 23.085, San Juan 3 | 13.091, San Luis 58 | 16.875, Santa Cruz 266 | 29.379, Santa Fe 655 | 195.062, Santiago del Estero 144 | 19.599, Tierra del Fuego 60 | 20.760, y Tucum\u00e1n 104 | 74.297<\/p>\n","protected":false},"excerpt":{"rendered":"<p>El parte diario con la informaci\u00f3n epidemiol\u00f3gica de Mercedes confirma el fallecimiento de un paciente de 51 a\u00f1os que estaba &#8230; <a title=\"Un fallecido con covid y seis nuevos casos\" class=\"read-more\" href=\"https:\/\/www.hoymercedes.com.ar\/principal\/2021\/01\/17\/un-fallecido-con-covid-y-seis-nuevos-casos\/\" aria-label=\"Leer m\u00e1s sobre Un fallecido con covid y seis nuevos casos\">Leer m\u00e1s<\/a><\/p>\n","protected":false},"author":1,"featured_media":123455,"comment_status":"closed","ping_status":"open","sticky":false,"template":"","format":"standard","meta":{"_monsterinsights_skip_tracking":false,"_monsterinsights_sitenote_active":false,"_monsterinsights_sitenote_note":"","_monsterinsights_sitenote_category":0,"jetpack_post_was_ever_published":false,"_jetpack_newsletter_access":"","_jetpack_dont_email_post_to_subs":false,"_jetpack_newsletter_tier_id":0,"_jetpack_memberships_contains_paywalled_content":false,"_jetpack_memberships_contains_paid_content":false,"footnotes":"","jetpack_publicize_message":"","jetpack_publicize_feature_enabled":true,"jetpack_social_post_already_shared":true,"jetpack_social_options":{"image_generator_settings":{"template":"highway","default_image_id":0,"font":"","enabled":false},"version":2},"_wpas_customize_per_network":false},"categories":[9791],"tags":[16561,16175,16313,11433,17048],"class_list":["post-123454","post","type-post","status-publish","format-standard","has-post-thumbnail","hentry","category-salud","tag-cierre-del-dia","tag-coronavirus","tag-covid-19","tag-fallecido","tag-nuevos-casos","generate-columns","tablet-grid-50","mobile-grid-100","grid-parent","grid-50"],"jetpack_publicize_connections":[],"jetpack_featured_media_url":"https:\/\/www.hoymercedes.com.ar\/principal\/wp-content\/uploads\/2021\/01\/WhatsApp-Image-2021-01-17-at-22.21.36.jpeg","wps_subtitle":"Cierre del d\u00eda","jetpack_sharing_enabled":true,"_links":{"self":[{"href":"https:\/\/www.hoymercedes.com.ar\/principal\/wp-json\/wp\/v2\/posts\/123454","targetHints":{"allow":["GET"]}}],"collection":[{"href":"https:\/\/www.hoymercedes.com.ar\/principal\/wp-json\/wp\/v2\/posts"}],"about":[{"href":"https:\/\/www.hoymercedes.com.ar\/principal\/wp-json\/wp\/v2\/types\/post"}],"author":[{"embeddable":true,"href":"https:\/\/www.hoymercedes.com.ar\/principal\/wp-json\/wp\/v2\/users\/1"}],"replies":[{"embeddable":true,"href":"https:\/\/www.hoymercedes.com.ar\/principal\/wp-json\/wp\/v2\/comments?post=123454"}],"version-history":[{"count":0,"href":"https:\/\/www.hoymercedes.com.ar\/principal\/wp-json\/wp\/v2\/posts\/123454\/revisions"}],"wp:featuredmedia":[{"embeddable":true,"href":"https:\/\/www.hoymercedes.com.ar\/principal\/wp-json\/wp\/v2\/media\/123455"}],"wp:attachment":[{"href":"https:\/\/www.hoymercedes.com.ar\/principal\/wp-json\/wp\/v2\/media?parent=123454"}],"wp:term":[{"taxonomy":"category","embeddable":true,"href":"https:\/\/www.hoymercedes.com.ar\/principal\/wp-json\/wp\/v2\/categories?post=123454"},{"taxonomy":"post_tag","embeddable":true,"href":"https:\/\/www.hoymercedes.com.ar\/principal\/wp-json\/wp\/v2\/tags?post=123454"}],"curies":[{"name":"wp","href":"https:\/\/api.w.org\/{rel}","templated":true}]}}