{"id":123468,"date":"2021-01-18T10:18:00","date_gmt":"2021-01-18T13:18:00","guid":{"rendered":"http:\/\/www.hoymercedes.com.ar\/principal\/?p=123468"},"modified":"2021-01-19T11:36:09","modified_gmt":"2021-01-19T14:36:09","slug":"covid-19-se-confirmaron-33-nuevos-casos-positivos-en-lujan","status":"publish","type":"post","link":"https:\/\/www.hoymercedes.com.ar\/principal\/2021\/01\/18\/covid-19-se-confirmaron-33-nuevos-casos-positivos-en-lujan\/","title":{"rendered":"Covid-19: se confirmaron 33 nuevos casos positivos en Luj\u00e1n"},"content":{"rendered":"\n<p><em>Seg\u00fan informaron desde la Secretar\u00eda de Salud de la Municipalidad de Luj\u00e1n en el informe matutino. Hasta el momento, el municipio vecino registra 5.134 casos positivos.<\/em><\/p>\n\n\n\n<p>En su informe oficial N\u00b0 307, emitido este lunes a las 7, la Secretar\u00eda de Salud de la Municipalidad de Luj\u00e1n inform\u00f3 que en las \u00faltimas 24 horas en el Partido de Luj\u00e1n se confirmaron 33 nuevos casos positivos para Covid-19. Por su parte, se descartaron 74 casos en estudio de coronavirus y se configuraron 34 nuevos casos sospechosos.<\/p>\n\n\n\n<p>Hasta el momento, el Partido de Luj\u00e1n registra 5.134 casos positivos (de los cuales 133 fallecieron, 3.813 fueron dados de alta y 1.188 se encuentran en tratamiento) y 9.488 casos descartados.<\/p>\n\n\n\n<p>Fuente: Luj\u00e1n Hoy<\/p>\n","protected":false},"excerpt":{"rendered":"<p>Seg\u00fan informaron desde la Secretar\u00eda de Salud de la Municipalidad de Luj\u00e1n en el informe matutino. Hasta el momento, el &#8230; <a title=\"Covid-19: se confirmaron 33 nuevos casos positivos en Luj\u00e1n\" class=\"read-more\" href=\"https:\/\/www.hoymercedes.com.ar\/principal\/2021\/01\/18\/covid-19-se-confirmaron-33-nuevos-casos-positivos-en-lujan\/\" aria-label=\"Leer m\u00e1s sobre Covid-19: se confirmaron 33 nuevos casos positivos en Luj\u00e1n\">Leer m\u00e1s<\/a><\/p>\n","protected":false},"author":1,"featured_media":115570,"comment_status":"closed","ping_status":"open","sticky":false,"template":"","format":"standard","meta":{"_monsterinsights_skip_tracking":false,"_monsterinsights_sitenote_active":false,"_monsterinsights_sitenote_note":"","_monsterinsights_sitenote_category":0,"jetpack_post_was_ever_published":false,"_jetpack_newsletter_access":"","_jetpack_dont_email_post_to_subs":false,"_jetpack_newsletter_tier_id":0,"_jetpack_memberships_contains_paywalled_content":false,"_jetpack_memberships_contains_paid_content":false,"footnotes":"","jetpack_publicize_message":"","jetpack_publicize_feature_enabled":true,"jetpack_social_post_already_shared":true,"jetpack_social_options":{"image_generator_settings":{"template":"highway","default_image_id":0,"font":"","enabled":false},"version":2},"_wpas_customize_per_network":false},"categories":[201],"tags":[17482,16313,9322,134],"class_list":["post-123468","post","type-post","status-publish","format-standard","has-post-thumbnail","hentry","category-lujan-2","tag-coronavirus-en-la-region","tag-covid-19","tag-region","tag-salud","generate-columns","tablet-grid-50","mobile-grid-100","grid-parent","grid-50"],"jetpack_publicize_connections":[],"jetpack_featured_media_url":"https:\/\/www.hoymercedes.com.ar\/principal\/wp-content\/uploads\/2020\/08\/Coronavirus-Estudios-696x429-1.jpg","wps_subtitle":"Coronavirus en la regi\u00f3n","jetpack_sharing_enabled":true,"_links":{"self":[{"href":"https:\/\/www.hoymercedes.com.ar\/principal\/wp-json\/wp\/v2\/posts\/123468","targetHints":{"allow":["GET"]}}],"collection":[{"href":"https:\/\/www.hoymercedes.com.ar\/principal\/wp-json\/wp\/v2\/posts"}],"about":[{"href":"https:\/\/www.hoymercedes.com.ar\/principal\/wp-json\/wp\/v2\/types\/post"}],"author":[{"embeddable":true,"href":"https:\/\/www.hoymercedes.com.ar\/principal\/wp-json\/wp\/v2\/users\/1"}],"replies":[{"embeddable":true,"href":"https:\/\/www.hoymercedes.com.ar\/principal\/wp-json\/wp\/v2\/comments?post=123468"}],"version-history":[{"count":0,"href":"https:\/\/www.hoymercedes.com.ar\/principal\/wp-json\/wp\/v2\/posts\/123468\/revisions"}],"wp:featuredmedia":[{"embeddable":true,"href":"https:\/\/www.hoymercedes.com.ar\/principal\/wp-json\/wp\/v2\/media\/115570"}],"wp:attachment":[{"href":"https:\/\/www.hoymercedes.com.ar\/principal\/wp-json\/wp\/v2\/media?parent=123468"}],"wp:term":[{"taxonomy":"category","embeddable":true,"href":"https:\/\/www.hoymercedes.com.ar\/principal\/wp-json\/wp\/v2\/categories?post=123468"},{"taxonomy":"post_tag","embeddable":true,"href":"https:\/\/www.hoymercedes.com.ar\/principal\/wp-json\/wp\/v2\/tags?post=123468"}],"curies":[{"name":"wp","href":"https:\/\/api.w.org\/{rel}","templated":true}]}}