{"id":123474,"date":"2021-01-18T13:42:54","date_gmt":"2021-01-18T16:42:54","guid":{"rendered":"http:\/\/www.hoymercedes.com.ar\/principal\/?p=123474"},"modified":"2021-01-18T14:17:52","modified_gmt":"2021-01-18T17:17:52","slug":"contra-el-covid-llegaron-mas-vacunas-al-dubarry","status":"publish","type":"post","link":"https:\/\/www.hoymercedes.com.ar\/principal\/2021\/01\/18\/contra-el-covid-llegaron-mas-vacunas-al-dubarry\/","title":{"rendered":"Contra el covid: Llegaron m\u00e1s vacunas al Dubarry"},"content":{"rendered":"\n<p>Pasada la primer quincena del a\u00f1o, el Director del Hospital Dr. Pablo Cassiani confirm\u00f3 que llegaron otras 450 vacunas contra el covid-19 para seguir aplicando las primeras d\u00f3sis a un mayor n\u00famero de trabajadores de la salud, y que en las pr\u00f3ximas semanas estar\u00edan llegando las segundas d\u00f3sis para quienes se vacunaron a finales del mes de diciembre.<\/p>\n\n\n\n<p>\u201cLa vacunaci\u00f3n viene muy bien. Ya hay vacunados alrededor de 600 personas. Esta semana estaremos complementando las 900 d\u00f3sis. El s\u00e1bado pasado lleg\u00f3 al pa\u00eds la segunda d\u00f3sis de las primeras 300 mil, as\u00ed que entre ma\u00f1ana y pasado la estaremos recibiendo en el hospital para completar los esquemas. La idea es esta semana terminar con el esquema de primeras d\u00f3sis y arrancar con la segunda d\u00f3sis para quienes se vacunaron los primeros d\u00edas de la campa\u00f1a. Este martes, se cumplen los 21 d\u00edas de los primeros que se vacunaron\u201d, explic\u00f3 el Dr. Pablo Cassiani<strong>.<\/strong><\/p>\n\n\n\n<p>Explic\u00f3 tambi\u00e9n que se hizo un seguimiento de la salud de las personas que recibieron la primera d\u00f3sis para saber si la vacunaci\u00f3n les hab\u00eda tra\u00eddo alguna complicaci\u00f3n. \u201cHay varias personas que presentan fiebre, dolor de cabeza, dolor corporal que se da en las primeras 24 horas, como en la gran mayor\u00eda de las vacunas. Luego cede. Fue en un porcentaje leve. No se ha reportado a nivel pa\u00eds algun efecto adverso grave\u201d, resalt\u00f3 Cassiani.<\/p>\n\n\n\n<p>Adem\u00e1s, el Director del Hospital Dubarry destac\u00f3 que en los \u00faltimos d\u00edas del mes se espera una llegada de nuevas vacunas para vacunar a las personas que est\u00e1n inscribi\u00e9ndose y que ser\u00e1n citados en el Colegio Nacional, instituci\u00f3n dispuesta como centro de vacunaci\u00f3n.<\/p>\n\n\n\n<p><strong>Camas ocupadas<\/strong><\/p>\n\n\n\n<p>En cuanto a la cantidad de camas y cantidad de contagios, el m\u00e9dico destac\u00f3 que se redujo la cantidad de nuevos positivos. Pasando de 168 a 121 confirmados con covid-19 de una semana a la otra. Una disminuci\u00f3n que se refleja en la cantidad de internados. \u201cLa semana pasada se vi\u00f3 a mucha gente que volvi\u00f3 a usar el barbijo. Nos hab\u00edamos relajado todos como sociedad. La semana pasada hubo una mayor colaboraci\u00f3n de la comunidad. Esto se ve en los n\u00fameros. Se ve c\u00f3mo baja.. Es un casi 30% menos de casos positivos. Hay 8 camas ocupadas de 18 en terapia intensiva. Las 14 camas m\u00e1s que hemos dispuesto que son para covid, pero no en terapia intensiva, estamos en un 60%. Bastante mejor de lo que fue la semana pasada\u201d, agreg\u00f3 el m\u00e9dico en di\u00e1logo con FM Santa Mar\u00eda.<\/p>\n\n\n\n<p>Asimismo, Cassiani record\u00f3 que en tres Centro de Atenci\u00f3n Primaria de la Salud (Agote, Blandengues y San Mart\u00edn) realizar\u00e1n hisopados que luego se llevar\u00e1n al laboratorio del Hospital Dubarry.<\/p>\n","protected":false},"excerpt":{"rendered":"<p>Pasada la primer quincena del a\u00f1o, el Director del Hospital Dr. Pablo Cassiani confirm\u00f3 que llegaron otras 450 vacunas contra &#8230; <a title=\"Contra el covid: Llegaron m\u00e1s vacunas al Dubarry\" class=\"read-more\" href=\"https:\/\/www.hoymercedes.com.ar\/principal\/2021\/01\/18\/contra-el-covid-llegaron-mas-vacunas-al-dubarry\/\" aria-label=\"Leer m\u00e1s sobre Contra el covid: Llegaron m\u00e1s vacunas al Dubarry\">Leer m\u00e1s<\/a><\/p>\n","protected":false},"author":1,"featured_media":75439,"comment_status":"closed","ping_status":"open","sticky":false,"template":"","format":"standard","meta":{"_monsterinsights_skip_tracking":false,"_monsterinsights_sitenote_active":false,"_monsterinsights_sitenote_note":"","_monsterinsights_sitenote_category":0,"jetpack_post_was_ever_published":false,"_jetpack_newsletter_access":"","_jetpack_dont_email_post_to_subs":false,"_jetpack_newsletter_tier_id":0,"_jetpack_memberships_contains_paywalled_content":false,"_jetpack_memberships_contains_paid_content":false,"footnotes":"","jetpack_publicize_message":"","jetpack_publicize_feature_enabled":true,"jetpack_social_post_already_shared":true,"jetpack_social_options":{"image_generator_settings":{"template":"highway","default_image_id":0,"font":"","enabled":false},"version":2},"_wpas_customize_per_network":false},"categories":[8],"tags":[17477,140,765],"class_list":["post-123474","post","type-post","status-publish","format-standard","has-post-thumbnail","hentry","category-sociedad","tag-casos-en-hospital","tag-hospital-dubarry","tag-vacunacion","generate-columns","tablet-grid-50","mobile-grid-100","grid-parent","grid-50"],"jetpack_publicize_connections":[],"jetpack_featured_media_url":"https:\/\/www.hoymercedes.com.ar\/principal\/wp-content\/uploads\/2018\/05\/06-hospital-dubarry.jpg","wps_subtitle":"Campa\u00f1a de vacunaci\u00f3n","jetpack_sharing_enabled":true,"_links":{"self":[{"href":"https:\/\/www.hoymercedes.com.ar\/principal\/wp-json\/wp\/v2\/posts\/123474","targetHints":{"allow":["GET"]}}],"collection":[{"href":"https:\/\/www.hoymercedes.com.ar\/principal\/wp-json\/wp\/v2\/posts"}],"about":[{"href":"https:\/\/www.hoymercedes.com.ar\/principal\/wp-json\/wp\/v2\/types\/post"}],"author":[{"embeddable":true,"href":"https:\/\/www.hoymercedes.com.ar\/principal\/wp-json\/wp\/v2\/users\/1"}],"replies":[{"embeddable":true,"href":"https:\/\/www.hoymercedes.com.ar\/principal\/wp-json\/wp\/v2\/comments?post=123474"}],"version-history":[{"count":0,"href":"https:\/\/www.hoymercedes.com.ar\/principal\/wp-json\/wp\/v2\/posts\/123474\/revisions"}],"wp:featuredmedia":[{"embeddable":true,"href":"https:\/\/www.hoymercedes.com.ar\/principal\/wp-json\/wp\/v2\/media\/75439"}],"wp:attachment":[{"href":"https:\/\/www.hoymercedes.com.ar\/principal\/wp-json\/wp\/v2\/media?parent=123474"}],"wp:term":[{"taxonomy":"category","embeddable":true,"href":"https:\/\/www.hoymercedes.com.ar\/principal\/wp-json\/wp\/v2\/categories?post=123474"},{"taxonomy":"post_tag","embeddable":true,"href":"https:\/\/www.hoymercedes.com.ar\/principal\/wp-json\/wp\/v2\/tags?post=123474"}],"curies":[{"name":"wp","href":"https:\/\/api.w.org\/{rel}","templated":true}]}}