{"id":123480,"date":"2021-01-18T15:00:00","date_gmt":"2021-01-18T18:00:00","guid":{"rendered":"http:\/\/www.hoymercedes.com.ar\/principal\/?p=123480"},"modified":"2021-01-18T14:53:21","modified_gmt":"2021-01-18T17:53:21","slug":"detectan-robo-buscan-en-las-camaras-de-monitoreo-y-resuelven-el-caso","status":"publish","type":"post","link":"https:\/\/www.hoymercedes.com.ar\/principal\/2021\/01\/18\/detectan-robo-buscan-en-las-camaras-de-monitoreo-y-resuelven-el-caso\/","title":{"rendered":"Detectan robo, buscan en las c\u00e1maras de monitoreo y resuelven el caso"},"content":{"rendered":"\n<p>Tras la alerta al 911 del robo de un autom\u00f3vil Duna en nuestra ciudad se inicia una r\u00e1pida b\u00fasqueda a trav\u00e9s del centro de monitoreo municipal. La pesquisa se inici\u00f3 con la Polic\u00eda Comunal creando una red y operativo cerrojo, como se suele denominar, dado que detectaron el momento del il\u00edcito y el procedimiento.<\/p>\n\n\n\n<p>Los efectivos y la secretar\u00eda de seguridad detectaron el modus operandi y que ten\u00eda un auto Renault 19 de apoyo. Siendo as\u00ed identifican que salieron de la ciudad rumbo a Luj\u00e1n. Con los datos recabados dan alerta a J\u00e1uregui, Luj\u00e1n y Rodr\u00edguez para que se concrete el operativo.<\/p>\n\n\n\n<p>El Duna lo abandonaron cerca del peaje continuando el raid por autopista n\u00ba5.<\/p>\n\n\n\n<p>Es as\u00ed que, a la altura del Zoo Luj\u00e1n, partido de Luj\u00e1n, logran cercarlos al punto que, vi\u00e9ndose perseguidos, los delincuentes se bajan del veh\u00edculo y empiezan a correr por los pastizales aleda\u00f1os, siendo finalmente detenidos y el hecho esclarecido.<\/p>\n\n\n\n<p>Info: Sec. Seguridad \/ HM<\/p>\n","protected":false},"excerpt":{"rendered":"<p>Tras la alerta al 911 del robo de un autom\u00f3vil Duna en nuestra ciudad se inicia una r\u00e1pida b\u00fasqueda a &#8230; <a title=\"Detectan robo, buscan en las c\u00e1maras de monitoreo y resuelven el caso\" class=\"read-more\" href=\"https:\/\/www.hoymercedes.com.ar\/principal\/2021\/01\/18\/detectan-robo-buscan-en-las-camaras-de-monitoreo-y-resuelven-el-caso\/\" aria-label=\"Leer m\u00e1s sobre Detectan robo, buscan en las c\u00e1maras de monitoreo y resuelven el caso\">Leer m\u00e1s<\/a><\/p>\n","protected":false},"author":1,"featured_media":119186,"comment_status":"closed","ping_status":"open","sticky":false,"template":"","format":"standard","meta":{"_monsterinsights_skip_tracking":false,"_monsterinsights_sitenote_active":false,"_monsterinsights_sitenote_note":"","_monsterinsights_sitenote_category":0,"jetpack_post_was_ever_published":false,"_jetpack_newsletter_access":"","_jetpack_dont_email_post_to_subs":false,"_jetpack_newsletter_tier_id":0,"_jetpack_memberships_contains_paywalled_content":false,"_jetpack_memberships_contains_paid_content":false,"footnotes":"","jetpack_publicize_message":"","jetpack_publicize_feature_enabled":true,"jetpack_social_post_already_shared":true,"jetpack_social_options":{"image_generator_settings":{"template":"highway","default_image_id":0,"font":"","enabled":false},"version":2},"_wpas_customize_per_network":false},"categories":[8],"tags":[5766,889],"class_list":["post-123480","post","type-post","status-publish","format-standard","has-post-thumbnail","hentry","category-sociedad","tag-policia-comunal","tag-robo","generate-columns","tablet-grid-50","mobile-grid-100","grid-parent","grid-50"],"jetpack_publicize_connections":[],"jetpack_featured_media_url":"https:\/\/www.hoymercedes.com.ar\/principal\/wp-content\/uploads\/2020\/10\/29-policia-Giles.jpg","wps_subtitle":"Seguridad","jetpack_sharing_enabled":true,"_links":{"self":[{"href":"https:\/\/www.hoymercedes.com.ar\/principal\/wp-json\/wp\/v2\/posts\/123480","targetHints":{"allow":["GET"]}}],"collection":[{"href":"https:\/\/www.hoymercedes.com.ar\/principal\/wp-json\/wp\/v2\/posts"}],"about":[{"href":"https:\/\/www.hoymercedes.com.ar\/principal\/wp-json\/wp\/v2\/types\/post"}],"author":[{"embeddable":true,"href":"https:\/\/www.hoymercedes.com.ar\/principal\/wp-json\/wp\/v2\/users\/1"}],"replies":[{"embeddable":true,"href":"https:\/\/www.hoymercedes.com.ar\/principal\/wp-json\/wp\/v2\/comments?post=123480"}],"version-history":[{"count":0,"href":"https:\/\/www.hoymercedes.com.ar\/principal\/wp-json\/wp\/v2\/posts\/123480\/revisions"}],"wp:featuredmedia":[{"embeddable":true,"href":"https:\/\/www.hoymercedes.com.ar\/principal\/wp-json\/wp\/v2\/media\/119186"}],"wp:attachment":[{"href":"https:\/\/www.hoymercedes.com.ar\/principal\/wp-json\/wp\/v2\/media?parent=123480"}],"wp:term":[{"taxonomy":"category","embeddable":true,"href":"https:\/\/www.hoymercedes.com.ar\/principal\/wp-json\/wp\/v2\/categories?post=123480"},{"taxonomy":"post_tag","embeddable":true,"href":"https:\/\/www.hoymercedes.com.ar\/principal\/wp-json\/wp\/v2\/tags?post=123480"}],"curies":[{"name":"wp","href":"https:\/\/api.w.org\/{rel}","templated":true}]}}