{"id":123565,"date":"2021-01-19T23:08:59","date_gmt":"2021-01-20T02:08:59","guid":{"rendered":"http:\/\/www.hoymercedes.com.ar\/principal\/?p=123565"},"modified":"2021-01-20T21:50:04","modified_gmt":"2021-01-21T00:50:04","slug":"ruta-5-choque-entre-un-camion-y-un-auto","status":"publish","type":"post","link":"https:\/\/www.hoymercedes.com.ar\/principal\/2021\/01\/19\/ruta-5-choque-entre-un-camion-y-un-auto\/","title":{"rendered":"Ruta 5: choque entre un cami\u00f3n y un auto"},"content":{"rendered":"\n<p>A las 13:30 horas de la tarde de este martes 19 de enero se produjo una violenta colisi\u00f3n entre un auto y un cami\u00f3n, a la altura del km 128,700 de la ruta nacional 5 , jurisdicci\u00f3n del partido de Suipacha. <\/p>\n\n\n\n<div class=\"wp-block-image\"><figure class=\"aligncenter size-large\"><img loading=\"lazy\" decoding=\"async\" width=\"800\" height=\"449\" data-attachment-id=\"123567\" data-permalink=\"https:\/\/www.hoymercedes.com.ar\/principal\/2021\/01\/19\/ruta-5-choque-entre-un-camion-y-un-auto\/19-choque-1\/#main\" data-orig-file=\"https:\/\/www.hoymercedes.com.ar\/principal\/wp-content\/uploads\/2021\/01\/19-choque-1.jpg\" data-orig-size=\"800,449\" data-comments-opened=\"0\" data-image-meta=\"{&quot;aperture&quot;:&quot;0&quot;,&quot;credit&quot;:&quot;&quot;,&quot;camera&quot;:&quot;&quot;,&quot;caption&quot;:&quot;&quot;,&quot;created_timestamp&quot;:&quot;0&quot;,&quot;copyright&quot;:&quot;&quot;,&quot;focal_length&quot;:&quot;0&quot;,&quot;iso&quot;:&quot;0&quot;,&quot;shutter_speed&quot;:&quot;0&quot;,&quot;title&quot;:&quot;&quot;,&quot;orientation&quot;:&quot;0&quot;}\" data-image-title=\"19 choque 1\" data-image-description=\"\" data-image-caption=\"\" data-large-file=\"https:\/\/www.hoymercedes.com.ar\/principal\/wp-content\/uploads\/2021\/01\/19-choque-1.jpg\" src=\"https:\/\/www.hoymercedes.com.ar\/principal\/wp-content\/uploads\/2021\/01\/19-choque-1.jpg\" alt=\"\" class=\"wp-image-123567\" srcset=\"https:\/\/www.hoymercedes.com.ar\/principal\/wp-content\/uploads\/2021\/01\/19-choque-1.jpg 800w, https:\/\/www.hoymercedes.com.ar\/principal\/wp-content\/uploads\/2021\/01\/19-choque-1-630x354.jpg 630w, https:\/\/www.hoymercedes.com.ar\/principal\/wp-content\/uploads\/2021\/01\/19-choque-1-150x84.jpg 150w\" sizes=\"auto, (max-width: 800px) 100vw, 800px\" \/><\/figure><\/div>\n\n\n\n<p>El sinestro se produjo cuando un autom\u00f3vil Peugeot 308, color negro, conducido por Victoria Repollo, domiciliada en Moquehua, partido de Chivilcoy que circulaba en sentido Suipacha-Chivilcoy, impact\u00f3 violentamente contra la parte trasera izquierda de un acoplado que era remolcado por un cami\u00f3n Scania, color blanco, conducido por Pablo Exequiel Montenegro, domiciliado en Navarro. <\/p>\n\n\n\n<p>El cami\u00f3n con acoplado se hab\u00eda incorporado a la ruta proveniente de una empresa dedicada a movimiento de suelos ubicada unos 200 metros m\u00e1s atr\u00e1s, quedando sobre la ruta una columna de tierra en suspensi\u00f3n que impidi\u00f3 que la conductora del veh\u00edculo de menor porte percibiera la presencia del cami\u00f3n que circulaba delante de ella y lo colisionara en la parte trasera.<\/p>\n\n\n\n<p>Luego de la colisi\u00f3n el Peugeot quedo cruzado sobre la cinta asf\u00e1ltica con importantes da\u00f1os, siendo asistida y contenida en un primer momento por personal del CPR que se halla a escasos metros del lugar, minutos m\u00e1s tarde la misma fue trasladada al Hospital Municipal Esteban Iribarne de Suipacha donde luego de efectuarle los controles de rigor fue dada de alta.<\/p>\n\n\n\n<p>Intervino, personal del CPR, Polic\u00eda Comunal, SAME de Suipacha, Polic\u00eda Cient\u00edfica Mercedes y m\u00f3viles del Concesionario Vial Corredores Viales S.A.<\/p>\n\n\n\n<p>Colaboraci\u00f3n: Jorge Lasala de Suipacha<\/p>\n\n\n\n<div class=\"wp-block-image\"><figure class=\"aligncenter size-large\"><img loading=\"lazy\" decoding=\"async\" width=\"800\" height=\"369\" data-attachment-id=\"123566\" data-permalink=\"https:\/\/www.hoymercedes.com.ar\/principal\/2021\/01\/19\/ruta-5-choque-entre-un-camion-y-un-auto\/19-choque-2\/#main\" data-orig-file=\"https:\/\/www.hoymercedes.com.ar\/principal\/wp-content\/uploads\/2021\/01\/19-choque-2.jpg\" data-orig-size=\"800,369\" data-comments-opened=\"0\" data-image-meta=\"{&quot;aperture&quot;:&quot;0&quot;,&quot;credit&quot;:&quot;&quot;,&quot;camera&quot;:&quot;&quot;,&quot;caption&quot;:&quot;&quot;,&quot;created_timestamp&quot;:&quot;0&quot;,&quot;copyright&quot;:&quot;&quot;,&quot;focal_length&quot;:&quot;0&quot;,&quot;iso&quot;:&quot;0&quot;,&quot;shutter_speed&quot;:&quot;0&quot;,&quot;title&quot;:&quot;&quot;,&quot;orientation&quot;:&quot;0&quot;}\" data-image-title=\"19 choque 2\" data-image-description=\"\" data-image-caption=\"\" data-large-file=\"https:\/\/www.hoymercedes.com.ar\/principal\/wp-content\/uploads\/2021\/01\/19-choque-2.jpg\" src=\"https:\/\/www.hoymercedes.com.ar\/principal\/wp-content\/uploads\/2021\/01\/19-choque-2.jpg\" alt=\"\" class=\"wp-image-123566\" srcset=\"https:\/\/www.hoymercedes.com.ar\/principal\/wp-content\/uploads\/2021\/01\/19-choque-2.jpg 800w, https:\/\/www.hoymercedes.com.ar\/principal\/wp-content\/uploads\/2021\/01\/19-choque-2-630x291.jpg 630w, https:\/\/www.hoymercedes.com.ar\/principal\/wp-content\/uploads\/2021\/01\/19-choque-2-150x69.jpg 150w\" sizes=\"auto, (max-width: 800px) 100vw, 800px\" \/><\/figure><\/div>\n","protected":false},"excerpt":{"rendered":"<p>A las 13:30 horas de la tarde de este martes 19 de enero se produjo una violenta colisi\u00f3n entre un &#8230; <a title=\"Ruta 5: choque entre un cami\u00f3n y un auto\" class=\"read-more\" href=\"https:\/\/www.hoymercedes.com.ar\/principal\/2021\/01\/19\/ruta-5-choque-entre-un-camion-y-un-auto\/\" aria-label=\"Leer m\u00e1s sobre Ruta 5: choque entre un cami\u00f3n y un auto\">Leer m\u00e1s<\/a><\/p>\n","protected":false},"author":1,"featured_media":123568,"comment_status":"closed","ping_status":"open","sticky":false,"template":"","format":"standard","meta":{"_monsterinsights_skip_tracking":false,"_monsterinsights_sitenote_active":false,"_monsterinsights_sitenote_note":"","_monsterinsights_sitenote_category":0,"jetpack_post_was_ever_published":false,"_jetpack_newsletter_access":"","_jetpack_dont_email_post_to_subs":false,"_jetpack_newsletter_tier_id":0,"_jetpack_memberships_contains_paywalled_content":false,"_jetpack_memberships_contains_paid_content":false,"footnotes":"","jetpack_publicize_message":"","jetpack_publicize_feature_enabled":true,"jetpack_social_post_already_shared":true,"jetpack_social_options":{"image_generator_settings":{"template":"highway","default_image_id":0,"font":"","enabled":false},"version":2},"_wpas_customize_per_network":false},"categories":[85],"tags":[2313,10575,538,10395],"class_list":["post-123565","post","type-post","status-publish","format-standard","has-post-thumbnail","hentry","category-policial","tag-auto","tag-camion","tag-ruta-5","tag-siniestro-vial","generate-columns","tablet-grid-50","mobile-grid-100","grid-parent","grid-50"],"jetpack_publicize_connections":[],"jetpack_featured_media_url":"https:\/\/www.hoymercedes.com.ar\/principal\/wp-content\/uploads\/2021\/01\/19-choque-3.jpg","wps_subtitle":"Siniestro vial","jetpack_sharing_enabled":true,"_links":{"self":[{"href":"https:\/\/www.hoymercedes.com.ar\/principal\/wp-json\/wp\/v2\/posts\/123565","targetHints":{"allow":["GET"]}}],"collection":[{"href":"https:\/\/www.hoymercedes.com.ar\/principal\/wp-json\/wp\/v2\/posts"}],"about":[{"href":"https:\/\/www.hoymercedes.com.ar\/principal\/wp-json\/wp\/v2\/types\/post"}],"author":[{"embeddable":true,"href":"https:\/\/www.hoymercedes.com.ar\/principal\/wp-json\/wp\/v2\/users\/1"}],"replies":[{"embeddable":true,"href":"https:\/\/www.hoymercedes.com.ar\/principal\/wp-json\/wp\/v2\/comments?post=123565"}],"version-history":[{"count":0,"href":"https:\/\/www.hoymercedes.com.ar\/principal\/wp-json\/wp\/v2\/posts\/123565\/revisions"}],"wp:featuredmedia":[{"embeddable":true,"href":"https:\/\/www.hoymercedes.com.ar\/principal\/wp-json\/wp\/v2\/media\/123568"}],"wp:attachment":[{"href":"https:\/\/www.hoymercedes.com.ar\/principal\/wp-json\/wp\/v2\/media?parent=123565"}],"wp:term":[{"taxonomy":"category","embeddable":true,"href":"https:\/\/www.hoymercedes.com.ar\/principal\/wp-json\/wp\/v2\/categories?post=123565"},{"taxonomy":"post_tag","embeddable":true,"href":"https:\/\/www.hoymercedes.com.ar\/principal\/wp-json\/wp\/v2\/tags?post=123565"}],"curies":[{"name":"wp","href":"https:\/\/api.w.org\/{rel}","templated":true}]}}