{"id":123588,"date":"2021-01-20T09:34:00","date_gmt":"2021-01-20T12:34:00","guid":{"rendered":"http:\/\/www.hoymercedes.com.ar\/principal\/?p=123588"},"modified":"2021-01-20T21:49:01","modified_gmt":"2021-01-21T00:49:01","slug":"avanzan-las-obras-en-el-teatro-municipal","status":"publish","type":"post","link":"https:\/\/www.hoymercedes.com.ar\/principal\/2021\/01\/20\/avanzan-las-obras-en-el-teatro-municipal\/","title":{"rendered":"Avanzan las obras en el teatro municipal"},"content":{"rendered":"\n<p>El Centro Cultural Teatro Argentino \u00abJulio C. Gioscio\u00bb contin\u00faa con las reparaciones. Principalmente la sala del primer piso que en dos etapas se sac\u00f3 el equipamiento completo para reparar los techos y paredes, incluyendo los apliques hist\u00f3ricos que corr\u00edan riesgo de derrumbe. Por estos d\u00edas est\u00e1n haciendo \u00abel detalle fino\u00bb con terminaciones en las nuevas estructuras y acciones relacionadas con la seguridad edilicia. Los trabajos en el teatro municipal contin\u00faan puesto que est\u00e1 considerado patrimonio arquitect\u00f3nico de la ciudad. <\/p>\n\n\n\n<figure class=\"wp-block-gallery columns-3 is-cropped wp-block-gallery-1 is-layout-flex wp-block-gallery-is-layout-flex\"><ul class=\"blocks-gallery-grid\"><li class=\"blocks-gallery-item\"><figure><img loading=\"lazy\" decoding=\"async\" width=\"800\" height=\"533\" data-attachment-id=\"123589\" data-permalink=\"https:\/\/www.hoymercedes.com.ar\/principal\/2021\/01\/20\/avanzan-las-obras-en-el-teatro-municipal\/20-teatro-arg-3\/#main\" data-orig-file=\"https:\/\/www.hoymercedes.com.ar\/principal\/wp-content\/uploads\/2021\/01\/20-teatro-arg-3.jpg\" data-orig-size=\"800,533\" data-comments-opened=\"0\" data-image-meta=\"{&quot;aperture&quot;:&quot;0&quot;,&quot;credit&quot;:&quot;&quot;,&quot;camera&quot;:&quot;&quot;,&quot;caption&quot;:&quot;&quot;,&quot;created_timestamp&quot;:&quot;1611156718&quot;,&quot;copyright&quot;:&quot;&quot;,&quot;focal_length&quot;:&quot;0&quot;,&quot;iso&quot;:&quot;0&quot;,&quot;shutter_speed&quot;:&quot;0&quot;,&quot;title&quot;:&quot;&quot;,&quot;orientation&quot;:&quot;1&quot;}\" data-image-title=\"20-teatro-arg-3\" data-image-description=\"\" data-image-caption=\"\" data-large-file=\"https:\/\/www.hoymercedes.com.ar\/principal\/wp-content\/uploads\/2021\/01\/20-teatro-arg-3.jpg\" src=\"https:\/\/www.hoymercedes.com.ar\/principal\/wp-content\/uploads\/2021\/01\/20-teatro-arg-3.jpg\" alt=\"\" data-id=\"123589\" data-full-url=\"https:\/\/www.hoymercedes.com.ar\/principal\/wp-content\/uploads\/2021\/01\/20-teatro-arg-3.jpg\" data-link=\"https:\/\/www.hoymercedes.com.ar\/principal\/?attachment_id=123589\" class=\"wp-image-123589\" srcset=\"https:\/\/www.hoymercedes.com.ar\/principal\/wp-content\/uploads\/2021\/01\/20-teatro-arg-3.jpg 800w, https:\/\/www.hoymercedes.com.ar\/principal\/wp-content\/uploads\/2021\/01\/20-teatro-arg-3-630x420.jpg 630w, https:\/\/www.hoymercedes.com.ar\/principal\/wp-content\/uploads\/2021\/01\/20-teatro-arg-3-150x100.jpg 150w, https:\/\/www.hoymercedes.com.ar\/principal\/wp-content\/uploads\/2021\/01\/20-teatro-arg-3-700x465.jpg 700w\" sizes=\"auto, (max-width: 800px) 100vw, 800px\" \/><\/figure><\/li><li class=\"blocks-gallery-item\"><figure><img loading=\"lazy\" decoding=\"async\" width=\"800\" height=\"534\" data-attachment-id=\"123590\" data-permalink=\"https:\/\/www.hoymercedes.com.ar\/principal\/2021\/01\/20\/avanzan-las-obras-en-el-teatro-municipal\/20-teatro-arg-2\/#main\" data-orig-file=\"https:\/\/www.hoymercedes.com.ar\/principal\/wp-content\/uploads\/2021\/01\/20-teatro-arg-2.jpg\" data-orig-size=\"800,534\" data-comments-opened=\"0\" data-image-meta=\"{&quot;aperture&quot;:&quot;0&quot;,&quot;credit&quot;:&quot;&quot;,&quot;camera&quot;:&quot;&quot;,&quot;caption&quot;:&quot;&quot;,&quot;created_timestamp&quot;:&quot;1611156711&quot;,&quot;copyright&quot;:&quot;&quot;,&quot;focal_length&quot;:&quot;0&quot;,&quot;iso&quot;:&quot;0&quot;,&quot;shutter_speed&quot;:&quot;0&quot;,&quot;title&quot;:&quot;&quot;,&quot;orientation&quot;:&quot;1&quot;}\" data-image-title=\"20-teatro-arg-2\" data-image-description=\"\" data-image-caption=\"\" data-large-file=\"https:\/\/www.hoymercedes.com.ar\/principal\/wp-content\/uploads\/2021\/01\/20-teatro-arg-2.jpg\" src=\"https:\/\/www.hoymercedes.com.ar\/principal\/wp-content\/uploads\/2021\/01\/20-teatro-arg-2.jpg\" alt=\"\" data-id=\"123590\" data-full-url=\"https:\/\/www.hoymercedes.com.ar\/principal\/wp-content\/uploads\/2021\/01\/20-teatro-arg-2.jpg\" data-link=\"https:\/\/www.hoymercedes.com.ar\/principal\/?attachment_id=123590\" class=\"wp-image-123590\" srcset=\"https:\/\/www.hoymercedes.com.ar\/principal\/wp-content\/uploads\/2021\/01\/20-teatro-arg-2.jpg 800w, https:\/\/www.hoymercedes.com.ar\/principal\/wp-content\/uploads\/2021\/01\/20-teatro-arg-2-630x421.jpg 630w, https:\/\/www.hoymercedes.com.ar\/principal\/wp-content\/uploads\/2021\/01\/20-teatro-arg-2-150x100.jpg 150w\" sizes=\"auto, (max-width: 800px) 100vw, 800px\" \/><\/figure><\/li><li class=\"blocks-gallery-item\"><figure><img loading=\"lazy\" decoding=\"async\" width=\"800\" height=\"533\" data-attachment-id=\"123591\" data-permalink=\"https:\/\/www.hoymercedes.com.ar\/principal\/2021\/01\/20\/avanzan-las-obras-en-el-teatro-municipal\/20-teatro-arg-1\/#main\" data-orig-file=\"https:\/\/www.hoymercedes.com.ar\/principal\/wp-content\/uploads\/2021\/01\/20-teatro-arg-1.jpg\" data-orig-size=\"800,533\" data-comments-opened=\"0\" data-image-meta=\"{&quot;aperture&quot;:&quot;0&quot;,&quot;credit&quot;:&quot;&quot;,&quot;camera&quot;:&quot;&quot;,&quot;caption&quot;:&quot;&quot;,&quot;created_timestamp&quot;:&quot;1611156706&quot;,&quot;copyright&quot;:&quot;&quot;,&quot;focal_length&quot;:&quot;0&quot;,&quot;iso&quot;:&quot;0&quot;,&quot;shutter_speed&quot;:&quot;0&quot;,&quot;title&quot;:&quot;&quot;,&quot;orientation&quot;:&quot;1&quot;}\" data-image-title=\"20-teatro-arg-1\" data-image-description=\"\" data-image-caption=\"\" data-large-file=\"https:\/\/www.hoymercedes.com.ar\/principal\/wp-content\/uploads\/2021\/01\/20-teatro-arg-1.jpg\" src=\"https:\/\/www.hoymercedes.com.ar\/principal\/wp-content\/uploads\/2021\/01\/20-teatro-arg-1.jpg\" alt=\"\" data-id=\"123591\" data-full-url=\"https:\/\/www.hoymercedes.com.ar\/principal\/wp-content\/uploads\/2021\/01\/20-teatro-arg-1.jpg\" data-link=\"https:\/\/www.hoymercedes.com.ar\/principal\/?attachment_id=123591\" class=\"wp-image-123591\" srcset=\"https:\/\/www.hoymercedes.com.ar\/principal\/wp-content\/uploads\/2021\/01\/20-teatro-arg-1.jpg 800w, https:\/\/www.hoymercedes.com.ar\/principal\/wp-content\/uploads\/2021\/01\/20-teatro-arg-1-630x420.jpg 630w, https:\/\/www.hoymercedes.com.ar\/principal\/wp-content\/uploads\/2021\/01\/20-teatro-arg-1-150x100.jpg 150w, https:\/\/www.hoymercedes.com.ar\/principal\/wp-content\/uploads\/2021\/01\/20-teatro-arg-1-700x465.jpg 700w\" sizes=\"auto, (max-width: 800px) 100vw, 800px\" \/><\/figure><\/li><\/ul><\/figure>\n","protected":false},"excerpt":{"rendered":"<p>El Centro Cultural Teatro Argentino \u00abJulio C. Gioscio\u00bb contin\u00faa con las reparaciones. Principalmente la sala del primer piso que en &#8230; <a title=\"Avanzan las obras en el teatro municipal\" class=\"read-more\" href=\"https:\/\/www.hoymercedes.com.ar\/principal\/2021\/01\/20\/avanzan-las-obras-en-el-teatro-municipal\/\" aria-label=\"Leer m\u00e1s sobre Avanzan las obras en el teatro municipal\">Leer m\u00e1s<\/a><\/p>\n","protected":false},"author":1,"featured_media":123589,"comment_status":"closed","ping_status":"open","sticky":false,"template":"","format":"standard","meta":{"_monsterinsights_skip_tracking":false,"_monsterinsights_sitenote_active":false,"_monsterinsights_sitenote_note":"","_monsterinsights_sitenote_category":0,"jetpack_post_was_ever_published":false,"_jetpack_newsletter_access":"","_jetpack_dont_email_post_to_subs":false,"_jetpack_newsletter_tier_id":0,"_jetpack_memberships_contains_paywalled_content":false,"_jetpack_memberships_contains_paid_content":false,"footnotes":"","jetpack_publicize_message":"","jetpack_publicize_feature_enabled":true,"jetpack_social_post_already_shared":true,"jetpack_social_options":{"image_generator_settings":{"template":"highway","default_image_id":0,"font":"","enabled":false},"version":2},"_wpas_customize_per_network":false},"categories":[30],"tags":[7805,244,8717],"class_list":["post-123588","post","type-post","status-publish","format-standard","has-post-thumbnail","hentry","category-municipio","tag-cultura","tag-municipio-2","tag-teatro-municipal","generate-columns","tablet-grid-50","mobile-grid-100","grid-parent","grid-50"],"jetpack_publicize_connections":[],"jetpack_featured_media_url":"https:\/\/www.hoymercedes.com.ar\/principal\/wp-content\/uploads\/2021\/01\/20-teatro-arg-3.jpg","wps_subtitle":"Obras municipales","jetpack_sharing_enabled":true,"_links":{"self":[{"href":"https:\/\/www.hoymercedes.com.ar\/principal\/wp-json\/wp\/v2\/posts\/123588","targetHints":{"allow":["GET"]}}],"collection":[{"href":"https:\/\/www.hoymercedes.com.ar\/principal\/wp-json\/wp\/v2\/posts"}],"about":[{"href":"https:\/\/www.hoymercedes.com.ar\/principal\/wp-json\/wp\/v2\/types\/post"}],"author":[{"embeddable":true,"href":"https:\/\/www.hoymercedes.com.ar\/principal\/wp-json\/wp\/v2\/users\/1"}],"replies":[{"embeddable":true,"href":"https:\/\/www.hoymercedes.com.ar\/principal\/wp-json\/wp\/v2\/comments?post=123588"}],"version-history":[{"count":0,"href":"https:\/\/www.hoymercedes.com.ar\/principal\/wp-json\/wp\/v2\/posts\/123588\/revisions"}],"wp:featuredmedia":[{"embeddable":true,"href":"https:\/\/www.hoymercedes.com.ar\/principal\/wp-json\/wp\/v2\/media\/123589"}],"wp:attachment":[{"href":"https:\/\/www.hoymercedes.com.ar\/principal\/wp-json\/wp\/v2\/media?parent=123588"}],"wp:term":[{"taxonomy":"category","embeddable":true,"href":"https:\/\/www.hoymercedes.com.ar\/principal\/wp-json\/wp\/v2\/categories?post=123588"},{"taxonomy":"post_tag","embeddable":true,"href":"https:\/\/www.hoymercedes.com.ar\/principal\/wp-json\/wp\/v2\/tags?post=123588"}],"curies":[{"name":"wp","href":"https:\/\/api.w.org\/{rel}","templated":true}]}}