{"id":123621,"date":"2021-01-20T21:13:42","date_gmt":"2021-01-21T00:13:42","guid":{"rendered":"http:\/\/www.hoymercedes.com.ar\/principal\/?p=123621"},"modified":"2021-01-20T21:36:47","modified_gmt":"2021-01-21T00:36:47","slug":"murieron-150-personas-y-12-112-fueron-diagnosticadas-con-coronavirus-en-el-pais","status":"publish","type":"post","link":"https:\/\/www.hoymercedes.com.ar\/principal\/2021\/01\/20\/murieron-150-personas-y-12-112-fueron-diagnosticadas-con-coronavirus-en-el-pais\/","title":{"rendered":"Murieron 150 personas y 12.112 fueron diagnosticadas con coronavirus en el pa\u00eds"},"content":{"rendered":"\n<p>El Ministerio de Salud de la Naci\u00f3n inform\u00f3 este mi\u00e9rcoles 20 de enero que, durante las \u00faltimas 24 horas, se registraron 150 muertes y 12.112 nuevos casos positivos de COVID-19. Con estos datos el total de infectados asciende a 1.831.681 y las v\u00edctimas fatales suman 46.216. <\/p>\n\n\n\n<p>El total de 150 muertos comprende 85 hombres, 60 mujeres y cinco residentes en la provincia de Buenos Aires, R\u00edo Negro y en Santa Fe que fueron registrados sin dato de sexo. El reporte vespertino consign\u00f3 que murieron 36 hombres residentes en la provincia de Buenos Aires; 11 en la Ciudad de Buenos Aires; tres en Chaco; dos en Chubut; tres en C\u00f3rdoba; uno en Corrientes; seis en Entre R\u00edos; uno en La Pampa; tres en Mendoza; tres en Misiones; tres en San Luis; tres en Santa Cruz; siete en Santa Fe; uno de Tierra del Fuego y dos residentes en la provincia de Tucum\u00e1n. Tambi\u00e9n fallecieron 30 mujeres en Buenos Aires; 11 en la Ciudad de Buenos Aires; una en Chaco; tres en C\u00f3rdoba; una en Entre R\u00edos; tres en La Pampa; una en Mendoza; una en Misiones; una en R\u00edo Negro; una en Santa Cruz; cinco en Santa Fe y dos en Tucum\u00e1n.<\/p>\n\n\n\n<p>De los 12.112 casos, registrados en el d\u00eda de la fecha, 4.898 son de la provincia de Buenos Aires, 1.272 de la ciudad de Buenos Aires, 88 de Catamarca, 178 de Chaco, 341 de Chubut, 123 de Corrientes, 694 de C\u00f3rdoba, 548 de Entre R\u00edos, 16 de Formosa, 39 de Jujuy, 121 de La Pampa, 30 de La Rioja, 198 de Mendoza, 193 de Misiones, 533 de Neuqu\u00e9n, 442 de R\u00edo Negro, 77 de Salta, 96 de San Juan, 104 de San Luis, 494 de Santa Cruz, 1.222 de Santa Fe, 166 de Santiago del Estero, 91 de Tierra del Fuego y 148 de Tucum\u00e1n.<\/p>\n\n\n\n<p><\/p>\n","protected":false},"excerpt":{"rendered":"<p>El Ministerio de Salud de la Naci\u00f3n inform\u00f3 este mi\u00e9rcoles 20 de enero que, durante las \u00faltimas 24 horas, se &#8230; <a title=\"Murieron 150 personas y 12.112 fueron diagnosticadas con coronavirus en el pa\u00eds\" class=\"read-more\" href=\"https:\/\/www.hoymercedes.com.ar\/principal\/2021\/01\/20\/murieron-150-personas-y-12-112-fueron-diagnosticadas-con-coronavirus-en-el-pais\/\" aria-label=\"Leer m\u00e1s sobre Murieron 150 personas y 12.112 fueron diagnosticadas con coronavirus en el pa\u00eds\">Leer m\u00e1s<\/a><\/p>\n","protected":false},"author":1,"featured_media":115570,"comment_status":"closed","ping_status":"open","sticky":false,"template":"","format":"standard","meta":{"_monsterinsights_skip_tracking":false,"_monsterinsights_sitenote_active":false,"_monsterinsights_sitenote_note":"","_monsterinsights_sitenote_category":0,"jetpack_post_was_ever_published":false,"_jetpack_newsletter_access":"","_jetpack_dont_email_post_to_subs":false,"_jetpack_newsletter_tier_id":0,"_jetpack_memberships_contains_paywalled_content":false,"_jetpack_memberships_contains_paid_content":false,"footnotes":"","jetpack_publicize_message":"","jetpack_publicize_feature_enabled":true,"jetpack_social_post_already_shared":true,"jetpack_social_options":{"image_generator_settings":{"template":"highway","default_image_id":0,"font":"","enabled":false},"version":2},"_wpas_customize_per_network":false},"categories":[9791],"tags":[16175,16313,15693,185,134],"class_list":["post-123621","post","type-post","status-publish","format-standard","has-post-thumbnail","hentry","category-salud","tag-coronavirus","tag-covid-19","tag-informe-nacional","tag-nacion","tag-salud","generate-columns","tablet-grid-50","mobile-grid-100","grid-parent","grid-50"],"jetpack_publicize_connections":[],"jetpack_featured_media_url":"https:\/\/www.hoymercedes.com.ar\/principal\/wp-content\/uploads\/2020\/08\/Coronavirus-Estudios-696x429-1.jpg","wps_subtitle":"Covid en el pa\u00eds","jetpack_sharing_enabled":true,"_links":{"self":[{"href":"https:\/\/www.hoymercedes.com.ar\/principal\/wp-json\/wp\/v2\/posts\/123621","targetHints":{"allow":["GET"]}}],"collection":[{"href":"https:\/\/www.hoymercedes.com.ar\/principal\/wp-json\/wp\/v2\/posts"}],"about":[{"href":"https:\/\/www.hoymercedes.com.ar\/principal\/wp-json\/wp\/v2\/types\/post"}],"author":[{"embeddable":true,"href":"https:\/\/www.hoymercedes.com.ar\/principal\/wp-json\/wp\/v2\/users\/1"}],"replies":[{"embeddable":true,"href":"https:\/\/www.hoymercedes.com.ar\/principal\/wp-json\/wp\/v2\/comments?post=123621"}],"version-history":[{"count":0,"href":"https:\/\/www.hoymercedes.com.ar\/principal\/wp-json\/wp\/v2\/posts\/123621\/revisions"}],"wp:featuredmedia":[{"embeddable":true,"href":"https:\/\/www.hoymercedes.com.ar\/principal\/wp-json\/wp\/v2\/media\/115570"}],"wp:attachment":[{"href":"https:\/\/www.hoymercedes.com.ar\/principal\/wp-json\/wp\/v2\/media?parent=123621"}],"wp:term":[{"taxonomy":"category","embeddable":true,"href":"https:\/\/www.hoymercedes.com.ar\/principal\/wp-json\/wp\/v2\/categories?post=123621"},{"taxonomy":"post_tag","embeddable":true,"href":"https:\/\/www.hoymercedes.com.ar\/principal\/wp-json\/wp\/v2\/tags?post=123621"}],"curies":[{"name":"wp","href":"https:\/\/api.w.org\/{rel}","templated":true}]}}