{"id":123643,"date":"2021-01-21T15:59:00","date_gmt":"2021-01-21T18:59:00","guid":{"rendered":"http:\/\/www.hoymercedes.com.ar\/principal\/?p=123643"},"modified":"2021-01-21T15:38:12","modified_gmt":"2021-01-21T18:38:12","slug":"presentaron-resultados-y-evaluacion-de-intervenciones-por-la-seguridad-vial","status":"publish","type":"post","link":"https:\/\/www.hoymercedes.com.ar\/principal\/2021\/01\/21\/presentaron-resultados-y-evaluacion-de-intervenciones-por-la-seguridad-vial\/","title":{"rendered":"Presentaron resultados y evaluaci\u00f3n de intervenciones por la seguridad vial"},"content":{"rendered":"\n<p>La Municipalidad de Mercedes y la Agencia Nacional de Seguridad Vial llevaron adelante un encuentro virtual donde expusieron un primer informe ante un estudio realizado los d\u00edas 18 y 19 de diciembre pasado en materia de seguridad vial y utilizaci\u00f3n del casco de los conductores y acompa\u00f1antes de los motoveh\u00edculos y ciclomotores en la ciudad. <\/p>\n\n\n\n<div class=\"wp-block-image\"><figure class=\"aligncenter size-large\"><img loading=\"lazy\" decoding=\"async\" width=\"800\" height=\"450\" data-attachment-id=\"123646\" data-permalink=\"https:\/\/www.hoymercedes.com.ar\/principal\/2021\/01\/21\/presentaron-resultados-y-evaluacion-de-intervenciones-por-la-seguridad-vial\/estudio-observacional-motos-mercedes-20_01_018\/#main\" data-orig-file=\"https:\/\/www.hoymercedes.com.ar\/principal\/wp-content\/uploads\/2021\/01\/Estudio-observacional-Motos-Mercedes-20_01_018.jpg\" data-orig-size=\"800,450\" data-comments-opened=\"0\" data-image-meta=\"{&quot;aperture&quot;:&quot;0&quot;,&quot;credit&quot;:&quot;&quot;,&quot;camera&quot;:&quot;&quot;,&quot;caption&quot;:&quot;&quot;,&quot;created_timestamp&quot;:&quot;0&quot;,&quot;copyright&quot;:&quot;&quot;,&quot;focal_length&quot;:&quot;0&quot;,&quot;iso&quot;:&quot;0&quot;,&quot;shutter_speed&quot;:&quot;0&quot;,&quot;title&quot;:&quot;&quot;,&quot;orientation&quot;:&quot;0&quot;}\" data-image-title=\"Estudio observacional Motos Mercedes 20_01_018\" data-image-description=\"\" data-image-caption=\"\" data-large-file=\"https:\/\/www.hoymercedes.com.ar\/principal\/wp-content\/uploads\/2021\/01\/Estudio-observacional-Motos-Mercedes-20_01_018.jpg\" src=\"https:\/\/www.hoymercedes.com.ar\/principal\/wp-content\/uploads\/2021\/01\/Estudio-observacional-Motos-Mercedes-20_01_018.jpg\" alt=\"\" class=\"wp-image-123646\" srcset=\"https:\/\/www.hoymercedes.com.ar\/principal\/wp-content\/uploads\/2021\/01\/Estudio-observacional-Motos-Mercedes-20_01_018.jpg 800w, https:\/\/www.hoymercedes.com.ar\/principal\/wp-content\/uploads\/2021\/01\/Estudio-observacional-Motos-Mercedes-20_01_018-630x354.jpg 630w, https:\/\/www.hoymercedes.com.ar\/principal\/wp-content\/uploads\/2021\/01\/Estudio-observacional-Motos-Mercedes-20_01_018-150x84.jpg 150w\" sizes=\"auto, (max-width: 800px) 100vw, 800px\" \/><\/figure><\/div>\n\n\n\n<p>A trav\u00e9s de una comunicaci\u00f3n con una plataforma virtual, los representantes de la Agencia Vial explicaron en qu\u00e9 consisti\u00f3 el estudio realizado hace m\u00e1s de un mes y las conclusiones preliminares a las que llegaron. Con el objetivo de determinar la tasa de uso de elementos de seguridad vial (casco de motocicleta y luces diurnas) de conductores y ocupantes de veh\u00edculos motorizados de 2 ruedas; y la presencia de factores de distracci\u00f3n y respeto del sem\u00e1foro entre conductores en el municipio de<br>Mercedes, el analisis de hizo principalmente en las esquinas de 17 y 12, 1 y 2, 14 y 1, 10 y 61, 40 y 29, y en la 17 y 30. Algunas de estas intersecciones con sem\u00e1foros.<\/p>\n\n\n\n<div class=\"wp-block-image\"><figure class=\"aligncenter size-large\"><img loading=\"lazy\" decoding=\"async\" width=\"800\" height=\"450\" data-attachment-id=\"123647\" data-permalink=\"https:\/\/www.hoymercedes.com.ar\/principal\/2021\/01\/21\/presentaron-resultados-y-evaluacion-de-intervenciones-por-la-seguridad-vial\/estudio-observacional-motos-mercedes-20_01_017\/#main\" data-orig-file=\"https:\/\/www.hoymercedes.com.ar\/principal\/wp-content\/uploads\/2021\/01\/Estudio-observacional-Motos-Mercedes-20_01_017.jpg\" data-orig-size=\"800,450\" data-comments-opened=\"0\" data-image-meta=\"{&quot;aperture&quot;:&quot;0&quot;,&quot;credit&quot;:&quot;&quot;,&quot;camera&quot;:&quot;&quot;,&quot;caption&quot;:&quot;&quot;,&quot;created_timestamp&quot;:&quot;0&quot;,&quot;copyright&quot;:&quot;&quot;,&quot;focal_length&quot;:&quot;0&quot;,&quot;iso&quot;:&quot;0&quot;,&quot;shutter_speed&quot;:&quot;0&quot;,&quot;title&quot;:&quot;&quot;,&quot;orientation&quot;:&quot;0&quot;}\" data-image-title=\"Estudio observacional Motos Mercedes 20_01_017\" data-image-description=\"\" data-image-caption=\"\" data-large-file=\"https:\/\/www.hoymercedes.com.ar\/principal\/wp-content\/uploads\/2021\/01\/Estudio-observacional-Motos-Mercedes-20_01_017.jpg\" src=\"https:\/\/www.hoymercedes.com.ar\/principal\/wp-content\/uploads\/2021\/01\/Estudio-observacional-Motos-Mercedes-20_01_017.jpg\" alt=\"\" class=\"wp-image-123647\" srcset=\"https:\/\/www.hoymercedes.com.ar\/principal\/wp-content\/uploads\/2021\/01\/Estudio-observacional-Motos-Mercedes-20_01_017.jpg 800w, https:\/\/www.hoymercedes.com.ar\/principal\/wp-content\/uploads\/2021\/01\/Estudio-observacional-Motos-Mercedes-20_01_017-630x354.jpg 630w, https:\/\/www.hoymercedes.com.ar\/principal\/wp-content\/uploads\/2021\/01\/Estudio-observacional-Motos-Mercedes-20_01_017-150x84.jpg 150w\" sizes=\"auto, (max-width: 800px) 100vw, 800px\" \/><\/figure><\/div>\n\n\n\n<p>En estas esquinas, durante los dos d\u00edas &#8211; 18 y 19 de diciembre de 2020 &#8211; , relevaron 2032 veh\u00edculos con 2798 ocupantes. Con estas cifras y a partir de las variables analizadas, los datos preliminares obtenidos son: <\/p>\n\n\n\n<ul class=\"wp-block-list\"><li>Solo el 22,8% de los veh\u00edculos circulan con la totalidad de sus pasajeros protegidos por el uso del casco. En cuanto al uso por posici\u00f3n, es el conductor quien m\u00e1s lo utiliza.<\/li><li>Por g\u00e9nero, las mujeres son quienes utilizan el casco en mayor porcentaje, tanto ocupando el lugar de conductoras, como en la posici\u00f3n de acompa\u00f1antes (Pasajero 1).<\/li><li>El uso del casco, tanto en posici\u00f3n de conductor como de acompa\u00f1ante, es menor en los j\u00f3venes hasta los 35 a\u00f1os. A partir de esa edad el porcentaje de uso aumenta progresivamente.<\/li><li>Los perfiles para cada posici\u00f3n de pasajero indican que como conductores son los hombres j\u00f3venes quienes presentan mayor exposici\u00f3n al riesgo, mientras que en las posiciones de acompa\u00f1antes el riesgo es mayor para las mujeres y los de menor edad.<\/li><li>Entre la proporci\u00f3n de veh\u00edculos observados que transportan al menos un menor de edad (16,4%), solo el 10,2% usa casco.<\/li><li>Los principales factores de distracci\u00f3n detectados entre los conductores son la carga del casco sin ser utilizado (43,9%) y la portaci\u00f3n de objetos (39,4%).<\/li><li>El uso de luces diurnas es significativamente bajo (38,8%).<\/li><li>El respeto del sem\u00e1foro alcanza al 73,7% de los veh\u00edculos observados, siendo las mujeres y los adultos, especialmente los mayores de 50 a\u00f1os, quienes m\u00e1s respetan las se\u00f1ales. Entre los conductores menores de 18 a\u00f1os el respeto del sem\u00e1foro es de apenas 44,2%, muy por debajo de la media del municipio.<\/li><\/ul>\n\n\n\n<p>En el informe, adem\u00e1s, destacan que solo el 5,6% de los veh\u00edculos observados ten\u00edan tres o m\u00e1s pasajeros. Esto llam\u00f3 la atenci\u00f3n, y desde el Municipio resaltaron que los d\u00edas observados fueron viernes y s\u00e1bados y d\u00edas &#8211; y a\u00f1o, incluso &#8211; en donde los menores de edad no estaban concurriendo a las clases de manera presencial. Por lo tanto, en primera instancia, concluyen que estas variables influyen en este porcentaje. <\/p>\n\n\n\n<p>Estuvieron presentes en la conexi\u00f3n la Secretaria de Gobierno del Municipio, Clara Zunino y el Sub Secretario de Seguridad, Gonzalo Anselmo; adem\u00e1s de la Directora de Investigaci\u00f3n Accidentol\u00f3gica en Observatorio Nacional Vial en Agencia Nacional de Seguridad Vial, J\u00e9sica Azar. \u00a0As\u00ed como otras autoridades del Municipio y de la Agencia Vial, y periodistas invitados. <\/p>\n\n\n\n<div class=\"wp-block-image\"><figure class=\"aligncenter size-large\"><img loading=\"lazy\" decoding=\"async\" width=\"800\" height=\"463\" data-attachment-id=\"123648\" data-permalink=\"https:\/\/www.hoymercedes.com.ar\/principal\/2021\/01\/21\/presentaron-resultados-y-evaluacion-de-intervenciones-por-la-seguridad-vial\/b-6\/#main\" data-orig-file=\"https:\/\/www.hoymercedes.com.ar\/principal\/wp-content\/uploads\/2021\/01\/B.jpg\" data-orig-size=\"800,463\" data-comments-opened=\"0\" data-image-meta=\"{&quot;aperture&quot;:&quot;0&quot;,&quot;credit&quot;:&quot;&quot;,&quot;camera&quot;:&quot;&quot;,&quot;caption&quot;:&quot;&quot;,&quot;created_timestamp&quot;:&quot;0&quot;,&quot;copyright&quot;:&quot;&quot;,&quot;focal_length&quot;:&quot;0&quot;,&quot;iso&quot;:&quot;0&quot;,&quot;shutter_speed&quot;:&quot;0&quot;,&quot;title&quot;:&quot;&quot;,&quot;orientation&quot;:&quot;0&quot;}\" data-image-title=\"B\" data-image-description=\"\" data-image-caption=\"\" data-large-file=\"https:\/\/www.hoymercedes.com.ar\/principal\/wp-content\/uploads\/2021\/01\/B.jpg\" src=\"https:\/\/www.hoymercedes.com.ar\/principal\/wp-content\/uploads\/2021\/01\/B.jpg\" alt=\"\" class=\"wp-image-123648\" srcset=\"https:\/\/www.hoymercedes.com.ar\/principal\/wp-content\/uploads\/2021\/01\/B.jpg 800w, https:\/\/www.hoymercedes.com.ar\/principal\/wp-content\/uploads\/2021\/01\/B-630x365.jpg 630w, https:\/\/www.hoymercedes.com.ar\/principal\/wp-content\/uploads\/2021\/01\/B-150x87.jpg 150w\" sizes=\"auto, (max-width: 800px) 100vw, 800px\" \/><\/figure><\/div>\n","protected":false},"excerpt":{"rendered":"<p>La Municipalidad de Mercedes y la Agencia Nacional de Seguridad Vial llevaron adelante un encuentro virtual donde expusieron un primer &#8230; <a title=\"Presentaron resultados y evaluaci\u00f3n de intervenciones por la seguridad vial\" class=\"read-more\" href=\"https:\/\/www.hoymercedes.com.ar\/principal\/2021\/01\/21\/presentaron-resultados-y-evaluacion-de-intervenciones-por-la-seguridad-vial\/\" aria-label=\"Leer m\u00e1s sobre Presentaron resultados y evaluaci\u00f3n de intervenciones por la seguridad vial\">Leer m\u00e1s<\/a><\/p>\n","protected":false},"author":1,"featured_media":123647,"comment_status":"closed","ping_status":"open","sticky":false,"template":"","format":"standard","meta":{"_monsterinsights_skip_tracking":false,"_monsterinsights_sitenote_active":false,"_monsterinsights_sitenote_note":"","_monsterinsights_sitenote_category":0,"jetpack_post_was_ever_published":false,"_jetpack_newsletter_access":"","_jetpack_dont_email_post_to_subs":false,"_jetpack_newsletter_tier_id":0,"_jetpack_memberships_contains_paywalled_content":false,"_jetpack_memberships_contains_paid_content":false,"footnotes":"","jetpack_publicize_message":"","jetpack_publicize_feature_enabled":true,"jetpack_social_post_already_shared":true,"jetpack_social_options":{"image_generator_settings":{"template":"highway","default_image_id":0,"font":"","enabled":false},"version":2},"_wpas_customize_per_network":false},"categories":[30],"tags":[],"class_list":["post-123643","post","type-post","status-publish","format-standard","has-post-thumbnail","hentry","category-municipio","generate-columns","tablet-grid-50","mobile-grid-100","grid-parent","grid-50"],"jetpack_publicize_connections":[],"jetpack_featured_media_url":"https:\/\/www.hoymercedes.com.ar\/principal\/wp-content\/uploads\/2021\/01\/Estudio-observacional-Motos-Mercedes-20_01_017.jpg","wps_subtitle":"","jetpack_sharing_enabled":true,"_links":{"self":[{"href":"https:\/\/www.hoymercedes.com.ar\/principal\/wp-json\/wp\/v2\/posts\/123643","targetHints":{"allow":["GET"]}}],"collection":[{"href":"https:\/\/www.hoymercedes.com.ar\/principal\/wp-json\/wp\/v2\/posts"}],"about":[{"href":"https:\/\/www.hoymercedes.com.ar\/principal\/wp-json\/wp\/v2\/types\/post"}],"author":[{"embeddable":true,"href":"https:\/\/www.hoymercedes.com.ar\/principal\/wp-json\/wp\/v2\/users\/1"}],"replies":[{"embeddable":true,"href":"https:\/\/www.hoymercedes.com.ar\/principal\/wp-json\/wp\/v2\/comments?post=123643"}],"version-history":[{"count":0,"href":"https:\/\/www.hoymercedes.com.ar\/principal\/wp-json\/wp\/v2\/posts\/123643\/revisions"}],"wp:featuredmedia":[{"embeddable":true,"href":"https:\/\/www.hoymercedes.com.ar\/principal\/wp-json\/wp\/v2\/media\/123647"}],"wp:attachment":[{"href":"https:\/\/www.hoymercedes.com.ar\/principal\/wp-json\/wp\/v2\/media?parent=123643"}],"wp:term":[{"taxonomy":"category","embeddable":true,"href":"https:\/\/www.hoymercedes.com.ar\/principal\/wp-json\/wp\/v2\/categories?post=123643"},{"taxonomy":"post_tag","embeddable":true,"href":"https:\/\/www.hoymercedes.com.ar\/principal\/wp-json\/wp\/v2\/tags?post=123643"}],"curies":[{"name":"wp","href":"https:\/\/api.w.org\/{rel}","templated":true}]}}