{"id":123692,"date":"2021-01-22T16:07:40","date_gmt":"2021-01-22T19:07:40","guid":{"rendered":"http:\/\/www.hoymercedes.com.ar\/principal\/?p=123692"},"modified":"2021-01-22T16:09:39","modified_gmt":"2021-01-22T19:09:39","slug":"feria-limon-edicion-de-enero-este-sabado","status":"publish","type":"post","link":"https:\/\/www.hoymercedes.com.ar\/principal\/2021\/01\/22\/feria-limon-edicion-de-enero-este-sabado\/","title":{"rendered":"Feria Lim\u00f3n edici\u00f3n de enero este s\u00e1bado"},"content":{"rendered":"\n<p>El s\u00e1bado 23 de enero, el Movimiento Cultural El Limonero tendr\u00e1 este fin de semana la edici\u00f3n de enero de Feria Lim\u00f3n. Entre las 19 y las 22 horas, en la calle 21, emtre 14 y 16, en el n\u00famero 327, se dar\u00e1 un lugar de encuentro que tiene por objetivo poner en movimiento la econom\u00eda de los artistas y emprendedores de la ciudad. <\/p>\n\n\n\n<p>Con la cultura como nexo busca generar un v\u00ednculo con toda la comunidad, incentiva las producciones y emprendimientos locales, tanto las que surgen del trabajo artesanal, como producciones de los artistas visuales. <\/p>\n\n\n\n<div class=\"wp-block-image\"><figure class=\"aligncenter size-large\"><img loading=\"lazy\" decoding=\"async\" width=\"724\" height=\"1024\" data-attachment-id=\"123693\" data-permalink=\"https:\/\/www.hoymercedes.com.ar\/principal\/2021\/01\/22\/feria-limon-edicion-de-enero-este-sabado\/22-ferialimon\/#main\" data-orig-file=\"https:\/\/www.hoymercedes.com.ar\/principal\/wp-content\/uploads\/2021\/01\/22-ferialimon.jpg\" data-orig-size=\"800,1132\" data-comments-opened=\"0\" data-image-meta=\"{&quot;aperture&quot;:&quot;0&quot;,&quot;credit&quot;:&quot;&quot;,&quot;camera&quot;:&quot;&quot;,&quot;caption&quot;:&quot;&quot;,&quot;created_timestamp&quot;:&quot;0&quot;,&quot;copyright&quot;:&quot;&quot;,&quot;focal_length&quot;:&quot;0&quot;,&quot;iso&quot;:&quot;0&quot;,&quot;shutter_speed&quot;:&quot;0&quot;,&quot;title&quot;:&quot;&quot;,&quot;orientation&quot;:&quot;0&quot;}\" data-image-title=\"22 ferialimon\" data-image-description=\"\" data-image-caption=\"\" data-large-file=\"https:\/\/www.hoymercedes.com.ar\/principal\/wp-content\/uploads\/2021\/01\/22-ferialimon-724x1024.jpg\" src=\"https:\/\/www.hoymercedes.com.ar\/principal\/wp-content\/uploads\/2021\/01\/22-ferialimon-724x1024.jpg\" alt=\"\" class=\"wp-image-123693\" srcset=\"https:\/\/www.hoymercedes.com.ar\/principal\/wp-content\/uploads\/2021\/01\/22-ferialimon-724x1024.jpg 724w, https:\/\/www.hoymercedes.com.ar\/principal\/wp-content\/uploads\/2021\/01\/22-ferialimon-438x620.jpg 438w, https:\/\/www.hoymercedes.com.ar\/principal\/wp-content\/uploads\/2021\/01\/22-ferialimon-106x150.jpg 106w, https:\/\/www.hoymercedes.com.ar\/principal\/wp-content\/uploads\/2021\/01\/22-ferialimon.jpg 800w\" sizes=\"auto, (max-width: 724px) 100vw, 724px\" \/><\/figure><\/div>\n","protected":false},"excerpt":{"rendered":"<p>El s\u00e1bado 23 de enero, el Movimiento Cultural El Limonero tendr\u00e1 este fin de semana la edici\u00f3n de enero de &#8230; <a title=\"Feria Lim\u00f3n edici\u00f3n de enero este s\u00e1bado\" class=\"read-more\" href=\"https:\/\/www.hoymercedes.com.ar\/principal\/2021\/01\/22\/feria-limon-edicion-de-enero-este-sabado\/\" aria-label=\"Leer m\u00e1s sobre Feria Lim\u00f3n edici\u00f3n de enero este s\u00e1bado\">Leer m\u00e1s<\/a><\/p>\n","protected":false},"author":1,"featured_media":123693,"comment_status":"closed","ping_status":"open","sticky":false,"template":"","format":"standard","meta":{"_monsterinsights_skip_tracking":false,"_monsterinsights_sitenote_active":false,"_monsterinsights_sitenote_note":"","_monsterinsights_sitenote_category":0,"jetpack_post_was_ever_published":false,"_jetpack_newsletter_access":"","_jetpack_dont_email_post_to_subs":false,"_jetpack_newsletter_tier_id":0,"_jetpack_memberships_contains_paywalled_content":false,"_jetpack_memberships_contains_paid_content":false,"footnotes":"","jetpack_publicize_message":"","jetpack_publicize_feature_enabled":true,"jetpack_social_post_already_shared":true,"jetpack_social_options":{"image_generator_settings":{"template":"highway","default_image_id":0,"font":"","enabled":false},"version":2},"_wpas_customize_per_network":false},"categories":[104],"tags":[7805,17488,10992],"class_list":["post-123692","post","type-post","status-publish","format-standard","has-post-thumbnail","hentry","category-cultura","tag-cultura","tag-feria-de-artistas-plasticos","tag-movimiento-cultural-el-limonero","generate-columns","tablet-grid-50","mobile-grid-100","grid-parent","grid-50"],"jetpack_publicize_connections":[],"jetpack_featured_media_url":"https:\/\/www.hoymercedes.com.ar\/principal\/wp-content\/uploads\/2021\/01\/22-ferialimon.jpg","wps_subtitle":"Participar\u00e1n artistas de la ciudad","jetpack_sharing_enabled":true,"_links":{"self":[{"href":"https:\/\/www.hoymercedes.com.ar\/principal\/wp-json\/wp\/v2\/posts\/123692","targetHints":{"allow":["GET"]}}],"collection":[{"href":"https:\/\/www.hoymercedes.com.ar\/principal\/wp-json\/wp\/v2\/posts"}],"about":[{"href":"https:\/\/www.hoymercedes.com.ar\/principal\/wp-json\/wp\/v2\/types\/post"}],"author":[{"embeddable":true,"href":"https:\/\/www.hoymercedes.com.ar\/principal\/wp-json\/wp\/v2\/users\/1"}],"replies":[{"embeddable":true,"href":"https:\/\/www.hoymercedes.com.ar\/principal\/wp-json\/wp\/v2\/comments?post=123692"}],"version-history":[{"count":0,"href":"https:\/\/www.hoymercedes.com.ar\/principal\/wp-json\/wp\/v2\/posts\/123692\/revisions"}],"wp:featuredmedia":[{"embeddable":true,"href":"https:\/\/www.hoymercedes.com.ar\/principal\/wp-json\/wp\/v2\/media\/123693"}],"wp:attachment":[{"href":"https:\/\/www.hoymercedes.com.ar\/principal\/wp-json\/wp\/v2\/media?parent=123692"}],"wp:term":[{"taxonomy":"category","embeddable":true,"href":"https:\/\/www.hoymercedes.com.ar\/principal\/wp-json\/wp\/v2\/categories?post=123692"},{"taxonomy":"post_tag","embeddable":true,"href":"https:\/\/www.hoymercedes.com.ar\/principal\/wp-json\/wp\/v2\/tags?post=123692"}],"curies":[{"name":"wp","href":"https:\/\/api.w.org\/{rel}","templated":true}]}}