{"id":12371,"date":"2012-04-20T16:51:45","date_gmt":"2012-04-20T16:51:45","guid":{"rendered":"http:\/\/www.hoymercedes.com.ar\/principal\/?p=12371"},"modified":"2012-04-20T16:51:45","modified_gmt":"2012-04-20T16:51:45","slug":"oficina-de-kirchner-podria-ser-para-wado","status":"publish","type":"post","link":"https:\/\/www.hoymercedes.com.ar\/principal\/2012\/04\/20\/oficina-de-kirchner-podria-ser-para-wado\/","title":{"rendered":"Oficina de Kirchner podr\u00eda ser para Wado"},"content":{"rendered":"<p>Seg\u00fan diversos comentarios de pasillo y que incluso a publicado el medio opositor al gobierno, Clarin, el despacho que en su \u00e9poca de Diputado ocup\u00f3 el ex presidente. En realidad s\u00f3lo lo utiliz\u00f3 dos veces, pero fue suficiente como para dejarlo cargado de un simbolismo demasiado grande.<\/p>\n<p>Naturalmente cada militante kirchnerista desea ese espacio al punto que se pensaba ser\u00eda un lugar de reuniones para todos as\u00ed nadie quedaba con el privilegio de ocuparlo.<\/p>\n<p>De todos modos, los \u00faltimos corrillos dicen que ser\u00eda posible el despacho que supo utilizar N\u00e9stor Kirchner quedar\u00eda en manos de Wado de Pedro \u00a0y del Cuervo Larroque.<\/p>\n","protected":false},"excerpt":{"rendered":"<p>Seg\u00fan diversos comentarios de pasillo y que incluso a publicado el medio opositor al gobierno, Clarin, el despacho que en &#8230; <a title=\"Oficina de Kirchner podr\u00eda ser para Wado\" class=\"read-more\" href=\"https:\/\/www.hoymercedes.com.ar\/principal\/2012\/04\/20\/oficina-de-kirchner-podria-ser-para-wado\/\" aria-label=\"Leer m\u00e1s sobre Oficina de Kirchner podr\u00eda ser para Wado\">Leer m\u00e1s<\/a><\/p>\n","protected":false},"author":1,"featured_media":0,"comment_status":"open","ping_status":"open","sticky":false,"template":"","format":"standard","meta":{"_monsterinsights_skip_tracking":false,"_monsterinsights_sitenote_active":false,"_monsterinsights_sitenote_note":"","_monsterinsights_sitenote_category":0,"jetpack_post_was_ever_published":false,"_jetpack_newsletter_access":"","_jetpack_dont_email_post_to_subs":false,"_jetpack_newsletter_tier_id":0,"_jetpack_memberships_contains_paywalled_content":false,"_jetpack_memberships_contains_paid_content":false,"footnotes":"","jetpack_publicize_message":"","jetpack_publicize_feature_enabled":true,"jetpack_social_post_already_shared":false,"jetpack_social_options":{"image_generator_settings":{"template":"highway","default_image_id":0,"font":"","enabled":false},"version":2},"_wpas_customize_per_network":false},"categories":[5],"tags":[281],"class_list":["post-12371","post","type-post","status-publish","format-standard","hentry","category-politica","tag-wado-de-pedro","generate-columns","tablet-grid-50","mobile-grid-100","grid-parent","grid-50"],"jetpack_publicize_connections":[],"jetpack_featured_media_url":"","wps_subtitle":"","jetpack_sharing_enabled":true,"_links":{"self":[{"href":"https:\/\/www.hoymercedes.com.ar\/principal\/wp-json\/wp\/v2\/posts\/12371","targetHints":{"allow":["GET"]}}],"collection":[{"href":"https:\/\/www.hoymercedes.com.ar\/principal\/wp-json\/wp\/v2\/posts"}],"about":[{"href":"https:\/\/www.hoymercedes.com.ar\/principal\/wp-json\/wp\/v2\/types\/post"}],"author":[{"embeddable":true,"href":"https:\/\/www.hoymercedes.com.ar\/principal\/wp-json\/wp\/v2\/users\/1"}],"replies":[{"embeddable":true,"href":"https:\/\/www.hoymercedes.com.ar\/principal\/wp-json\/wp\/v2\/comments?post=12371"}],"version-history":[{"count":0,"href":"https:\/\/www.hoymercedes.com.ar\/principal\/wp-json\/wp\/v2\/posts\/12371\/revisions"}],"wp:attachment":[{"href":"https:\/\/www.hoymercedes.com.ar\/principal\/wp-json\/wp\/v2\/media?parent=12371"}],"wp:term":[{"taxonomy":"category","embeddable":true,"href":"https:\/\/www.hoymercedes.com.ar\/principal\/wp-json\/wp\/v2\/categories?post=12371"},{"taxonomy":"post_tag","embeddable":true,"href":"https:\/\/www.hoymercedes.com.ar\/principal\/wp-json\/wp\/v2\/tags?post=12371"}],"curies":[{"name":"wp","href":"https:\/\/api.w.org\/{rel}","templated":true}]}}