{"id":123726,"date":"2021-01-23T09:49:24","date_gmt":"2021-01-23T12:49:24","guid":{"rendered":"http:\/\/www.hoymercedes.com.ar\/principal\/?p=123726"},"modified":"2021-01-23T09:49:31","modified_gmt":"2021-01-23T12:49:31","slug":"dematei-esta-obra-hidrica-y-pavimentacion-es-sumamente-importante","status":"publish","type":"post","link":"https:\/\/www.hoymercedes.com.ar\/principal\/2021\/01\/23\/dematei-esta-obra-hidrica-y-pavimentacion-es-sumamente-importante\/","title":{"rendered":"Dematei \u201cEsta obra h\u00eddrica y pavimentaci\u00f3n es sumamente importante\u201d"},"content":{"rendered":"\n<p>Informe Prensa Municipal &#8211; El edil e intendente interino Mat\u00edas Dematei recorri\u00f3 el avance de la obra que se est\u00e1 realizando en calle 61 de 10 a 16 y en 16 de 59 a 61. All\u00ed se construye una gran infraestructura h\u00eddrica para que luego pueda pavimentarse, llevando seguridad vial, servicios y una soluci\u00f3n a toda una zona que crece. \u00a0<\/p>\n\n\n\n<div class=\"wp-block-image\"><figure class=\"aligncenter size-large\"><img loading=\"lazy\" decoding=\"async\" width=\"800\" height=\"450\" data-attachment-id=\"123728\" data-permalink=\"https:\/\/www.hoymercedes.com.ar\/principal\/2021\/01\/23\/dematei-esta-obra-hidrica-y-pavimentacion-es-sumamente-importante\/dsc03413\/#main\" data-orig-file=\"https:\/\/www.hoymercedes.com.ar\/principal\/wp-content\/uploads\/2021\/01\/DSC03413.jpg\" data-orig-size=\"800,450\" data-comments-opened=\"0\" data-image-meta=\"{&quot;aperture&quot;:&quot;0&quot;,&quot;credit&quot;:&quot;&quot;,&quot;camera&quot;:&quot;&quot;,&quot;caption&quot;:&quot;&quot;,&quot;created_timestamp&quot;:&quot;0&quot;,&quot;copyright&quot;:&quot;&quot;,&quot;focal_length&quot;:&quot;0&quot;,&quot;iso&quot;:&quot;0&quot;,&quot;shutter_speed&quot;:&quot;0&quot;,&quot;title&quot;:&quot;&quot;,&quot;orientation&quot;:&quot;0&quot;}\" data-image-title=\"DSC03413\" data-image-description=\"\" data-image-caption=\"\" data-large-file=\"https:\/\/www.hoymercedes.com.ar\/principal\/wp-content\/uploads\/2021\/01\/DSC03413.jpg\" src=\"https:\/\/www.hoymercedes.com.ar\/principal\/wp-content\/uploads\/2021\/01\/DSC03413.jpg\" alt=\"\" class=\"wp-image-123728\" srcset=\"https:\/\/www.hoymercedes.com.ar\/principal\/wp-content\/uploads\/2021\/01\/DSC03413.jpg 800w, https:\/\/www.hoymercedes.com.ar\/principal\/wp-content\/uploads\/2021\/01\/DSC03413-630x354.jpg 630w, https:\/\/www.hoymercedes.com.ar\/principal\/wp-content\/uploads\/2021\/01\/DSC03413-150x84.jpg 150w\" sizes=\"auto, (max-width: 800px) 100vw, 800px\" \/><\/figure><\/div>\n\n\n\n<p>Mat\u00edas Dematei coment\u00f3 que \u201ces una obra que viene acompa\u00f1ada de la que se realiz\u00f3 tiempo atr\u00e1s en calle 16 de 47 a 61 completamente pavimentado y ahora se est\u00e1 trabajando en 61 con toda la obra pluvial para que el agua que viene de 61, de barrios como San Mart\u00edn, Mutti, y podr\u00e1 desagotar por esta ca\u00f1er\u00eda\u201d &nbsp;<\/p>\n\n\n\n<p>M\u00e1s adelante coment\u00f3 que \u201cen la zona tambi\u00e9n se juntaba agua en estas equinas, era una problem\u00e1tica a la cual le daremos soluci\u00f3n con esta important\u00edsima obra que realizamos gracias a las gestiones del intendente Ustarroz y el acompa\u00f1amiento constante del ministro Wado de Pedro, donde adem\u00e1s se pavimentar\u00e1n varias cuadras en hormig\u00f3n\u201d \u00a0<\/p>\n\n\n\n<p>\u201cVamos a generar un c\u00edrculo de tr\u00e1nsito seguro, dado que se ha trabajado en los alrededores y se proyecta seguir haci\u00e9ndolo, para ingresos y egresos de barrios de manera segura en t\u00e9rminos viales, comodidad, infraestructura, iluminaci\u00f3n\u201d sostuvo el intendente interino. &nbsp;<\/p>\n\n\n\n<p>Tambi\u00e9n coment\u00f3 que \u201cse va a acortar camino y ser\u00e1 de gran beneficio, descongestionando arterias como la calle 10 que es muy transitada en horarios picos, incluso m\u00e1s que avenidas c\u00e9ntricas\u201d destac\u00f3 &nbsp;<\/p>\n\n\n\n<p>Por \u00faltimo, dijo que \u201ces una obra como las que se vienen haciendo desde el primer d\u00eda de la gesti\u00f3n de Juani, intervenciones de calidad para que duren mucho tiempo dado que no es s\u00f3lo pavimentar, es una planificaci\u00f3n que como dec\u00edamos incluye lo h\u00eddrico, la seguridad vial, la valorizaci\u00f3n del espacio p\u00fablico, en zonas que se complicaba por ejemplo en d\u00edas de lluvia y se generando\u201d destacando que \u201ccontamos con el apoyo del gobierno nacional haciendo que Mercedes pueda crecer much\u00edsimo\u201d narr\u00f3 el presidente del Concejo Deliberante actualmente ocupando la intendencia interina. \u00a0<\/p>\n\n\n\n<div class=\"wp-block-image\"><figure class=\"aligncenter size-large\"><img loading=\"lazy\" decoding=\"async\" width=\"938\" height=\"626\" data-attachment-id=\"123727\" data-permalink=\"https:\/\/www.hoymercedes.com.ar\/principal\/2021\/01\/23\/dematei-esta-obra-hidrica-y-pavimentacion-es-sumamente-importante\/dsc03415\/#main\" data-orig-file=\"https:\/\/www.hoymercedes.com.ar\/principal\/wp-content\/uploads\/2021\/01\/DSC03415.jpg\" data-orig-size=\"938,626\" data-comments-opened=\"0\" data-image-meta=\"{&quot;aperture&quot;:&quot;0&quot;,&quot;credit&quot;:&quot;&quot;,&quot;camera&quot;:&quot;&quot;,&quot;caption&quot;:&quot;&quot;,&quot;created_timestamp&quot;:&quot;1611394876&quot;,&quot;copyright&quot;:&quot;&quot;,&quot;focal_length&quot;:&quot;0&quot;,&quot;iso&quot;:&quot;0&quot;,&quot;shutter_speed&quot;:&quot;0&quot;,&quot;title&quot;:&quot;&quot;,&quot;orientation&quot;:&quot;1&quot;}\" data-image-title=\"DSC03415\" data-image-description=\"\" data-image-caption=\"\" data-large-file=\"https:\/\/www.hoymercedes.com.ar\/principal\/wp-content\/uploads\/2021\/01\/DSC03415.jpg\" src=\"https:\/\/www.hoymercedes.com.ar\/principal\/wp-content\/uploads\/2021\/01\/DSC03415.jpg\" alt=\"\" class=\"wp-image-123727\" srcset=\"https:\/\/www.hoymercedes.com.ar\/principal\/wp-content\/uploads\/2021\/01\/DSC03415.jpg 938w, https:\/\/www.hoymercedes.com.ar\/principal\/wp-content\/uploads\/2021\/01\/DSC03415-630x420.jpg 630w, https:\/\/www.hoymercedes.com.ar\/principal\/wp-content\/uploads\/2021\/01\/DSC03415-150x100.jpg 150w\" sizes=\"auto, (max-width: 938px) 100vw, 938px\" \/><\/figure><\/div>\n","protected":false},"excerpt":{"rendered":"<p>Informe Prensa Municipal &#8211; El edil e intendente interino Mat\u00edas Dematei recorri\u00f3 el avance de la obra que se est\u00e1 &#8230; <a title=\"Dematei \u201cEsta obra h\u00eddrica y pavimentaci\u00f3n es sumamente importante\u201d\" class=\"read-more\" href=\"https:\/\/www.hoymercedes.com.ar\/principal\/2021\/01\/23\/dematei-esta-obra-hidrica-y-pavimentacion-es-sumamente-importante\/\" aria-label=\"Leer m\u00e1s sobre Dematei \u201cEsta obra h\u00eddrica y pavimentaci\u00f3n es sumamente importante\u201d\">Leer m\u00e1s<\/a><\/p>\n","protected":false},"author":1,"featured_media":123727,"comment_status":"closed","ping_status":"open","sticky":false,"template":"","format":"standard","meta":{"_monsterinsights_skip_tracking":false,"_monsterinsights_sitenote_active":false,"_monsterinsights_sitenote_note":"","_monsterinsights_sitenote_category":0,"jetpack_post_was_ever_published":false,"_jetpack_newsletter_access":"","_jetpack_dont_email_post_to_subs":false,"_jetpack_newsletter_tier_id":0,"_jetpack_memberships_contains_paywalled_content":false,"_jetpack_memberships_contains_paid_content":false,"footnotes":"","jetpack_publicize_message":"","jetpack_publicize_feature_enabled":true,"jetpack_social_post_already_shared":true,"jetpack_social_options":{"image_generator_settings":{"template":"highway","default_image_id":0,"font":"","enabled":false},"version":2},"_wpas_customize_per_network":false},"categories":[30],"tags":[],"class_list":["post-123726","post","type-post","status-publish","format-standard","has-post-thumbnail","hentry","category-municipio","generate-columns","tablet-grid-50","mobile-grid-100","grid-parent","grid-50"],"jetpack_publicize_connections":[],"jetpack_featured_media_url":"https:\/\/www.hoymercedes.com.ar\/principal\/wp-content\/uploads\/2021\/01\/DSC03415.jpg","wps_subtitle":"","jetpack_sharing_enabled":true,"_links":{"self":[{"href":"https:\/\/www.hoymercedes.com.ar\/principal\/wp-json\/wp\/v2\/posts\/123726","targetHints":{"allow":["GET"]}}],"collection":[{"href":"https:\/\/www.hoymercedes.com.ar\/principal\/wp-json\/wp\/v2\/posts"}],"about":[{"href":"https:\/\/www.hoymercedes.com.ar\/principal\/wp-json\/wp\/v2\/types\/post"}],"author":[{"embeddable":true,"href":"https:\/\/www.hoymercedes.com.ar\/principal\/wp-json\/wp\/v2\/users\/1"}],"replies":[{"embeddable":true,"href":"https:\/\/www.hoymercedes.com.ar\/principal\/wp-json\/wp\/v2\/comments?post=123726"}],"version-history":[{"count":0,"href":"https:\/\/www.hoymercedes.com.ar\/principal\/wp-json\/wp\/v2\/posts\/123726\/revisions"}],"wp:featuredmedia":[{"embeddable":true,"href":"https:\/\/www.hoymercedes.com.ar\/principal\/wp-json\/wp\/v2\/media\/123727"}],"wp:attachment":[{"href":"https:\/\/www.hoymercedes.com.ar\/principal\/wp-json\/wp\/v2\/media?parent=123726"}],"wp:term":[{"taxonomy":"category","embeddable":true,"href":"https:\/\/www.hoymercedes.com.ar\/principal\/wp-json\/wp\/v2\/categories?post=123726"},{"taxonomy":"post_tag","embeddable":true,"href":"https:\/\/www.hoymercedes.com.ar\/principal\/wp-json\/wp\/v2\/tags?post=123726"}],"curies":[{"name":"wp","href":"https:\/\/api.w.org\/{rel}","templated":true}]}}