{"id":123739,"date":"2021-01-27T18:28:40","date_gmt":"2021-01-27T21:28:40","guid":{"rendered":"http:\/\/www.hoymercedes.com.ar\/principal\/?p=123739"},"modified":"2021-01-27T18:31:36","modified_gmt":"2021-01-27T21:31:36","slug":"convocan-para-la-comedia-municipal-de-teatro","status":"publish","type":"post","link":"https:\/\/www.hoymercedes.com.ar\/principal\/2021\/01\/27\/convocan-para-la-comedia-municipal-de-teatro\/","title":{"rendered":"Convocan para la Comedia Municipal de Teatro"},"content":{"rendered":"\n<p>Desde el martes y hasta el pr\u00f3ximo viernes 5 de febrero est\u00e1 abierta la inscripci\u00f3n para presentar los proyectos teatrales con el fin de llevar adelante las puestas en escena de las para la Comedio Municipal de Teatro \u00abRa\u00fal Bustos Berrondo\u00bb. De acuerdo a la Direcci\u00f3n de Cultura y a la direcci\u00f3n del Teatro Argentino \u00abJulio C. Gioscio\u00bb en el primer semestre se analizar\u00e1n los proyectos, elegir\u00e1n los elencos y ensayar\u00e1n para estrenar promediando el a\u00f1o. <\/p>\n\n\n\n<div class=\"wp-block-image\"><figure class=\"aligncenter size-large\"><img loading=\"lazy\" decoding=\"async\" width=\"803\" height=\"536\" data-attachment-id=\"123949\" data-permalink=\"https:\/\/www.hoymercedes.com.ar\/principal\/2021\/01\/27\/convocan-para-la-comedia-municipal-de-teatro\/27-fran-dinova-1\/#main\" data-orig-file=\"https:\/\/www.hoymercedes.com.ar\/principal\/wp-content\/uploads\/2021\/01\/27-fran-dinova-1.jpeg\" data-orig-size=\"803,536\" data-comments-opened=\"0\" data-image-meta=\"{&quot;aperture&quot;:&quot;0&quot;,&quot;credit&quot;:&quot;&quot;,&quot;camera&quot;:&quot;&quot;,&quot;caption&quot;:&quot;&quot;,&quot;created_timestamp&quot;:&quot;1611422570&quot;,&quot;copyright&quot;:&quot;&quot;,&quot;focal_length&quot;:&quot;0&quot;,&quot;iso&quot;:&quot;0&quot;,&quot;shutter_speed&quot;:&quot;0&quot;,&quot;title&quot;:&quot;&quot;,&quot;orientation&quot;:&quot;1&quot;}\" data-image-title=\"27 fran dinova 1\" data-image-description=\"\" data-image-caption=\"\" data-large-file=\"https:\/\/www.hoymercedes.com.ar\/principal\/wp-content\/uploads\/2021\/01\/27-fran-dinova-1.jpeg\" src=\"https:\/\/www.hoymercedes.com.ar\/principal\/wp-content\/uploads\/2021\/01\/27-fran-dinova-1.jpeg\" alt=\"\" class=\"wp-image-123949\" srcset=\"https:\/\/www.hoymercedes.com.ar\/principal\/wp-content\/uploads\/2021\/01\/27-fran-dinova-1.jpeg 803w, https:\/\/www.hoymercedes.com.ar\/principal\/wp-content\/uploads\/2021\/01\/27-fran-dinova-1-630x421.jpeg 630w, https:\/\/www.hoymercedes.com.ar\/principal\/wp-content\/uploads\/2021\/01\/27-fran-dinova-1-150x100.jpeg 150w\" sizes=\"auto, (max-width: 803px) 100vw, 803px\" \/><\/figure><\/div>\n\n\n\n<p>En el marco del encuentro que la Directora de Cultura de Mercedes, Luc\u00eda Capaccio, cont\u00f3 que en el contexto pand\u00e9mico y la restricci\u00f3n para utilizar las salas teatrales para funciones, la convocatoria para la Comedia Municipal se vio truncada. A su lado, Francisco Dinova, responsable de la coordinaci\u00f3n del teatro municipal, oficializ\u00f3 el lanzamiento de la convocatoria para el 2021 de la Comedia Municipal de Teatro \u00abRa\u00fal Bustos Berrondo\u00bb. <\/p>\n\n\n\n<p>Previamente explic\u00f3 que en marzo del a\u00f1o pasado, se recibieron algunos proyectos pero que no pudieron concretarse, por eso relanzan la convocatoria para el primer semestre. \u00abLa intenci\u00f3n es tener obras en el primer semestre del 2021, y que los proyectos se puedan presentar durante las vacaciones de invierno\u00bb, expres\u00f3 dando a entender que para la segunda mitad de a\u00f1o habr\u00e1 una nueva convocatoria. <\/p>\n\n\n\n<p>Asimismo, explic\u00f3 que en la p\u00e1gina web de Cultura del Municipio (<a rel=\"noreferrer noopener\" href=\"http:\/\/cultura.mercedes.gob.ar\/\" target=\"_blank\">cultura.mercedes.gob.ar)<\/a> estar\u00e1n las bases y condiciones para que los directores teatrales interesados puedan conocer qu\u00e9 deber\u00e1n tener en cuenta de acuerdo al reglamento. No obstante, Dinova adelant\u00f3 que la tem\u00e1tica es libre, aunque se sugieren algunas en el reglamento.  \u00abLos directores tendr\u00e1n alrededor de quince d\u00edas para presentar las ideas. Hay un formulario que llenar y entre febrero y marzo anunciaremos las obras elegidas, los proyectos suplentes en caso de que haya alguna contingencia\u00bb, agreg\u00f3 Dinova. <\/p>\n\n\n\n<p>Entonces, hasta el viernes 5 de febrero, los directores teatrales de Mercedes que tengan proyectos vigentes, podr\u00e1n presentarlos.   Cabe recordar que para mayor informaci\u00f3n pueden consultar en el sitio web o en las oficinas de la Direcci\u00f3n de Cultura en el Teatro Argentino \u00abJulio C. Gioscio\u00bb. <\/p>\n\n\n\n<div class=\"wp-block-image\"><figure class=\"aligncenter size-large\"><img loading=\"lazy\" decoding=\"async\" width=\"526\" height=\"526\" data-attachment-id=\"123868\" data-permalink=\"https:\/\/www.hoymercedes.com.ar\/principal\/2021\/01\/28\/este-jueves-28-reabrieron-los-museos-en-mercedes\/25-comedia-teatro\/#main\" data-orig-file=\"https:\/\/www.hoymercedes.com.ar\/principal\/wp-content\/uploads\/2021\/01\/25-comedia-teatro.jpg\" data-orig-size=\"526,526\" data-comments-opened=\"0\" data-image-meta=\"{&quot;aperture&quot;:&quot;0&quot;,&quot;credit&quot;:&quot;&quot;,&quot;camera&quot;:&quot;&quot;,&quot;caption&quot;:&quot;&quot;,&quot;created_timestamp&quot;:&quot;0&quot;,&quot;copyright&quot;:&quot;&quot;,&quot;focal_length&quot;:&quot;0&quot;,&quot;iso&quot;:&quot;0&quot;,&quot;shutter_speed&quot;:&quot;0&quot;,&quot;title&quot;:&quot;&quot;,&quot;orientation&quot;:&quot;0&quot;}\" data-image-title=\"25 comedia teatro\" data-image-description=\"\" data-image-caption=\"\" data-large-file=\"https:\/\/www.hoymercedes.com.ar\/principal\/wp-content\/uploads\/2021\/01\/25-comedia-teatro.jpg\" src=\"https:\/\/www.hoymercedes.com.ar\/principal\/wp-content\/uploads\/2021\/01\/25-comedia-teatro.jpg\" alt=\"\" class=\"wp-image-123868\" srcset=\"https:\/\/www.hoymercedes.com.ar\/principal\/wp-content\/uploads\/2021\/01\/25-comedia-teatro.jpg 526w, https:\/\/www.hoymercedes.com.ar\/principal\/wp-content\/uploads\/2021\/01\/25-comedia-teatro-150x150.jpg 150w\" sizes=\"auto, (max-width: 526px) 100vw, 526px\" \/><\/figure><\/div>\n","protected":false},"excerpt":{"rendered":"<p>Desde el martes y hasta el pr\u00f3ximo viernes 5 de febrero est\u00e1 abierta la inscripci\u00f3n para presentar los proyectos teatrales &#8230; <a title=\"Convocan para la Comedia Municipal de Teatro\" class=\"read-more\" href=\"https:\/\/www.hoymercedes.com.ar\/principal\/2021\/01\/27\/convocan-para-la-comedia-municipal-de-teatro\/\" aria-label=\"Leer m\u00e1s sobre Convocan para la Comedia Municipal de Teatro\">Leer m\u00e1s<\/a><\/p>\n","protected":false},"author":1,"featured_media":123868,"comment_status":"closed","ping_status":"open","sticky":false,"template":"","format":"standard","meta":{"_monsterinsights_skip_tracking":false,"_monsterinsights_sitenote_active":false,"_monsterinsights_sitenote_note":"","_monsterinsights_sitenote_category":0,"jetpack_post_was_ever_published":false,"_jetpack_newsletter_access":"","_jetpack_dont_email_post_to_subs":false,"_jetpack_newsletter_tier_id":0,"_jetpack_memberships_contains_paywalled_content":false,"_jetpack_memberships_contains_paid_content":false,"footnotes":"","jetpack_publicize_message":"","jetpack_publicize_feature_enabled":true,"jetpack_social_post_already_shared":true,"jetpack_social_options":{"image_generator_settings":{"template":"highway","default_image_id":0,"font":"","enabled":false},"version":2},"_wpas_customize_per_network":false},"categories":[104],"tags":[10846,7805,244],"class_list":["post-123739","post","type-post","status-publish","format-standard","has-post-thumbnail","hentry","category-cultura","tag-comedia-municipal","tag-cultura","tag-municipio-2","generate-columns","tablet-grid-50","mobile-grid-100","grid-parent","grid-50"],"jetpack_publicize_connections":[],"jetpack_featured_media_url":"https:\/\/www.hoymercedes.com.ar\/principal\/wp-content\/uploads\/2021\/01\/25-comedia-teatro.jpg","wps_subtitle":"Para directores teatrales de Mercedes","jetpack_sharing_enabled":true,"_links":{"self":[{"href":"https:\/\/www.hoymercedes.com.ar\/principal\/wp-json\/wp\/v2\/posts\/123739","targetHints":{"allow":["GET"]}}],"collection":[{"href":"https:\/\/www.hoymercedes.com.ar\/principal\/wp-json\/wp\/v2\/posts"}],"about":[{"href":"https:\/\/www.hoymercedes.com.ar\/principal\/wp-json\/wp\/v2\/types\/post"}],"author":[{"embeddable":true,"href":"https:\/\/www.hoymercedes.com.ar\/principal\/wp-json\/wp\/v2\/users\/1"}],"replies":[{"embeddable":true,"href":"https:\/\/www.hoymercedes.com.ar\/principal\/wp-json\/wp\/v2\/comments?post=123739"}],"version-history":[{"count":0,"href":"https:\/\/www.hoymercedes.com.ar\/principal\/wp-json\/wp\/v2\/posts\/123739\/revisions"}],"wp:featuredmedia":[{"embeddable":true,"href":"https:\/\/www.hoymercedes.com.ar\/principal\/wp-json\/wp\/v2\/media\/123868"}],"wp:attachment":[{"href":"https:\/\/www.hoymercedes.com.ar\/principal\/wp-json\/wp\/v2\/media?parent=123739"}],"wp:term":[{"taxonomy":"category","embeddable":true,"href":"https:\/\/www.hoymercedes.com.ar\/principal\/wp-json\/wp\/v2\/categories?post=123739"},{"taxonomy":"post_tag","embeddable":true,"href":"https:\/\/www.hoymercedes.com.ar\/principal\/wp-json\/wp\/v2\/tags?post=123739"}],"curies":[{"name":"wp","href":"https:\/\/api.w.org\/{rel}","templated":true}]}}