{"id":123754,"date":"2021-01-23T22:27:00","date_gmt":"2021-01-24T01:27:00","guid":{"rendered":"http:\/\/www.hoymercedes.com.ar\/principal\/?p=123754"},"modified":"2021-01-24T13:15:48","modified_gmt":"2021-01-24T16:15:48","slug":"covid-19-en-mercedes-fallece-paciente-de-49-anos-y-3-personas-reciben-su-positivo","status":"publish","type":"post","link":"https:\/\/www.hoymercedes.com.ar\/principal\/2021\/01\/23\/covid-19-en-mercedes-fallece-paciente-de-49-anos-y-3-personas-reciben-su-positivo\/","title":{"rendered":"Covid.19 en Mercedes: Fallece paciente de 49 a\u00f1os y 3 personas reciben su positivo"},"content":{"rendered":"\n<p>El parte informativo oficial del d\u00eda s\u00e1bado 23, da cuenta del fallecimiento de un hombre de 49 a\u00f1os que estaba internado en el Hospital Blas Dubarry con la enfermedad que preocupa al mundo. As\u00edmismo, comunica que entre los 30 an\u00e1lisis de hisopados procesados en la fecha, 3 dieron positivos. Siendo 158 los pacientes que transitan el covid-19 de acuerdo a la informaci\u00f3n oficial. <\/p>\n\n\n\n<figure class=\"wp-block-image size-large\"><img loading=\"lazy\" decoding=\"async\" width=\"800\" height=\"800\" data-attachment-id=\"123755\" data-permalink=\"https:\/\/www.hoymercedes.com.ar\/principal\/2021\/01\/23\/covid-19-en-mercedes-fallece-paciente-de-49-anos-y-3-personas-reciben-su-positivo\/whatsapp-image-2021-01-23-at-21-32-51\/#main\" data-orig-file=\"https:\/\/www.hoymercedes.com.ar\/principal\/wp-content\/uploads\/2021\/01\/WhatsApp-Image-2021-01-23-at-21.32.51.jpeg\" data-orig-size=\"800,800\" data-comments-opened=\"0\" data-image-meta=\"{&quot;aperture&quot;:&quot;0&quot;,&quot;credit&quot;:&quot;&quot;,&quot;camera&quot;:&quot;&quot;,&quot;caption&quot;:&quot;&quot;,&quot;created_timestamp&quot;:&quot;0&quot;,&quot;copyright&quot;:&quot;&quot;,&quot;focal_length&quot;:&quot;0&quot;,&quot;iso&quot;:&quot;0&quot;,&quot;shutter_speed&quot;:&quot;0&quot;,&quot;title&quot;:&quot;&quot;,&quot;orientation&quot;:&quot;0&quot;}\" data-image-title=\"WhatsApp Image 2021-01-23 at 21.32.51\" data-image-description=\"\" data-image-caption=\"\" data-large-file=\"https:\/\/www.hoymercedes.com.ar\/principal\/wp-content\/uploads\/2021\/01\/WhatsApp-Image-2021-01-23-at-21.32.51.jpeg\" src=\"https:\/\/www.hoymercedes.com.ar\/principal\/wp-content\/uploads\/2021\/01\/WhatsApp-Image-2021-01-23-at-21.32.51.jpeg\" alt=\"\" class=\"wp-image-123755\" srcset=\"https:\/\/www.hoymercedes.com.ar\/principal\/wp-content\/uploads\/2021\/01\/WhatsApp-Image-2021-01-23-at-21.32.51.jpeg 800w, https:\/\/www.hoymercedes.com.ar\/principal\/wp-content\/uploads\/2021\/01\/WhatsApp-Image-2021-01-23-at-21.32.51-620x620.jpeg 620w, https:\/\/www.hoymercedes.com.ar\/principal\/wp-content\/uploads\/2021\/01\/WhatsApp-Image-2021-01-23-at-21.32.51-150x150.jpeg 150w\" sizes=\"auto, (max-width: 800px) 100vw, 800px\" \/><\/figure>\n","protected":false},"excerpt":{"rendered":"<p>El parte informativo oficial del d\u00eda s\u00e1bado 23, da cuenta del fallecimiento de un hombre de 49 a\u00f1os que estaba &#8230; <a title=\"Covid.19 en Mercedes: Fallece paciente de 49 a\u00f1os y 3 personas reciben su positivo\" class=\"read-more\" href=\"https:\/\/www.hoymercedes.com.ar\/principal\/2021\/01\/23\/covid-19-en-mercedes-fallece-paciente-de-49-anos-y-3-personas-reciben-su-positivo\/\" aria-label=\"Leer m\u00e1s sobre Covid.19 en Mercedes: Fallece paciente de 49 a\u00f1os y 3 personas reciben su positivo\">Leer m\u00e1s<\/a><\/p>\n","protected":false},"author":1,"featured_media":123755,"comment_status":"closed","ping_status":"open","sticky":false,"template":"","format":"standard","meta":{"_monsterinsights_skip_tracking":false,"_monsterinsights_sitenote_active":false,"_monsterinsights_sitenote_note":"","_monsterinsights_sitenote_category":0,"jetpack_post_was_ever_published":false,"_jetpack_newsletter_access":"","_jetpack_dont_email_post_to_subs":false,"_jetpack_newsletter_tier_id":0,"_jetpack_memberships_contains_paywalled_content":false,"_jetpack_memberships_contains_paid_content":false,"footnotes":"","jetpack_publicize_message":"","jetpack_publicize_feature_enabled":true,"jetpack_social_post_already_shared":true,"jetpack_social_options":{"image_generator_settings":{"template":"highway","default_image_id":0,"font":"","enabled":false},"version":2},"_wpas_customize_per_network":false},"categories":[8],"tags":[16561,16313,8777,10,134],"class_list":["post-123754","post","type-post","status-publish","format-standard","has-post-thumbnail","hentry","category-sociedad","tag-cierre-del-dia","tag-covid-19","tag-fallecimiento","tag-mercedes","tag-salud","generate-columns","tablet-grid-50","mobile-grid-100","grid-parent","grid-50"],"jetpack_publicize_connections":[],"jetpack_featured_media_url":"https:\/\/www.hoymercedes.com.ar\/principal\/wp-content\/uploads\/2021\/01\/WhatsApp-Image-2021-01-23-at-21.32.51.jpeg","wps_subtitle":"Cierre del d\u00eda","jetpack_sharing_enabled":true,"_links":{"self":[{"href":"https:\/\/www.hoymercedes.com.ar\/principal\/wp-json\/wp\/v2\/posts\/123754","targetHints":{"allow":["GET"]}}],"collection":[{"href":"https:\/\/www.hoymercedes.com.ar\/principal\/wp-json\/wp\/v2\/posts"}],"about":[{"href":"https:\/\/www.hoymercedes.com.ar\/principal\/wp-json\/wp\/v2\/types\/post"}],"author":[{"embeddable":true,"href":"https:\/\/www.hoymercedes.com.ar\/principal\/wp-json\/wp\/v2\/users\/1"}],"replies":[{"embeddable":true,"href":"https:\/\/www.hoymercedes.com.ar\/principal\/wp-json\/wp\/v2\/comments?post=123754"}],"version-history":[{"count":0,"href":"https:\/\/www.hoymercedes.com.ar\/principal\/wp-json\/wp\/v2\/posts\/123754\/revisions"}],"wp:featuredmedia":[{"embeddable":true,"href":"https:\/\/www.hoymercedes.com.ar\/principal\/wp-json\/wp\/v2\/media\/123755"}],"wp:attachment":[{"href":"https:\/\/www.hoymercedes.com.ar\/principal\/wp-json\/wp\/v2\/media?parent=123754"}],"wp:term":[{"taxonomy":"category","embeddable":true,"href":"https:\/\/www.hoymercedes.com.ar\/principal\/wp-json\/wp\/v2\/categories?post=123754"},{"taxonomy":"post_tag","embeddable":true,"href":"https:\/\/www.hoymercedes.com.ar\/principal\/wp-json\/wp\/v2\/tags?post=123754"}],"curies":[{"name":"wp","href":"https:\/\/api.w.org\/{rel}","templated":true}]}}