{"id":123770,"date":"2021-01-24T12:16:00","date_gmt":"2021-01-24T15:16:00","guid":{"rendered":"http:\/\/www.hoymercedes.com.ar\/principal\/?p=123770"},"modified":"2021-01-24T13:26:58","modified_gmt":"2021-01-24T16:26:58","slug":"covid-en-s-a-de-giles-fallece-una-hombre-de-80-anos","status":"publish","type":"post","link":"https:\/\/www.hoymercedes.com.ar\/principal\/2021\/01\/24\/covid-en-s-a-de-giles-fallece-una-hombre-de-80-anos\/","title":{"rendered":"Covid en S.A. de Giles: Fallece una hombre de 80 a\u00f1os"},"content":{"rendered":"\n<p>El \u00e1rea de prensa de la Municipalidad de San Andr\u00e9s de Giles confirm\u00f3 este domingo el fallecimiento de un nuevo vecino de dicha localidad. En tanto, en la noche del s\u00e1bado confirmaron 4 nuevos casos positivos de covid-19<\/p>\n\n\n\n<p>Seg\u00fan el informe oficial,\u00a0durante la ma\u00f1ana se produjo el deceso de un hombre de 80 a\u00f1os que se encontraba internado en Terapia Intensiva del Hospital San Andr\u00e9s.\u00a0Esta persona, que ten\u00eda enfermedades previas, se hab\u00eda contagiado de Covid-19 d\u00edas atr\u00e1s.<\/p>\n\n\n\n<p>Desde que comenz\u00f3 la pandemia fallecieron 18 vecinos en San Andr\u00e9s de Giles de ese total 6 se registraron en enero de 2021, siendo el mes de mayor letalidad del virus hasta el momento. Las estad\u00edsticas de la localidad registra que Giles tiene un 2,70%, una cifra por encima de la media de la regi\u00f3n y del pa\u00eds que se mantiene en 2,51%.<\/p>\n\n\n\n<p>En tanto, en la noche del s\u00e1bado comunicaron cuatro positivos de covid-19 entre los 12 hisopados realizados. Se conoce el nexo epidemiol\u00f3gico de dos de los contagios, el cual tiene que ver con contactos estrechos.<\/p>\n\n\n\n<p>Por otro lado, hay 23 muestras que permanecen en estudio en los centros de detecci\u00f3n viral de Pergamino y Hurlingham. Mientras tanto, 338 vecinos mantienen el aislamiento domiciliario.<\/p>\n\n\n\n<p>Desde que comenz\u00f3 la pandemia, en San Andr\u00e9s de Giles se han confirmado 665 contagios, de los cuales 605 fueron dados de alta y 17 fallecieron, quedando 43 casos activos.<\/p>\n","protected":false},"excerpt":{"rendered":"<p>El \u00e1rea de prensa de la Municipalidad de San Andr\u00e9s de Giles confirm\u00f3 este domingo el fallecimiento de un nuevo &#8230; <a title=\"Covid en S.A. de Giles: Fallece una hombre de 80 a\u00f1os\" class=\"read-more\" href=\"https:\/\/www.hoymercedes.com.ar\/principal\/2021\/01\/24\/covid-en-s-a-de-giles-fallece-una-hombre-de-80-anos\/\" aria-label=\"Leer m\u00e1s sobre Covid en S.A. de Giles: Fallece una hombre de 80 a\u00f1os\">Leer m\u00e1s<\/a><\/p>\n","protected":false},"author":1,"featured_media":111591,"comment_status":"closed","ping_status":"open","sticky":false,"template":"","format":"standard","meta":{"_monsterinsights_skip_tracking":false,"_monsterinsights_sitenote_active":false,"_monsterinsights_sitenote_note":"","_monsterinsights_sitenote_category":0,"jetpack_post_was_ever_published":false,"_jetpack_newsletter_access":"","_jetpack_dont_email_post_to_subs":false,"_jetpack_newsletter_tier_id":0,"_jetpack_memberships_contains_paywalled_content":false,"_jetpack_memberships_contains_paid_content":false,"footnotes":"","jetpack_publicize_message":"","jetpack_publicize_feature_enabled":true,"jetpack_social_post_already_shared":true,"jetpack_social_options":{"image_generator_settings":{"template":"highway","default_image_id":0,"font":"","enabled":false},"version":2},"_wpas_customize_per_network":false},"categories":[9791],"tags":[16175,16313,9322,134,2123],"class_list":["post-123770","post","type-post","status-publish","format-standard","has-post-thumbnail","hentry","category-salud","tag-coronavirus","tag-covid-19","tag-region","tag-salud","tag-san-andres-de-giles","generate-columns","tablet-grid-50","mobile-grid-100","grid-parent","grid-50"],"jetpack_publicize_connections":[],"jetpack_featured_media_url":"https:\/\/www.hoymercedes.com.ar\/principal\/wp-content\/uploads\/2020\/06\/03-coronavirus.jpg","wps_subtitle":"Salud en la regi\u00f3n","jetpack_sharing_enabled":true,"_links":{"self":[{"href":"https:\/\/www.hoymercedes.com.ar\/principal\/wp-json\/wp\/v2\/posts\/123770","targetHints":{"allow":["GET"]}}],"collection":[{"href":"https:\/\/www.hoymercedes.com.ar\/principal\/wp-json\/wp\/v2\/posts"}],"about":[{"href":"https:\/\/www.hoymercedes.com.ar\/principal\/wp-json\/wp\/v2\/types\/post"}],"author":[{"embeddable":true,"href":"https:\/\/www.hoymercedes.com.ar\/principal\/wp-json\/wp\/v2\/users\/1"}],"replies":[{"embeddable":true,"href":"https:\/\/www.hoymercedes.com.ar\/principal\/wp-json\/wp\/v2\/comments?post=123770"}],"version-history":[{"count":0,"href":"https:\/\/www.hoymercedes.com.ar\/principal\/wp-json\/wp\/v2\/posts\/123770\/revisions"}],"wp:featuredmedia":[{"embeddable":true,"href":"https:\/\/www.hoymercedes.com.ar\/principal\/wp-json\/wp\/v2\/media\/111591"}],"wp:attachment":[{"href":"https:\/\/www.hoymercedes.com.ar\/principal\/wp-json\/wp\/v2\/media?parent=123770"}],"wp:term":[{"taxonomy":"category","embeddable":true,"href":"https:\/\/www.hoymercedes.com.ar\/principal\/wp-json\/wp\/v2\/categories?post=123770"},{"taxonomy":"post_tag","embeddable":true,"href":"https:\/\/www.hoymercedes.com.ar\/principal\/wp-json\/wp\/v2\/tags?post=123770"}],"curies":[{"name":"wp","href":"https:\/\/api.w.org\/{rel}","templated":true}]}}