{"id":123775,"date":"2021-01-24T17:48:57","date_gmt":"2021-01-24T20:48:57","guid":{"rendered":"http:\/\/www.hoymercedes.com.ar\/principal\/?p=123775"},"modified":"2021-01-24T20:07:47","modified_gmt":"2021-01-24T23:07:47","slug":"presentan-convocatorias-para-paseo-del-arte-comedia-de-teatro-mamm-music-y-museos","status":"publish","type":"post","link":"https:\/\/www.hoymercedes.com.ar\/principal\/2021\/01\/24\/presentan-convocatorias-para-paseo-del-arte-comedia-de-teatro-mamm-music-y-museos\/","title":{"rendered":"Presentan convocatorias para Paseo del Arte, Comedia de Teatro, MAMM Music y Museos"},"content":{"rendered":"\n<p>Por Prensa Municipal &#8211; La Direcci\u00f3n de Cultura lanza convocatoria para presentar distintos proyectos culturales. Ser\u00e1 para la Comedia Municipal de Teatro, para el Paseo de las Artes, MAMM Music para d\u00faos y tr\u00edos y apertura protocolizada de Museos. Inician cuando epidemiol\u00f3gicamente sea posible. Adem\u00e1s, se dio detalles de los amplios subsidios otorgados en \u00e1mbito cultural con apoyo de Naci\u00f3n y Provincia. \u00a0<\/p>\n\n\n\n<div class=\"wp-block-image\"><figure class=\"aligncenter size-large\"><img loading=\"lazy\" decoding=\"async\" width=\"800\" height=\"450\" data-attachment-id=\"123776\" data-permalink=\"https:\/\/www.hoymercedes.com.ar\/principal\/2021\/01\/24\/presentan-convocatorias-para-paseo-del-arte-comedia-de-teatro-mamm-music-y-museos\/dsc02852\/#main\" data-orig-file=\"https:\/\/www.hoymercedes.com.ar\/principal\/wp-content\/uploads\/2021\/01\/DSC02852.jpg\" data-orig-size=\"800,450\" data-comments-opened=\"0\" data-image-meta=\"{&quot;aperture&quot;:&quot;0&quot;,&quot;credit&quot;:&quot;&quot;,&quot;camera&quot;:&quot;&quot;,&quot;caption&quot;:&quot;&quot;,&quot;created_timestamp&quot;:&quot;0&quot;,&quot;copyright&quot;:&quot;&quot;,&quot;focal_length&quot;:&quot;0&quot;,&quot;iso&quot;:&quot;0&quot;,&quot;shutter_speed&quot;:&quot;0&quot;,&quot;title&quot;:&quot;&quot;,&quot;orientation&quot;:&quot;0&quot;}\" data-image-title=\"DSC02852\" data-image-description=\"\" data-image-caption=\"\" data-large-file=\"https:\/\/www.hoymercedes.com.ar\/principal\/wp-content\/uploads\/2021\/01\/DSC02852.jpg\" src=\"https:\/\/www.hoymercedes.com.ar\/principal\/wp-content\/uploads\/2021\/01\/DSC02852.jpg\" alt=\"\" class=\"wp-image-123776\" srcset=\"https:\/\/www.hoymercedes.com.ar\/principal\/wp-content\/uploads\/2021\/01\/DSC02852.jpg 800w, https:\/\/www.hoymercedes.com.ar\/principal\/wp-content\/uploads\/2021\/01\/DSC02852-630x354.jpg 630w, https:\/\/www.hoymercedes.com.ar\/principal\/wp-content\/uploads\/2021\/01\/DSC02852-150x84.jpg 150w\" sizes=\"auto, (max-width: 800px) 100vw, 800px\" \/><\/figure><\/div>\n\n\n\n<p>Luc\u00eda Capaccio, directora de cultura, afirm\u00f3 ante todo que \u201ces una agenda de verano inmensa entre todas las \u00e1reas la que programamos, pero que debimos suspender dichas intervenciones hasta el 31 de enero por el contexto que estamos atravesando y siguiendo las determinaciones del Comit\u00e9 de Crisis\u201d. \u00a0<\/p>\n\n\n\n<p>\u201cPor eso estamos trabajando para que cuando podamos plenamente recuperar las actividades lo hagamos de manera r\u00e1pida, eficaz y eficiente, siempre cuid\u00e1ndonos entre todas y todos\u201d sostuvo. Reafirmando que \u201ctodo lo que estamos convocando se concretar\u00e1 cuando estemos en las condiciones epidemiol\u00f3gicas correspondientes\u201d &nbsp;<\/p>\n\n\n\n<p><strong>Aportes &nbsp;<\/strong><\/p>\n\n\n\n<p>Capaccio tambi\u00e9n coment\u00f3 que deseaban dar \u201cgracias a todos los centros y actores culturales por el compromiso para desarrollar sus actividades y cuidar a los vecinos\u201d mencionando que \u201cdesde el primer d\u00eda por pedido de nuestro intendente Ustarroz y el apoyo del ministro \u201cWado\u201d de Pedro gestionamos todos los fondos pensados desde Naci\u00f3n y Provincia para acompa\u00f1arlos, donde hubo 52 artistas locales becados con 15 mil pesos por mes por 6 meses, que sabemos es una ayuda, no una soluci\u00f3n y tambi\u00e9n dos subsidios a dos centros culturales de 300.000 pesos cada uno y con el cat\u00e1logo tur\u00edstico y cultural de la provincia hemos llegado a subsidiar a 21 espacios que ya recibieron la primera cuota mientras que la segunda estar\u00e1 en breve con un total de 5 millones siendo desde 350.000 a hasta 45.000\u201d, mencion\u00f3 la funcionaria. &nbsp;<\/p>\n\n\n\n<p><strong>Convocatorias &nbsp;<\/strong><\/p>\n\n\n\n<p>Francisco Dinova coment\u00f3, respecto a la convocatoria de la Comedia Municipal de Teatro que \u201clanzamos la edici\u00f3n de la Comedia Municipal Ra\u00fal Bustos Berrondo 2021. Deseamos relanzar la propuesta para el primer semestre y ojal\u00e1 concretemos en las vacaciones de invierno las funciones\u201d defini\u00f3 y dijo que \u201cdesde el pr\u00f3ximo martes va a estar en la nueva p\u00e1gina de cultura toda la informaci\u00f3n, siendo la tem\u00e1tica libre, con 15 d\u00edas para poder inscribirse v\u00eda formulario web\u201d narr\u00f3 y sostuvo que \u201chabr\u00e1 proyectos ganadores y suplentes\u201d coment\u00f3 mencionando que \u201cnos alegra mucho poder reactivar el teatro, algo que nos enorgullece\u201d. &nbsp;<\/p>\n\n\n\n<p>Por su parte Marcela Brown coment\u00f3 que \u201crespecto a los museos con gran alegr\u00eda queremos contar que despu\u00e9s de un amplio trabajo de cada uno de los equipos de Ciencias Naturales, de Arte e Hist\u00f3rico podemos ahora empezar a abrirlos protocolizadamnete\u201d afirm\u00f3 y sostuvo que \u201cfue muy grande la tarea para que nuestros visitantes puedan recorrer diversas muestras y propuestas en un \u00e1mbito de seguridad e higiene. Las visitas se iniciar\u00e1n desde el pr\u00f3ximo jueves, siendo de lunes a mi\u00e9rcoles de 9 a 13.00hs y de jueves a domingo de 19 a 21.30hs\u201d y destac\u00f3 que \u201chabr\u00e1 una se\u00f1alizaci\u00f3n de recorrido permitiendo el distanciamiento\u201d y adem\u00e1s el museo Miguez \u201ctendr\u00e1 una exposici\u00f3n con historia de nuestros corsos mercedinos y a la vez de las carrozas de C\u00e9sar Mariella a quien queremos recordar ya que tanto nos ha brindado y ofrecido\u201d &nbsp;<\/p>\n\n\n\n<p>Jimena Rivas, desde Museo del Arte, afirm\u00f3 que \u201cse reabre en el museo del Arte es la convocatoria del MAMM Music, siendo un ciclo de m\u00fasica ac\u00fastica que permite un concierto para d\u00faos o tr\u00edos y brindar al p\u00fablico un espacio con distanciamientos y una fusi\u00f3n de lenguajes art\u00edsticos, pudiendo observar m\u00fasica en vivo y exposici\u00f3n de obras\u201d. &nbsp;<\/p>\n\n\n\n<p>Adem\u00e1s, Rivas, afirm\u00f3 que \u201cel Paseo del Arte vino para quedarse, siendo un espacio para exponer, valorizar y comercializar los artistas de nuestra ciudad. Las inscripciones ser\u00e1n v\u00eda un contacto fluido y llamando a cada artista para darle las especificaciones de cada convocatoria y poder ir programando y manteniendo una agenda considerando la realidad epidemiol\u00f3gica\u201d, destac\u00f3. &nbsp;<\/p>\n\n\n\n<p><strong>Agradecimiento &nbsp;<\/strong><\/p>\n\n\n\n<p>Por \u00faltimo, Luc\u00eda Capaccio, agradeci\u00f3 a cada integrante del \u00e1rea all\u00ed presentes, porque durante la pandemia, cuando no se pod\u00edan realizar tareas, fueron parte de varias acciones de asistencia, como ser operadores del centro de teleseguimiento, con carga, descargar y armado de asistencia alimentaria, acompa\u00f1ando centros de jubilados o en intervenciones barriales. &nbsp;<\/p>\n","protected":false},"excerpt":{"rendered":"<p>Por Prensa Municipal &#8211; La Direcci\u00f3n de Cultura lanza convocatoria para presentar distintos proyectos culturales. Ser\u00e1 para la Comedia Municipal &#8230; <a title=\"Presentan convocatorias para Paseo del Arte, Comedia de Teatro, MAMM Music y Museos\" class=\"read-more\" href=\"https:\/\/www.hoymercedes.com.ar\/principal\/2021\/01\/24\/presentan-convocatorias-para-paseo-del-arte-comedia-de-teatro-mamm-music-y-museos\/\" aria-label=\"Leer m\u00e1s sobre Presentan convocatorias para Paseo del Arte, Comedia de Teatro, MAMM Music y Museos\">Leer m\u00e1s<\/a><\/p>\n","protected":false},"author":1,"featured_media":123776,"comment_status":"closed","ping_status":"open","sticky":false,"template":"","format":"standard","meta":{"_monsterinsights_skip_tracking":false,"_monsterinsights_sitenote_active":false,"_monsterinsights_sitenote_note":"","_monsterinsights_sitenote_category":0,"jetpack_post_was_ever_published":false,"_jetpack_newsletter_access":"","_jetpack_dont_email_post_to_subs":false,"_jetpack_newsletter_tier_id":0,"_jetpack_memberships_contains_paywalled_content":false,"_jetpack_memberships_contains_paid_content":false,"footnotes":"","jetpack_publicize_message":"","jetpack_publicize_feature_enabled":true,"jetpack_social_post_already_shared":true,"jetpack_social_options":{"image_generator_settings":{"template":"highway","default_image_id":0,"font":"","enabled":false},"version":2},"_wpas_customize_per_network":false},"categories":[104],"tags":[7805,13478,244,17492],"class_list":["post-123775","post","type-post","status-publish","format-standard","has-post-thumbnail","hentry","category-cultura","tag-cultura","tag-mammusic","tag-municipio-2","tag-paseo-de-la-arte","generate-columns","tablet-grid-50","mobile-grid-100","grid-parent","grid-50"],"jetpack_publicize_connections":[],"jetpack_featured_media_url":"https:\/\/www.hoymercedes.com.ar\/principal\/wp-content\/uploads\/2021\/01\/DSC02852.jpg","wps_subtitle":"Actividades de Cultura Municipal","jetpack_sharing_enabled":true,"_links":{"self":[{"href":"https:\/\/www.hoymercedes.com.ar\/principal\/wp-json\/wp\/v2\/posts\/123775","targetHints":{"allow":["GET"]}}],"collection":[{"href":"https:\/\/www.hoymercedes.com.ar\/principal\/wp-json\/wp\/v2\/posts"}],"about":[{"href":"https:\/\/www.hoymercedes.com.ar\/principal\/wp-json\/wp\/v2\/types\/post"}],"author":[{"embeddable":true,"href":"https:\/\/www.hoymercedes.com.ar\/principal\/wp-json\/wp\/v2\/users\/1"}],"replies":[{"embeddable":true,"href":"https:\/\/www.hoymercedes.com.ar\/principal\/wp-json\/wp\/v2\/comments?post=123775"}],"version-history":[{"count":0,"href":"https:\/\/www.hoymercedes.com.ar\/principal\/wp-json\/wp\/v2\/posts\/123775\/revisions"}],"wp:featuredmedia":[{"embeddable":true,"href":"https:\/\/www.hoymercedes.com.ar\/principal\/wp-json\/wp\/v2\/media\/123776"}],"wp:attachment":[{"href":"https:\/\/www.hoymercedes.com.ar\/principal\/wp-json\/wp\/v2\/media?parent=123775"}],"wp:term":[{"taxonomy":"category","embeddable":true,"href":"https:\/\/www.hoymercedes.com.ar\/principal\/wp-json\/wp\/v2\/categories?post=123775"},{"taxonomy":"post_tag","embeddable":true,"href":"https:\/\/www.hoymercedes.com.ar\/principal\/wp-json\/wp\/v2\/tags?post=123775"}],"curies":[{"name":"wp","href":"https:\/\/api.w.org\/{rel}","templated":true}]}}