{"id":123792,"date":"2021-01-25T06:53:00","date_gmt":"2021-01-25T09:53:00","guid":{"rendered":"http:\/\/www.hoymercedes.com.ar\/principal\/?p=123792"},"modified":"2021-01-25T10:08:03","modified_gmt":"2021-01-25T13:08:03","slug":"provincia-se-preinscribieron-1-250-000-personas-para-recibir-la-vacuna","status":"publish","type":"post","link":"https:\/\/www.hoymercedes.com.ar\/principal\/2021\/01\/25\/provincia-se-preinscribieron-1-250-000-personas-para-recibir-la-vacuna\/","title":{"rendered":"Provincia: Se preinscribieron 1.250.000 personas para recibir la vacuna"},"content":{"rendered":"\n<p>El gobernador de la provincia de Buenos Aires, Axel Kicillof, destac\u00f3 que hay \u201c1.250.000 bonaerenses que se preinscribieron para recibir la vacuna contra el Covid-19\u201d. \u201cEl Plan P\u00fablico, Gratuito y Optativo de Vacunaci\u00f3n ha tenido un recibimiento excelente y nos ha permitido aplicar ya 101 mil dosis al personal de salud de los 135 municipios\u201d, a\u00f1adi\u00f3 en una entrevista radial.<\/p>\n\n\n\n<p>\u201cEstamos haciendo un gran esfuerzo de gesti\u00f3n en materia de log\u00edstica porque estamos convencidos de que la \u00fanica forma de terminar con la pandemia es con una vacunaci\u00f3n masiva\u201d, afirm\u00f3 el Gobernador y agreg\u00f3: \u201cPudimos recibir la vacuna y empezar a aplicarla r\u00e1pidamente, a pesar de los problemas de producci\u00f3n y distribuci\u00f3n que complican a todos los pa\u00edses del mundo\u201d.<\/p>\n\n\n\n<p>\u201cLa vacuna ha sido un gran hallazgo cient\u00edfico y tiene una efectividad alt\u00edsima, superior al 90%\u201d, subray\u00f3, al tiempo que ponder\u00f3 que \u201cse observa que aquellas personas que, dentro del 10% restante, contraen la enfermedad, lo hacen de forma mucho m\u00e1s leve\u201d.<\/p>\n\n\n\n<p>Respecto a las clases, Kicillof enfatiz\u00f3 que \u201csi bien el a\u00f1o pasado hubo clases y se trabaj\u00f3 para que todos los alumnos y las alumnas tuvieran continuidad pedag\u00f3gica, ahora que contamos con la vacuna estamos en condiciones de plantear una mayor presencialidad\u201d. \u201cComenzaremos a inmunizar al personal docente y auxiliar de las escuelas que, por ser poblaci\u00f3n de riesgo, no hubiera podido concurrir a los establecimientos educativos\u201d, dijo.<\/p>\n\n\n\n<p>\u201cPara nosotros las clases son una prioridad real, por eso estamos trabajando tambi\u00e9n en el armado de protocolos que permitan cumplir las pautas de cuidado en todas las escuelas\u201d, a\u00f1adi\u00f3.<\/p>\n\n\n\n<p>Por \u00faltimo, el mandatario bonaerense detall\u00f3 las medidas que se han aplicado para promover la reactivaci\u00f3n de la actividad econ\u00f3mica: \u201cJunto a las pol\u00edticas nacionales, hemos sumado la exenci\u00f3n de hasta el 50% en el pago de Ingresos Brutos correspondientes al segundo semestre del a\u00f1o pasado para 206 sectores\u201d. \u201cAdem\u00e1s de una gran inversi\u00f3n en infraestructura, lanzamos un fondo espec\u00edfico de asistencia al turismo y la cultura, y tenemos un r\u00e9cord de cr\u00e9ditos otorgados desde el Banco Provincia\u201d, explic\u00f3. <\/p>\n\n\n\n<p>(NdR: La poblaci\u00f3n en el territorio bonaerense es de 16.66 millones de habitantes)<\/p>\n\n\n\n<p>Fuente: Gobernaci\u00f3n de la provincia de Buenos Aires<\/p>\n","protected":false},"excerpt":{"rendered":"<p>El gobernador de la provincia de Buenos Aires, Axel Kicillof, destac\u00f3 que hay \u201c1.250.000 bonaerenses que se preinscribieron para recibir &#8230; <a title=\"Provincia: Se preinscribieron 1.250.000 personas para recibir la vacuna\" class=\"read-more\" href=\"https:\/\/www.hoymercedes.com.ar\/principal\/2021\/01\/25\/provincia-se-preinscribieron-1-250-000-personas-para-recibir-la-vacuna\/\" aria-label=\"Leer m\u00e1s sobre Provincia: Se preinscribieron 1.250.000 personas para recibir la vacuna\">Leer m\u00e1s<\/a><\/p>\n","protected":false},"author":1,"featured_media":123793,"comment_status":"closed","ping_status":"open","sticky":false,"template":"","format":"standard","meta":{"_monsterinsights_skip_tracking":false,"_monsterinsights_sitenote_active":false,"_monsterinsights_sitenote_note":"","_monsterinsights_sitenote_category":0,"jetpack_post_was_ever_published":false,"_jetpack_newsletter_access":"","_jetpack_dont_email_post_to_subs":false,"_jetpack_newsletter_tier_id":0,"_jetpack_memberships_contains_paywalled_content":false,"_jetpack_memberships_contains_paid_content":false,"footnotes":"","jetpack_publicize_message":"","jetpack_publicize_feature_enabled":true,"jetpack_social_post_already_shared":true,"jetpack_social_options":{"image_generator_settings":{"template":"highway","default_image_id":0,"font":"","enabled":false},"version":2},"_wpas_customize_per_network":false},"categories":[8881],"tags":[5899,1803],"class_list":["post-123792","post","type-post","status-publish","format-standard","has-post-thumbnail","hentry","category-provincia","tag-campana-de-vacunacion","tag-provincia","generate-columns","tablet-grid-50","mobile-grid-100","grid-parent","grid-50"],"jetpack_publicize_connections":[],"jetpack_featured_media_url":"https:\/\/www.hoymercedes.com.ar\/principal\/wp-content\/uploads\/2021\/01\/25-kici-vacua.jpeg","wps_subtitle":"Campa\u00f1a bonaerense","jetpack_sharing_enabled":true,"_links":{"self":[{"href":"https:\/\/www.hoymercedes.com.ar\/principal\/wp-json\/wp\/v2\/posts\/123792","targetHints":{"allow":["GET"]}}],"collection":[{"href":"https:\/\/www.hoymercedes.com.ar\/principal\/wp-json\/wp\/v2\/posts"}],"about":[{"href":"https:\/\/www.hoymercedes.com.ar\/principal\/wp-json\/wp\/v2\/types\/post"}],"author":[{"embeddable":true,"href":"https:\/\/www.hoymercedes.com.ar\/principal\/wp-json\/wp\/v2\/users\/1"}],"replies":[{"embeddable":true,"href":"https:\/\/www.hoymercedes.com.ar\/principal\/wp-json\/wp\/v2\/comments?post=123792"}],"version-history":[{"count":0,"href":"https:\/\/www.hoymercedes.com.ar\/principal\/wp-json\/wp\/v2\/posts\/123792\/revisions"}],"wp:featuredmedia":[{"embeddable":true,"href":"https:\/\/www.hoymercedes.com.ar\/principal\/wp-json\/wp\/v2\/media\/123793"}],"wp:attachment":[{"href":"https:\/\/www.hoymercedes.com.ar\/principal\/wp-json\/wp\/v2\/media?parent=123792"}],"wp:term":[{"taxonomy":"category","embeddable":true,"href":"https:\/\/www.hoymercedes.com.ar\/principal\/wp-json\/wp\/v2\/categories?post=123792"},{"taxonomy":"post_tag","embeddable":true,"href":"https:\/\/www.hoymercedes.com.ar\/principal\/wp-json\/wp\/v2\/tags?post=123792"}],"curies":[{"name":"wp","href":"https:\/\/api.w.org\/{rel}","templated":true}]}}