{"id":123801,"date":"2021-01-25T10:03:40","date_gmt":"2021-01-25T13:03:40","guid":{"rendered":"http:\/\/www.hoymercedes.com.ar\/principal\/?p=123801"},"modified":"2021-01-25T10:07:10","modified_gmt":"2021-01-25T13:07:10","slug":"en-barrio-san-jose-avanza-el-asfalto-por-calle-58","status":"publish","type":"post","link":"https:\/\/www.hoymercedes.com.ar\/principal\/2021\/01\/25\/en-barrio-san-jose-avanza-el-asfalto-por-calle-58\/","title":{"rendered":"En barrio San Jos\u00e9 avanza el asfalto por calle 58"},"content":{"rendered":"\n<p>En el marco del plan de bacheo y pavimentaci\u00f3n del Municipio de Mercedes, el Intendente Interino Mat\u00edas Dematei recorri\u00f3 el avance y volcado de hormig\u00f3n en la pavimentaci\u00f3n de calle 58 de 19 a 23 bis, en barrio San Jos\u00e9. <\/p>\n\n\n\n<p>Dematei manifest\u00f3 que \u201cten\u00edamos ac\u00e1 en calle 58 una realidad y era que estaba pavimentada hasta 23 bis, viniendo desde h\u00e9roes de Malvinas, entonces cerramos un circuito para llegar hasta 19, que es otra que est\u00e1 pavimentada\u201d manifest\u00f3 mostrando la planificaci\u00f3n de obra sobre la zona.<\/p>\n\n\n\n<p>M\u00e1s adelante narr\u00f3 que \u201cestaba, tambi\u00e9n, la problem\u00e1tica de los d\u00edas de lluvia, al ser tan transitada, se generaban inconvenientes para poder utilizarse\u201d sostuvo y destac\u00f3 que \u201cse acumulaba el agua, cercando la accesibilidad al barrio\u201d<\/p>\n\n\n\n<figure class=\"wp-block-gallery columns-2 is-cropped wp-block-gallery-1 is-layout-flex wp-block-gallery-is-layout-flex\"><ul class=\"blocks-gallery-grid\"><li class=\"blocks-gallery-item\"><figure><img loading=\"lazy\" decoding=\"async\" width=\"800\" height=\"534\" data-attachment-id=\"123804\" data-permalink=\"https:\/\/www.hoymercedes.com.ar\/principal\/2021\/01\/25\/en-barrio-san-jose-avanza-el-asfalto-por-calle-58\/dsc02871\/#main\" data-orig-file=\"https:\/\/www.hoymercedes.com.ar\/principal\/wp-content\/uploads\/2021\/01\/DSC02871.jpg\" data-orig-size=\"800,534\" data-comments-opened=\"0\" data-image-meta=\"{&quot;aperture&quot;:&quot;0&quot;,&quot;credit&quot;:&quot;&quot;,&quot;camera&quot;:&quot;&quot;,&quot;caption&quot;:&quot;&quot;,&quot;created_timestamp&quot;:&quot;1611567956&quot;,&quot;copyright&quot;:&quot;&quot;,&quot;focal_length&quot;:&quot;0&quot;,&quot;iso&quot;:&quot;0&quot;,&quot;shutter_speed&quot;:&quot;0&quot;,&quot;title&quot;:&quot;&quot;,&quot;orientation&quot;:&quot;1&quot;}\" data-image-title=\"DSC02871\" data-image-description=\"\" data-image-caption=\"\" data-large-file=\"https:\/\/www.hoymercedes.com.ar\/principal\/wp-content\/uploads\/2021\/01\/DSC02871.jpg\" src=\"https:\/\/www.hoymercedes.com.ar\/principal\/wp-content\/uploads\/2021\/01\/DSC02871.jpg\" alt=\"\" data-id=\"123804\" data-full-url=\"https:\/\/www.hoymercedes.com.ar\/principal\/wp-content\/uploads\/2021\/01\/DSC02871.jpg\" data-link=\"https:\/\/www.hoymercedes.com.ar\/principal\/?attachment_id=123804\" class=\"wp-image-123804\" srcset=\"https:\/\/www.hoymercedes.com.ar\/principal\/wp-content\/uploads\/2021\/01\/DSC02871.jpg 800w, https:\/\/www.hoymercedes.com.ar\/principal\/wp-content\/uploads\/2021\/01\/DSC02871-630x421.jpg 630w, https:\/\/www.hoymercedes.com.ar\/principal\/wp-content\/uploads\/2021\/01\/DSC02871-150x100.jpg 150w\" sizes=\"auto, (max-width: 800px) 100vw, 800px\" \/><\/figure><\/li><li class=\"blocks-gallery-item\"><figure><img loading=\"lazy\" decoding=\"async\" width=\"800\" height=\"533\" data-attachment-id=\"123803\" data-permalink=\"https:\/\/www.hoymercedes.com.ar\/principal\/2021\/01\/25\/en-barrio-san-jose-avanza-el-asfalto-por-calle-58\/dsc02867\/#main\" data-orig-file=\"https:\/\/www.hoymercedes.com.ar\/principal\/wp-content\/uploads\/2021\/01\/DSC02867.jpg\" data-orig-size=\"800,533\" data-comments-opened=\"0\" data-image-meta=\"{&quot;aperture&quot;:&quot;0&quot;,&quot;credit&quot;:&quot;&quot;,&quot;camera&quot;:&quot;&quot;,&quot;caption&quot;:&quot;&quot;,&quot;created_timestamp&quot;:&quot;1611567954&quot;,&quot;copyright&quot;:&quot;&quot;,&quot;focal_length&quot;:&quot;0&quot;,&quot;iso&quot;:&quot;0&quot;,&quot;shutter_speed&quot;:&quot;0&quot;,&quot;title&quot;:&quot;&quot;,&quot;orientation&quot;:&quot;1&quot;}\" data-image-title=\"DSC02867\" data-image-description=\"\" data-image-caption=\"\" data-large-file=\"https:\/\/www.hoymercedes.com.ar\/principal\/wp-content\/uploads\/2021\/01\/DSC02867.jpg\" src=\"https:\/\/www.hoymercedes.com.ar\/principal\/wp-content\/uploads\/2021\/01\/DSC02867.jpg\" alt=\"\" data-id=\"123803\" data-full-url=\"https:\/\/www.hoymercedes.com.ar\/principal\/wp-content\/uploads\/2021\/01\/DSC02867.jpg\" data-link=\"https:\/\/www.hoymercedes.com.ar\/principal\/?attachment_id=123803\" class=\"wp-image-123803\" srcset=\"https:\/\/www.hoymercedes.com.ar\/principal\/wp-content\/uploads\/2021\/01\/DSC02867.jpg 800w, https:\/\/www.hoymercedes.com.ar\/principal\/wp-content\/uploads\/2021\/01\/DSC02867-630x420.jpg 630w, https:\/\/www.hoymercedes.com.ar\/principal\/wp-content\/uploads\/2021\/01\/DSC02867-150x100.jpg 150w, https:\/\/www.hoymercedes.com.ar\/principal\/wp-content\/uploads\/2021\/01\/DSC02867-700x465.jpg 700w\" sizes=\"auto, (max-width: 800px) 100vw, 800px\" \/><\/figure><\/li><\/ul><\/figure>\n","protected":false},"excerpt":{"rendered":"<p>En el marco del plan de bacheo y pavimentaci\u00f3n del Municipio de Mercedes, el Intendente Interino Mat\u00edas Dematei recorri\u00f3 el &#8230; <a title=\"En barrio San Jos\u00e9 avanza el asfalto por calle 58\" class=\"read-more\" href=\"https:\/\/www.hoymercedes.com.ar\/principal\/2021\/01\/25\/en-barrio-san-jose-avanza-el-asfalto-por-calle-58\/\" aria-label=\"Leer m\u00e1s sobre En barrio San Jos\u00e9 avanza el asfalto por calle 58\">Leer m\u00e1s<\/a><\/p>\n","protected":false},"author":1,"featured_media":123804,"comment_status":"closed","ping_status":"open","sticky":false,"template":"","format":"standard","meta":{"_monsterinsights_skip_tracking":false,"_monsterinsights_sitenote_active":false,"_monsterinsights_sitenote_note":"","_monsterinsights_sitenote_category":0,"jetpack_post_was_ever_published":false,"_jetpack_newsletter_access":"","_jetpack_dont_email_post_to_subs":false,"_jetpack_newsletter_tier_id":0,"_jetpack_memberships_contains_paywalled_content":false,"_jetpack_memberships_contains_paid_content":false,"footnotes":"","jetpack_publicize_message":"","jetpack_publicize_feature_enabled":true,"jetpack_social_post_already_shared":true,"jetpack_social_options":{"image_generator_settings":{"template":"highway","default_image_id":0,"font":"","enabled":false},"version":2},"_wpas_customize_per_network":false},"categories":[30],"tags":[1868,244,5947,369],"class_list":["post-123801","post","type-post","status-publish","format-standard","has-post-thumbnail","hentry","category-municipio","tag-barrio-san-jose","tag-municipio-2","tag-obras-publicas","tag-pavimentacion","generate-columns","tablet-grid-50","mobile-grid-100","grid-parent","grid-50"],"jetpack_publicize_connections":[],"jetpack_featured_media_url":"https:\/\/www.hoymercedes.com.ar\/principal\/wp-content\/uploads\/2021\/01\/DSC02871.jpg","wps_subtitle":"Obras p\u00fablicas","jetpack_sharing_enabled":true,"_links":{"self":[{"href":"https:\/\/www.hoymercedes.com.ar\/principal\/wp-json\/wp\/v2\/posts\/123801","targetHints":{"allow":["GET"]}}],"collection":[{"href":"https:\/\/www.hoymercedes.com.ar\/principal\/wp-json\/wp\/v2\/posts"}],"about":[{"href":"https:\/\/www.hoymercedes.com.ar\/principal\/wp-json\/wp\/v2\/types\/post"}],"author":[{"embeddable":true,"href":"https:\/\/www.hoymercedes.com.ar\/principal\/wp-json\/wp\/v2\/users\/1"}],"replies":[{"embeddable":true,"href":"https:\/\/www.hoymercedes.com.ar\/principal\/wp-json\/wp\/v2\/comments?post=123801"}],"version-history":[{"count":0,"href":"https:\/\/www.hoymercedes.com.ar\/principal\/wp-json\/wp\/v2\/posts\/123801\/revisions"}],"wp:featuredmedia":[{"embeddable":true,"href":"https:\/\/www.hoymercedes.com.ar\/principal\/wp-json\/wp\/v2\/media\/123804"}],"wp:attachment":[{"href":"https:\/\/www.hoymercedes.com.ar\/principal\/wp-json\/wp\/v2\/media?parent=123801"}],"wp:term":[{"taxonomy":"category","embeddable":true,"href":"https:\/\/www.hoymercedes.com.ar\/principal\/wp-json\/wp\/v2\/categories?post=123801"},{"taxonomy":"post_tag","embeddable":true,"href":"https:\/\/www.hoymercedes.com.ar\/principal\/wp-json\/wp\/v2\/tags?post=123801"}],"curies":[{"name":"wp","href":"https:\/\/api.w.org\/{rel}","templated":true}]}}