{"id":123802,"date":"2021-01-25T11:43:13","date_gmt":"2021-01-25T14:43:13","guid":{"rendered":"http:\/\/www.hoymercedes.com.ar\/principal\/?p=123802"},"modified":"2021-01-25T11:43:20","modified_gmt":"2021-01-25T14:43:20","slug":"en-conferencia-de-prensa-walter-sequeira-anuncio-que-vuelve-a-subirse-al-ring","status":"publish","type":"post","link":"https:\/\/www.hoymercedes.com.ar\/principal\/2021\/01\/25\/en-conferencia-de-prensa-walter-sequeira-anuncio-que-vuelve-a-subirse-al-ring\/","title":{"rendered":"En conferencia de prensa, Walter Sequeira anunci\u00f3 que vuelve a subirse al ring"},"content":{"rendered":"\n<p>En la Colonia Zummerland, Walter \u00abYacar\u00e9\u00bb Sequeira entrena desde hace varias semanas y este viernes hizo la presentaci\u00f3n de su nuevo equipo ante la prensa. En la localidad de Altamira, el p\u00fagil mercedino se prepara para una nueva pelea cuya fecha prevista es el 26 de febrero ante Hern\u00e1n David P\u00e9rez, oriundo de Jos\u00e9 Marmol. Ambos buscar\u00e1n el t\u00edtulo Fedebol Mediopesado AMB. La sede no est\u00e1 confirmada, pero no se descarta que sea en Mercedes y televisada por TyC Sports.<\/p>\n\n\n\n<figure class=\"wp-block-image size-large\"><img loading=\"lazy\" decoding=\"async\" width=\"1000\" height=\"664\" data-attachment-id=\"123809\" data-permalink=\"https:\/\/www.hoymercedes.com.ar\/principal\/2021\/01\/25\/en-conferencia-de-prensa-walter-sequeira-anuncio-que-vuelve-a-subirse-al-ring\/mhm_4510\/#main\" data-orig-file=\"https:\/\/www.hoymercedes.com.ar\/principal\/wp-content\/uploads\/2021\/01\/MHM_4510.jpg\" data-orig-size=\"1000,664\" data-comments-opened=\"0\" data-image-meta=\"{&quot;aperture&quot;:&quot;2.8&quot;,&quot;credit&quot;:&quot;Moreira Mario Hugo&quot;,&quot;camera&quot;:&quot;NIKON D300&quot;,&quot;caption&quot;:&quot;&quot;,&quot;created_timestamp&quot;:&quot;1419726478&quot;,&quot;copyright&quot;:&quot;Moreira Mario Hugo&quot;,&quot;focal_length&quot;:&quot;50&quot;,&quot;iso&quot;:&quot;1250&quot;,&quot;shutter_speed&quot;:&quot;0.002&quot;,&quot;title&quot;:&quot;&quot;,&quot;orientation&quot;:&quot;0&quot;}\" data-image-title=\"MHM_4510\" data-image-description=\"\" data-image-caption=\"\" data-large-file=\"https:\/\/www.hoymercedes.com.ar\/principal\/wp-content\/uploads\/2021\/01\/MHM_4510.jpg\" src=\"https:\/\/www.hoymercedes.com.ar\/principal\/wp-content\/uploads\/2021\/01\/MHM_4510.jpg\" alt=\"\" class=\"wp-image-123809\" srcset=\"https:\/\/www.hoymercedes.com.ar\/principal\/wp-content\/uploads\/2021\/01\/MHM_4510.jpg 1000w, https:\/\/www.hoymercedes.com.ar\/principal\/wp-content\/uploads\/2021\/01\/MHM_4510-630x418.jpg 630w, https:\/\/www.hoymercedes.com.ar\/principal\/wp-content\/uploads\/2021\/01\/MHM_4510-150x100.jpg 150w, https:\/\/www.hoymercedes.com.ar\/principal\/wp-content\/uploads\/2021\/01\/MHM_4510-700x465.jpg 700w\" sizes=\"auto, (max-width: 1000px) 100vw, 1000px\" \/><\/figure>\n\n\n\n<p>Ariel Ladebese es el nuevo manager que tiene Sequeira, quien detall\u00f3 que desde finales de 2020 se encuentran entrenando y tras entrenar en Luj\u00e1n con Sebasti\u00e1n Papeschi y no tener buen resultado con \u00abPana\u00bb Sosa, surgi\u00f3 la posibilidad de realizar un campamento en Altamira, propuesta realizada por Sebasti\u00e1n \u00abEl Vasco\u00bb Lacoste.<\/p>\n\n\n\n<p>Por su parte, Sequeira, quien ostenta un record de 23 ganadas (15 antes del l\u00edmite) y 7 derrotas (4 por ko), detall\u00f3 que espera \u00abque salga la pelea del 26 con P\u00e9rez (6-2 KO \u2013 3- 2 KO). Estoy muy bien entrenado a s\u00f3lo tres kilos de la categor\u00eda, esperando para poder estar de nuevo sobre un ring\u201d. Adem\u00e1s se\u00f1al\u00f3 que producto de la pandemia no pudo seguir entrenando en Buenos Aires y es por eso que se busc\u00f3 una alternativa, que termin\u00f3 siendo Zummerland. \u00abEstamos muy bien, hay un ring, bolsas y no falta nada, aparte vienen boxeadores a guantear\u201d, continu\u00f3 el boxeador quien espera que en los pr\u00f3ximos d\u00edas llegue el pampeano Mart\u00edn R\u00edos para sumarse al campamento. <\/p>\n\n\n\n<p>Adempas de Ladebese y Lacoste, el equipo est\u00e1 integrado por \u00c1ngel Sequeira y Walter \u00abPana\u00bb Sosa como entrenador, quien anteriormente trabaj\u00f3 con Marcos \u00abChino\u00bb Maidana, que destac\u00f3: \u201cyo ya estoy acostumbrado a campamentos largos, esto es bueno para el deportista y el equipo, para descansar y entrenar\u00bb y agreg\u00f3 que \u00abahora como se estir\u00f3 una semana m\u00e1s nos da tiempo a estudiar m\u00e1s el rival, afilar detalles que siempre quedan\u201d<\/p>\n\n\n\n<p><\/p>\n","protected":false},"excerpt":{"rendered":"<p>En la Colonia Zummerland, Walter \u00abYacar\u00e9\u00bb Sequeira entrena desde hace varias semanas y este viernes hizo la presentaci\u00f3n de su &#8230; <a title=\"En conferencia de prensa, Walter Sequeira anunci\u00f3 que vuelve a subirse al ring\" class=\"read-more\" href=\"https:\/\/www.hoymercedes.com.ar\/principal\/2021\/01\/25\/en-conferencia-de-prensa-walter-sequeira-anuncio-que-vuelve-a-subirse-al-ring\/\" aria-label=\"Leer m\u00e1s sobre En conferencia de prensa, Walter Sequeira anunci\u00f3 que vuelve a subirse al ring\">Leer m\u00e1s<\/a><\/p>\n","protected":false},"author":1,"featured_media":123809,"comment_status":"closed","ping_status":"open","sticky":false,"template":"","format":"standard","meta":{"_monsterinsights_skip_tracking":false,"_monsterinsights_sitenote_active":false,"_monsterinsights_sitenote_note":"","_monsterinsights_sitenote_category":0,"jetpack_post_was_ever_published":false,"_jetpack_newsletter_access":"","_jetpack_dont_email_post_to_subs":false,"_jetpack_newsletter_tier_id":0,"_jetpack_memberships_contains_paywalled_content":false,"_jetpack_memberships_contains_paid_content":false,"footnotes":"","jetpack_publicize_message":"","jetpack_publicize_feature_enabled":true,"jetpack_social_post_already_shared":true,"jetpack_social_options":{"image_generator_settings":{"template":"highway","default_image_id":0,"font":"","enabled":false},"version":2},"_wpas_customize_per_network":false},"categories":[21],"tags":[4048],"class_list":["post-123802","post","type-post","status-publish","format-standard","has-post-thumbnail","hentry","category-deportes","tag-yacare-sequeira","generate-columns","tablet-grid-50","mobile-grid-100","grid-parent","grid-50"],"jetpack_publicize_connections":[],"jetpack_featured_media_url":"https:\/\/www.hoymercedes.com.ar\/principal\/wp-content\/uploads\/2021\/01\/MHM_4510.jpg","wps_subtitle":"","jetpack_sharing_enabled":true,"_links":{"self":[{"href":"https:\/\/www.hoymercedes.com.ar\/principal\/wp-json\/wp\/v2\/posts\/123802","targetHints":{"allow":["GET"]}}],"collection":[{"href":"https:\/\/www.hoymercedes.com.ar\/principal\/wp-json\/wp\/v2\/posts"}],"about":[{"href":"https:\/\/www.hoymercedes.com.ar\/principal\/wp-json\/wp\/v2\/types\/post"}],"author":[{"embeddable":true,"href":"https:\/\/www.hoymercedes.com.ar\/principal\/wp-json\/wp\/v2\/users\/1"}],"replies":[{"embeddable":true,"href":"https:\/\/www.hoymercedes.com.ar\/principal\/wp-json\/wp\/v2\/comments?post=123802"}],"version-history":[{"count":0,"href":"https:\/\/www.hoymercedes.com.ar\/principal\/wp-json\/wp\/v2\/posts\/123802\/revisions"}],"wp:featuredmedia":[{"embeddable":true,"href":"https:\/\/www.hoymercedes.com.ar\/principal\/wp-json\/wp\/v2\/media\/123809"}],"wp:attachment":[{"href":"https:\/\/www.hoymercedes.com.ar\/principal\/wp-json\/wp\/v2\/media?parent=123802"}],"wp:term":[{"taxonomy":"category","embeddable":true,"href":"https:\/\/www.hoymercedes.com.ar\/principal\/wp-json\/wp\/v2\/categories?post=123802"},{"taxonomy":"post_tag","embeddable":true,"href":"https:\/\/www.hoymercedes.com.ar\/principal\/wp-json\/wp\/v2\/tags?post=123802"}],"curies":[{"name":"wp","href":"https:\/\/api.w.org\/{rel}","templated":true}]}}