{"id":123811,"date":"2021-01-25T11:50:07","date_gmt":"2021-01-25T14:50:07","guid":{"rendered":"http:\/\/www.hoymercedes.com.ar\/principal\/?p=123811"},"modified":"2021-01-25T13:50:51","modified_gmt":"2021-01-25T16:50:51","slug":"maria-laura-mangoni-fue-tercera-en-los-3k-de-federacion","status":"publish","type":"post","link":"https:\/\/www.hoymercedes.com.ar\/principal\/2021\/01\/25\/maria-laura-mangoni-fue-tercera-en-los-3k-de-federacion\/","title":{"rendered":"Mar\u00eda Laura Mangoni fue tercera en los 3K de Federaci\u00f3n"},"content":{"rendered":"\n<p>En el Lago de Salto Grande, en la ciudad de Federaci\u00f3n, provincia de Entre R\u00edos, se realiz\u00f3 la d\u00e9cima edici\u00f3n de los 3 kil\u00f3metros de aguas abiertas, donde la mercedina Mar\u00eda Laura Mangoni se qued\u00f3 con el tercer puesto de la competencia sobre un total de 260 participantes de todo el pa\u00eds. Fue la primera competencia importante de la especialidad que se realiza en el pa\u00eds en la presente temporada.<\/p>\n\n\n\n<div class=\"wp-block-image\"><figure class=\"aligncenter size-large\"><img loading=\"lazy\" decoding=\"async\" width=\"719\" height=\"480\" data-attachment-id=\"123812\" data-permalink=\"https:\/\/www.hoymercedes.com.ar\/principal\/2021\/01\/25\/maria-laura-mangoni-fue-tercera-en-los-3k-de-federacion\/maria-laura-mangoni-tercera-3k-federacion\/#main\" data-orig-file=\"https:\/\/www.hoymercedes.com.ar\/principal\/wp-content\/uploads\/2021\/01\/Maria-Laura-Mangoni-tercera-3k-federacion.jpg\" data-orig-size=\"719,480\" data-comments-opened=\"0\" data-image-meta=\"{&quot;aperture&quot;:&quot;0&quot;,&quot;credit&quot;:&quot;&quot;,&quot;camera&quot;:&quot;&quot;,&quot;caption&quot;:&quot;&quot;,&quot;created_timestamp&quot;:&quot;0&quot;,&quot;copyright&quot;:&quot;&quot;,&quot;focal_length&quot;:&quot;0&quot;,&quot;iso&quot;:&quot;0&quot;,&quot;shutter_speed&quot;:&quot;0&quot;,&quot;title&quot;:&quot;&quot;,&quot;orientation&quot;:&quot;0&quot;}\" data-image-title=\"Maria-Laura-Mangoni-tercera-3k-federacion\" data-image-description=\"\" data-image-caption=\"\" data-large-file=\"https:\/\/www.hoymercedes.com.ar\/principal\/wp-content\/uploads\/2021\/01\/Maria-Laura-Mangoni-tercera-3k-federacion.jpg\" src=\"https:\/\/www.hoymercedes.com.ar\/principal\/wp-content\/uploads\/2021\/01\/Maria-Laura-Mangoni-tercera-3k-federacion.jpg\" alt=\"\" class=\"wp-image-123812\" srcset=\"https:\/\/www.hoymercedes.com.ar\/principal\/wp-content\/uploads\/2021\/01\/Maria-Laura-Mangoni-tercera-3k-federacion.jpg 719w, https:\/\/www.hoymercedes.com.ar\/principal\/wp-content\/uploads\/2021\/01\/Maria-Laura-Mangoni-tercera-3k-federacion-630x421.jpg 630w, https:\/\/www.hoymercedes.com.ar\/principal\/wp-content\/uploads\/2021\/01\/Maria-Laura-Mangoni-tercera-3k-federacion-150x100.jpg 150w\" sizes=\"auto, (max-width: 719px) 100vw, 719px\" \/><\/figure><\/div>\n\n\n\n<p>Luego de la competencia inicial de 1500 metros con un centenar de nadadores, se larg\u00f3 la carrera principal. Con 1.14\u2032.56\u2033 qued\u00f3 en el tercer puesto, detr\u00e1s de Cecilia Puricelli de Concepci\u00f3n del Uruguay (1.6\u2033.22\u2032) y Sandra Marisa Garc\u00eda (1.10\u2032.22\u2033) de Diamante<\/p>\n","protected":false},"excerpt":{"rendered":"<p>En el Lago de Salto Grande, en la ciudad de Federaci\u00f3n, provincia de Entre R\u00edos, se realiz\u00f3 la d\u00e9cima edici\u00f3n &#8230; <a title=\"Mar\u00eda Laura Mangoni fue tercera en los 3K de Federaci\u00f3n\" class=\"read-more\" href=\"https:\/\/www.hoymercedes.com.ar\/principal\/2021\/01\/25\/maria-laura-mangoni-fue-tercera-en-los-3k-de-federacion\/\" aria-label=\"Leer m\u00e1s sobre Mar\u00eda Laura Mangoni fue tercera en los 3K de Federaci\u00f3n\">Leer m\u00e1s<\/a><\/p>\n","protected":false},"author":1,"featured_media":123812,"comment_status":"closed","ping_status":"open","sticky":false,"template":"","format":"standard","meta":{"_monsterinsights_skip_tracking":false,"_monsterinsights_sitenote_active":false,"_monsterinsights_sitenote_note":"","_monsterinsights_sitenote_category":0,"jetpack_post_was_ever_published":false,"_jetpack_newsletter_access":"","_jetpack_dont_email_post_to_subs":false,"_jetpack_newsletter_tier_id":0,"_jetpack_memberships_contains_paywalled_content":false,"_jetpack_memberships_contains_paid_content":false,"footnotes":"","jetpack_publicize_message":"","jetpack_publicize_feature_enabled":true,"jetpack_social_post_already_shared":true,"jetpack_social_options":{"image_generator_settings":{"template":"highway","default_image_id":0,"font":"","enabled":false},"version":2},"_wpas_customize_per_network":false},"categories":[21],"tags":[17495],"class_list":["post-123811","post","type-post","status-publish","format-standard","has-post-thumbnail","hentry","category-deportes","tag-entre-rios-2","generate-columns","tablet-grid-50","mobile-grid-100","grid-parent","grid-50"],"jetpack_publicize_connections":[],"jetpack_featured_media_url":"https:\/\/www.hoymercedes.com.ar\/principal\/wp-content\/uploads\/2021\/01\/Maria-Laura-Mangoni-tercera-3k-federacion.jpg","wps_subtitle":"","jetpack_sharing_enabled":true,"_links":{"self":[{"href":"https:\/\/www.hoymercedes.com.ar\/principal\/wp-json\/wp\/v2\/posts\/123811","targetHints":{"allow":["GET"]}}],"collection":[{"href":"https:\/\/www.hoymercedes.com.ar\/principal\/wp-json\/wp\/v2\/posts"}],"about":[{"href":"https:\/\/www.hoymercedes.com.ar\/principal\/wp-json\/wp\/v2\/types\/post"}],"author":[{"embeddable":true,"href":"https:\/\/www.hoymercedes.com.ar\/principal\/wp-json\/wp\/v2\/users\/1"}],"replies":[{"embeddable":true,"href":"https:\/\/www.hoymercedes.com.ar\/principal\/wp-json\/wp\/v2\/comments?post=123811"}],"version-history":[{"count":0,"href":"https:\/\/www.hoymercedes.com.ar\/principal\/wp-json\/wp\/v2\/posts\/123811\/revisions"}],"wp:featuredmedia":[{"embeddable":true,"href":"https:\/\/www.hoymercedes.com.ar\/principal\/wp-json\/wp\/v2\/media\/123812"}],"wp:attachment":[{"href":"https:\/\/www.hoymercedes.com.ar\/principal\/wp-json\/wp\/v2\/media?parent=123811"}],"wp:term":[{"taxonomy":"category","embeddable":true,"href":"https:\/\/www.hoymercedes.com.ar\/principal\/wp-json\/wp\/v2\/categories?post=123811"},{"taxonomy":"post_tag","embeddable":true,"href":"https:\/\/www.hoymercedes.com.ar\/principal\/wp-json\/wp\/v2\/tags?post=123811"}],"curies":[{"name":"wp","href":"https:\/\/api.w.org\/{rel}","templated":true}]}}