{"id":123832,"date":"2021-01-26T07:32:00","date_gmt":"2021-01-26T10:32:00","guid":{"rendered":"http:\/\/www.hoymercedes.com.ar\/principal\/?p=123832"},"modified":"2021-01-25T19:55:12","modified_gmt":"2021-01-25T22:55:12","slug":"el-boxeo-tuvo-su-noche-en-lujan-con-los-alumnos-de-ciro-crocci","status":"publish","type":"post","link":"https:\/\/www.hoymercedes.com.ar\/principal\/2021\/01\/26\/el-boxeo-tuvo-su-noche-en-lujan-con-los-alumnos-de-ciro-crocci\/","title":{"rendered":"El boxeo tuvo su noche en Luj\u00e1n con los alumnos de Ciro Crocci"},"content":{"rendered":"\n<p>Si bien Luj\u00e1n es una ciudad que ha sido muy castigada por el Coronavirus, de a poco tambi\u00e9n va teniendo cierta normalidad la actividad deportiva. Este s\u00e1bado 23 de enero se realiz\u00f3 una jornada de boxeo al aire libre donde participaron varios mercedinos pertenecientes a la escuela dirigida por Ciro Crocci en el Club Regatas.<\/p>\n\n\n\n<figure class=\"wp-block-image size-large\"><img loading=\"lazy\" decoding=\"async\" width=\"1024\" height=\"497\" data-attachment-id=\"123837\" data-permalink=\"https:\/\/www.hoymercedes.com.ar\/principal\/2021\/01\/26\/el-boxeo-tuvo-su-noche-en-lujan-con-los-alumnos-de-ciro-crocci\/alumnos-ciro-crocci-en-lujan\/#main\" data-orig-file=\"https:\/\/www.hoymercedes.com.ar\/principal\/wp-content\/uploads\/2021\/01\/Alumnos-Ciro-Crocci-en-Lujan.jpg\" data-orig-size=\"1280,621\" data-comments-opened=\"0\" data-image-meta=\"{&quot;aperture&quot;:&quot;0&quot;,&quot;credit&quot;:&quot;&quot;,&quot;camera&quot;:&quot;&quot;,&quot;caption&quot;:&quot;&quot;,&quot;created_timestamp&quot;:&quot;0&quot;,&quot;copyright&quot;:&quot;&quot;,&quot;focal_length&quot;:&quot;0&quot;,&quot;iso&quot;:&quot;0&quot;,&quot;shutter_speed&quot;:&quot;0&quot;,&quot;title&quot;:&quot;&quot;,&quot;orientation&quot;:&quot;0&quot;}\" data-image-title=\"Alumnos-Ciro-Crocci-en-Lujan\" data-image-description=\"\" data-image-caption=\"\" data-large-file=\"https:\/\/www.hoymercedes.com.ar\/principal\/wp-content\/uploads\/2021\/01\/Alumnos-Ciro-Crocci-en-Lujan-1024x497.jpg\" src=\"https:\/\/www.hoymercedes.com.ar\/principal\/wp-content\/uploads\/2021\/01\/Alumnos-Ciro-Crocci-en-Lujan-1024x497.jpg\" alt=\"\" class=\"wp-image-123837\" srcset=\"https:\/\/www.hoymercedes.com.ar\/principal\/wp-content\/uploads\/2021\/01\/Alumnos-Ciro-Crocci-en-Lujan-1024x497.jpg 1024w, https:\/\/www.hoymercedes.com.ar\/principal\/wp-content\/uploads\/2021\/01\/Alumnos-Ciro-Crocci-en-Lujan-630x306.jpg 630w, https:\/\/www.hoymercedes.com.ar\/principal\/wp-content\/uploads\/2021\/01\/Alumnos-Ciro-Crocci-en-Lujan-150x73.jpg 150w, https:\/\/www.hoymercedes.com.ar\/principal\/wp-content\/uploads\/2021\/01\/Alumnos-Ciro-Crocci-en-Lujan.jpg 1280w\" sizes=\"auto, (max-width: 1024px) 100vw, 1024px\" \/><\/figure>\n\n\n\n<p>P\u00fagiles locales y de otras ciudades de la regi\u00f3n se hicieron presentes ante un buen marco de p\u00fablico. Todo estuvo organizado por Regatas Boxing Club, a cargo de Montes Aguirre en la que hubo sparring y guanteo.<\/p>\n\n\n\n<p>Bianca Lucero, Daniela Rodr\u00edguez, Alexis Pita, Marcos Padilla y Milagros Carbonne subieron al ring en exhibiciones de 2 minutos por uno de descanso y Felipe Clavero realiz\u00f3 una pelea amateur de 3 rounds de 2 x 1 con victoria para su retador, el zarate\u00f1o Francisco Ar\u00faa por puntos.<\/p>\n\n\n\n<p>Diego Tricarico, El\u00edas Vezzoso, Nazareno Clavero, Kevin Romero, Gianfranco Sosa, Dami\u00e1n G\u00f3mez y Florencia Villalba no pudieron presentarse ya que sus rivales se ausentaron. Tendr\u00e1n la posibilidad en Moreno, cuando la Escuela se vuelva a presentar en marzo, por lo que deber\u00e1n seguir entrenando en el predio de 69 y 10.<\/p>\n","protected":false},"excerpt":{"rendered":"<p>Si bien Luj\u00e1n es una ciudad que ha sido muy castigada por el Coronavirus, de a poco tambi\u00e9n va teniendo &#8230; <a title=\"El boxeo tuvo su noche en Luj\u00e1n con los alumnos de Ciro Crocci\" class=\"read-more\" href=\"https:\/\/www.hoymercedes.com.ar\/principal\/2021\/01\/26\/el-boxeo-tuvo-su-noche-en-lujan-con-los-alumnos-de-ciro-crocci\/\" aria-label=\"Leer m\u00e1s sobre El boxeo tuvo su noche en Luj\u00e1n con los alumnos de Ciro Crocci\">Leer m\u00e1s<\/a><\/p>\n","protected":false},"author":1,"featured_media":123837,"comment_status":"closed","ping_status":"open","sticky":false,"template":"","format":"standard","meta":{"_monsterinsights_skip_tracking":false,"_monsterinsights_sitenote_active":false,"_monsterinsights_sitenote_note":"","_monsterinsights_sitenote_category":0,"jetpack_post_was_ever_published":false,"_jetpack_newsletter_access":"","_jetpack_dont_email_post_to_subs":false,"_jetpack_newsletter_tier_id":0,"_jetpack_memberships_contains_paywalled_content":false,"_jetpack_memberships_contains_paid_content":false,"footnotes":"","jetpack_publicize_message":"","jetpack_publicize_feature_enabled":true,"jetpack_social_post_already_shared":true,"jetpack_social_options":{"image_generator_settings":{"template":"highway","default_image_id":0,"font":"","enabled":false},"version":2},"_wpas_customize_per_network":false},"categories":[21],"tags":[1279,9332],"class_list":["post-123832","post","type-post","status-publish","format-standard","has-post-thumbnail","hentry","category-deportes","tag-boxeo","tag-ciro-crocci","generate-columns","tablet-grid-50","mobile-grid-100","grid-parent","grid-50"],"jetpack_publicize_connections":[],"jetpack_featured_media_url":"https:\/\/www.hoymercedes.com.ar\/principal\/wp-content\/uploads\/2021\/01\/Alumnos-Ciro-Crocci-en-Lujan.jpg","wps_subtitle":"","jetpack_sharing_enabled":true,"_links":{"self":[{"href":"https:\/\/www.hoymercedes.com.ar\/principal\/wp-json\/wp\/v2\/posts\/123832","targetHints":{"allow":["GET"]}}],"collection":[{"href":"https:\/\/www.hoymercedes.com.ar\/principal\/wp-json\/wp\/v2\/posts"}],"about":[{"href":"https:\/\/www.hoymercedes.com.ar\/principal\/wp-json\/wp\/v2\/types\/post"}],"author":[{"embeddable":true,"href":"https:\/\/www.hoymercedes.com.ar\/principal\/wp-json\/wp\/v2\/users\/1"}],"replies":[{"embeddable":true,"href":"https:\/\/www.hoymercedes.com.ar\/principal\/wp-json\/wp\/v2\/comments?post=123832"}],"version-history":[{"count":0,"href":"https:\/\/www.hoymercedes.com.ar\/principal\/wp-json\/wp\/v2\/posts\/123832\/revisions"}],"wp:featuredmedia":[{"embeddable":true,"href":"https:\/\/www.hoymercedes.com.ar\/principal\/wp-json\/wp\/v2\/media\/123837"}],"wp:attachment":[{"href":"https:\/\/www.hoymercedes.com.ar\/principal\/wp-json\/wp\/v2\/media?parent=123832"}],"wp:term":[{"taxonomy":"category","embeddable":true,"href":"https:\/\/www.hoymercedes.com.ar\/principal\/wp-json\/wp\/v2\/categories?post=123832"},{"taxonomy":"post_tag","embeddable":true,"href":"https:\/\/www.hoymercedes.com.ar\/principal\/wp-json\/wp\/v2\/tags?post=123832"}],"curies":[{"name":"wp","href":"https:\/\/api.w.org\/{rel}","templated":true}]}}