{"id":123902,"date":"2021-01-26T20:39:30","date_gmt":"2021-01-26T23:39:30","guid":{"rendered":"http:\/\/www.hoymercedes.com.ar\/principal\/?p=123902"},"modified":"2021-01-26T22:18:42","modified_gmt":"2021-01-27T01:18:42","slug":"incendio-en-un-basural-cercano-a-la-interseccion-de-las-rutas-5-y-41","status":"publish","type":"post","link":"https:\/\/www.hoymercedes.com.ar\/principal\/2021\/01\/26\/incendio-en-un-basural-cercano-a-la-interseccion-de-las-rutas-5-y-41\/","title":{"rendered":"Incendio en un basural cercano a la intersecci\u00f3n de las rutas 5 y 41"},"content":{"rendered":"\n<p>Cerca de las 7 de la tarde de este martes, se registr\u00f3 un incendio en un basural que signific\u00f3 un \u00abhongo de humo negro\u00bb que se expand\u00eda por las rutas 5 y 41. Cerca de la intersecci\u00f3n de ambas rutas, entre las v\u00edas del ferrocarril Sarmiento y uno de los acceso a la colectora de ruta 5 que llega a Mercedes desde Luj\u00e1n, se produjo fuego en una basural que debi\u00f3se sofocado por el cuerpo de Bomberos Voluntarios de Mercedes, aunque tambi\u00e9n intervinieron al menos dos m\u00f3viles policiales y referentes de Protecci\u00f3n Civil Mercedes. <\/p>\n\n\n\n<figure class=\"wp-block-gallery columns-2 is-cropped wp-block-gallery-1 is-layout-flex wp-block-gallery-is-layout-flex\"><ul class=\"blocks-gallery-grid\"><li class=\"blocks-gallery-item\"><figure><img loading=\"lazy\" decoding=\"async\" width=\"720\" height=\"480\" data-attachment-id=\"123903\" data-permalink=\"https:\/\/www.hoymercedes.com.ar\/principal\/2021\/01\/26\/incendio-en-un-basural-cercano-a-la-interseccion-de-las-rutas-5-y-41\/whatsapp-image-2021-01-26-at-19-03-55\/#main\" data-orig-file=\"https:\/\/www.hoymercedes.com.ar\/principal\/wp-content\/uploads\/2021\/01\/WhatsApp-Image-2021-01-26-at-19.03.55.jpeg\" data-orig-size=\"720,480\" data-comments-opened=\"0\" data-image-meta=\"{&quot;aperture&quot;:&quot;0&quot;,&quot;credit&quot;:&quot;&quot;,&quot;camera&quot;:&quot;&quot;,&quot;caption&quot;:&quot;&quot;,&quot;created_timestamp&quot;:&quot;1611696250&quot;,&quot;copyright&quot;:&quot;&quot;,&quot;focal_length&quot;:&quot;0&quot;,&quot;iso&quot;:&quot;0&quot;,&quot;shutter_speed&quot;:&quot;0&quot;,&quot;title&quot;:&quot;&quot;,&quot;orientation&quot;:&quot;1&quot;}\" data-image-title=\"WhatsApp Image 2021-01-26 at 19.03.55\" data-image-description=\"\" data-image-caption=\"\" data-large-file=\"https:\/\/www.hoymercedes.com.ar\/principal\/wp-content\/uploads\/2021\/01\/WhatsApp-Image-2021-01-26-at-19.03.55.jpeg\" src=\"https:\/\/www.hoymercedes.com.ar\/principal\/wp-content\/uploads\/2021\/01\/WhatsApp-Image-2021-01-26-at-19.03.55.jpeg\" alt=\"\" data-id=\"123903\" data-full-url=\"https:\/\/www.hoymercedes.com.ar\/principal\/wp-content\/uploads\/2021\/01\/WhatsApp-Image-2021-01-26-at-19.03.55.jpeg\" data-link=\"https:\/\/www.hoymercedes.com.ar\/principal\/?attachment_id=123903\" class=\"wp-image-123903\" srcset=\"https:\/\/www.hoymercedes.com.ar\/principal\/wp-content\/uploads\/2021\/01\/WhatsApp-Image-2021-01-26-at-19.03.55.jpeg 720w, https:\/\/www.hoymercedes.com.ar\/principal\/wp-content\/uploads\/2021\/01\/WhatsApp-Image-2021-01-26-at-19.03.55-630x420.jpeg 630w, https:\/\/www.hoymercedes.com.ar\/principal\/wp-content\/uploads\/2021\/01\/WhatsApp-Image-2021-01-26-at-19.03.55-150x100.jpeg 150w\" sizes=\"auto, (max-width: 720px) 100vw, 720px\" \/><\/figure><\/li><li class=\"blocks-gallery-item\"><figure><img loading=\"lazy\" decoding=\"async\" width=\"800\" height=\"600\" data-attachment-id=\"123904\" data-permalink=\"https:\/\/www.hoymercedes.com.ar\/principal\/2021\/01\/26\/incendio-en-un-basural-cercano-a-la-interseccion-de-las-rutas-5-y-41\/whatsapp-image-2021-01-26-at-20-07-50\/#main\" data-orig-file=\"https:\/\/www.hoymercedes.com.ar\/principal\/wp-content\/uploads\/2021\/01\/WhatsApp-Image-2021-01-26-at-20.07.50.jpeg\" data-orig-size=\"800,600\" data-comments-opened=\"0\" data-image-meta=\"{&quot;aperture&quot;:&quot;0&quot;,&quot;credit&quot;:&quot;&quot;,&quot;camera&quot;:&quot;&quot;,&quot;caption&quot;:&quot;&quot;,&quot;created_timestamp&quot;:&quot;0&quot;,&quot;copyright&quot;:&quot;&quot;,&quot;focal_length&quot;:&quot;0&quot;,&quot;iso&quot;:&quot;0&quot;,&quot;shutter_speed&quot;:&quot;0&quot;,&quot;title&quot;:&quot;&quot;,&quot;orientation&quot;:&quot;0&quot;}\" data-image-title=\"WhatsApp Image 2021-01-26 at 20.07.50\" data-image-description=\"\" data-image-caption=\"\" data-large-file=\"https:\/\/www.hoymercedes.com.ar\/principal\/wp-content\/uploads\/2021\/01\/WhatsApp-Image-2021-01-26-at-20.07.50.jpeg\" src=\"https:\/\/www.hoymercedes.com.ar\/principal\/wp-content\/uploads\/2021\/01\/WhatsApp-Image-2021-01-26-at-20.07.50.jpeg\" alt=\"\" data-id=\"123904\" data-full-url=\"https:\/\/www.hoymercedes.com.ar\/principal\/wp-content\/uploads\/2021\/01\/WhatsApp-Image-2021-01-26-at-20.07.50.jpeg\" data-link=\"https:\/\/www.hoymercedes.com.ar\/principal\/?attachment_id=123904\" class=\"wp-image-123904\" srcset=\"https:\/\/www.hoymercedes.com.ar\/principal\/wp-content\/uploads\/2021\/01\/WhatsApp-Image-2021-01-26-at-20.07.50.jpeg 800w, https:\/\/www.hoymercedes.com.ar\/principal\/wp-content\/uploads\/2021\/01\/WhatsApp-Image-2021-01-26-at-20.07.50-630x473.jpeg 630w, https:\/\/www.hoymercedes.com.ar\/principal\/wp-content\/uploads\/2021\/01\/WhatsApp-Image-2021-01-26-at-20.07.50-150x113.jpeg 150w\" sizes=\"auto, (max-width: 800px) 100vw, 800px\" \/><\/figure><\/li><li class=\"blocks-gallery-item\"><figure><img loading=\"lazy\" decoding=\"async\" width=\"800\" height=\"600\" data-attachment-id=\"123905\" data-permalink=\"https:\/\/www.hoymercedes.com.ar\/principal\/2021\/01\/26\/incendio-en-un-basural-cercano-a-la-interseccion-de-las-rutas-5-y-41\/whatsapp-image-2021-01-26-at-20-07-49\/#main\" data-orig-file=\"https:\/\/www.hoymercedes.com.ar\/principal\/wp-content\/uploads\/2021\/01\/WhatsApp-Image-2021-01-26-at-20.07.49.jpeg\" data-orig-size=\"800,600\" data-comments-opened=\"0\" data-image-meta=\"{&quot;aperture&quot;:&quot;0&quot;,&quot;credit&quot;:&quot;&quot;,&quot;camera&quot;:&quot;&quot;,&quot;caption&quot;:&quot;&quot;,&quot;created_timestamp&quot;:&quot;0&quot;,&quot;copyright&quot;:&quot;&quot;,&quot;focal_length&quot;:&quot;0&quot;,&quot;iso&quot;:&quot;0&quot;,&quot;shutter_speed&quot;:&quot;0&quot;,&quot;title&quot;:&quot;&quot;,&quot;orientation&quot;:&quot;0&quot;}\" data-image-title=\"WhatsApp Image 2021-01-26 at 20.07.49\" data-image-description=\"\" data-image-caption=\"\" data-large-file=\"https:\/\/www.hoymercedes.com.ar\/principal\/wp-content\/uploads\/2021\/01\/WhatsApp-Image-2021-01-26-at-20.07.49.jpeg\" src=\"https:\/\/www.hoymercedes.com.ar\/principal\/wp-content\/uploads\/2021\/01\/WhatsApp-Image-2021-01-26-at-20.07.49.jpeg\" alt=\"\" data-id=\"123905\" data-full-url=\"https:\/\/www.hoymercedes.com.ar\/principal\/wp-content\/uploads\/2021\/01\/WhatsApp-Image-2021-01-26-at-20.07.49.jpeg\" data-link=\"https:\/\/www.hoymercedes.com.ar\/principal\/?attachment_id=123905\" class=\"wp-image-123905\" srcset=\"https:\/\/www.hoymercedes.com.ar\/principal\/wp-content\/uploads\/2021\/01\/WhatsApp-Image-2021-01-26-at-20.07.49.jpeg 800w, https:\/\/www.hoymercedes.com.ar\/principal\/wp-content\/uploads\/2021\/01\/WhatsApp-Image-2021-01-26-at-20.07.49-630x473.jpeg 630w, https:\/\/www.hoymercedes.com.ar\/principal\/wp-content\/uploads\/2021\/01\/WhatsApp-Image-2021-01-26-at-20.07.49-150x113.jpeg 150w\" sizes=\"auto, (max-width: 800px) 100vw, 800px\" \/><\/figure><\/li><\/ul><\/figure>\n","protected":false},"excerpt":{"rendered":"<p>Cerca de las 7 de la tarde de este martes, se registr\u00f3 un incendio en un basural que signific\u00f3 un &#8230; <a title=\"Incendio en un basural cercano a la intersecci\u00f3n de las rutas 5 y 41\" class=\"read-more\" href=\"https:\/\/www.hoymercedes.com.ar\/principal\/2021\/01\/26\/incendio-en-un-basural-cercano-a-la-interseccion-de-las-rutas-5-y-41\/\" aria-label=\"Leer m\u00e1s sobre Incendio en un basural cercano a la intersecci\u00f3n de las rutas 5 y 41\">Leer m\u00e1s<\/a><\/p>\n","protected":false},"author":1,"featured_media":123905,"comment_status":"closed","ping_status":"open","sticky":false,"template":"","format":"standard","meta":{"_monsterinsights_skip_tracking":false,"_monsterinsights_sitenote_active":false,"_monsterinsights_sitenote_note":"","_monsterinsights_sitenote_category":0,"jetpack_post_was_ever_published":false,"_jetpack_newsletter_access":"","_jetpack_dont_email_post_to_subs":false,"_jetpack_newsletter_tier_id":0,"_jetpack_memberships_contains_paywalled_content":false,"_jetpack_memberships_contains_paid_content":false,"footnotes":"","jetpack_publicize_message":"","jetpack_publicize_feature_enabled":true,"jetpack_social_post_already_shared":true,"jetpack_social_options":{"image_generator_settings":{"template":"highway","default_image_id":0,"font":"","enabled":false},"version":2},"_wpas_customize_per_network":false},"categories":[85],"tags":[1056,286,96],"class_list":["post-123902","post","type-post","status-publish","format-standard","has-post-thumbnail","hentry","category-policial","tag-basural","tag-incendio","tag-policial-2","generate-columns","tablet-grid-50","mobile-grid-100","grid-parent","grid-50"],"jetpack_publicize_connections":[],"jetpack_featured_media_url":"https:\/\/www.hoymercedes.com.ar\/principal\/wp-content\/uploads\/2021\/01\/WhatsApp-Image-2021-01-26-at-20.07.49.jpeg","wps_subtitle":"En la \u00faltima hora del martes","jetpack_sharing_enabled":true,"_links":{"self":[{"href":"https:\/\/www.hoymercedes.com.ar\/principal\/wp-json\/wp\/v2\/posts\/123902","targetHints":{"allow":["GET"]}}],"collection":[{"href":"https:\/\/www.hoymercedes.com.ar\/principal\/wp-json\/wp\/v2\/posts"}],"about":[{"href":"https:\/\/www.hoymercedes.com.ar\/principal\/wp-json\/wp\/v2\/types\/post"}],"author":[{"embeddable":true,"href":"https:\/\/www.hoymercedes.com.ar\/principal\/wp-json\/wp\/v2\/users\/1"}],"replies":[{"embeddable":true,"href":"https:\/\/www.hoymercedes.com.ar\/principal\/wp-json\/wp\/v2\/comments?post=123902"}],"version-history":[{"count":0,"href":"https:\/\/www.hoymercedes.com.ar\/principal\/wp-json\/wp\/v2\/posts\/123902\/revisions"}],"wp:featuredmedia":[{"embeddable":true,"href":"https:\/\/www.hoymercedes.com.ar\/principal\/wp-json\/wp\/v2\/media\/123905"}],"wp:attachment":[{"href":"https:\/\/www.hoymercedes.com.ar\/principal\/wp-json\/wp\/v2\/media?parent=123902"}],"wp:term":[{"taxonomy":"category","embeddable":true,"href":"https:\/\/www.hoymercedes.com.ar\/principal\/wp-json\/wp\/v2\/categories?post=123902"},{"taxonomy":"post_tag","embeddable":true,"href":"https:\/\/www.hoymercedes.com.ar\/principal\/wp-json\/wp\/v2\/tags?post=123902"}],"curies":[{"name":"wp","href":"https:\/\/api.w.org\/{rel}","templated":true}]}}