{"id":123911,"date":"2021-01-26T22:04:19","date_gmt":"2021-01-27T01:04:19","guid":{"rendered":"http:\/\/www.hoymercedes.com.ar\/principal\/?p=123911"},"modified":"2021-01-26T22:18:26","modified_gmt":"2021-01-27T01:18:26","slug":"covid-en-el-pais-confirmaron-219-muertes-y-10-409-contagios","status":"publish","type":"post","link":"https:\/\/www.hoymercedes.com.ar\/principal\/2021\/01\/26\/covid-en-el-pais-confirmaron-219-muertes-y-10-409-contagios\/","title":{"rendered":"Covid en el pa\u00eds: confirmaron 219 muertes y 10.409 contagios"},"content":{"rendered":"\n<p>El Ministerio de Salud de la Naci\u00f3n inform\u00f3 este martes 26 de enero que, durante las \u00faltimas 24 horas, se registraron 219 muertes y 10.409 nuevos casos positivos de COVID-19. Con estos datos el total de infectados asciende a 1.885.210 y las v\u00edctimas fatales suman 47.253.<\/p>\n\n\n\n<p>De acuerdo con el parte epidemiol\u00f3gico, del total de muertes contabilizadas en el d\u00eda de la fecha: 118 son hombres (42 residentes de la provincia de Buenos Aires, 6 de la Ciudad de Buenos Aires, 3 de Chaco, 7 de Chubut, 3 de C\u00f3rdoba, 2 de Corrientes, 7 de Entre R\u00edos, 7 de La Pampa, 5 de Mendoza, 3 de Misiones, 2 de Neuqu\u00e9n, 3 de R\u00edo Negro, 1 de Salta, 1 de San Luis, 4 de Santa Cruz, 19 de Santa Fe, 1 de Santiago del Estero y 2 de Tucum\u00e1n) y 95 mujeres (29 residentes de la provincia de Buenos Aires, 9 de la Ciudad de Buenos Aires, 3 de Chaco, 4 de Chubut, 4 de C\u00f3rdoba, 2 de Corrientes, 7 de Entre R\u00edos, 7 de La Pampa, 5 de Mendoza, 1 de Corrientes, 6 de Entre R\u00edos, 7 de La Pampa, 2 de Misiones, 1 de Neuqu\u00e9n, 1 de R\u00edo Negro, 1 de Salta, 2 de Santa Cruz, 24 de Santa Fe y 1 de Tucum\u00e1n). Seis personas, cuatro de la provincia de Buenos Aires, una de Entre R\u00edos y una de La Pampa fueron registradas sin dato de sexo.<\/p>\n\n\n\n<p>De los 10.409 casos nuevos, 4.574 son de la provincia de Buenos Aires, 1.290 de la ciudad de Buenos Aires, 77 de Catamarca, 177 de Chaco, 320 de Chubut, 167 de Corrientes, 662 de C\u00f3rdoba, 332 de Entre R\u00edos, 7 de Formosa, 57 de Jujuy, 96 de La Pampa, 11 de La Rioja, 112 de Mendoza, 169 de Misiones, 506 de Neuqu\u00e9n, 393 de R\u00edo Negro, 66 de Salta, 78 de San Juan, 45 de San Luis, 181 de Santa Cruz, 770 de Santa Fe, 79 de Santiago del Estero, 52 de Tierra del Fuego y 188 de Tucum\u00e1n.<\/p>\n","protected":false},"excerpt":{"rendered":"<p>El Ministerio de Salud de la Naci\u00f3n inform\u00f3 este martes 26 de enero que, durante las \u00faltimas 24 horas, se &#8230; <a title=\"Covid en el pa\u00eds: confirmaron 219 muertes y 10.409 contagios\" class=\"read-more\" href=\"https:\/\/www.hoymercedes.com.ar\/principal\/2021\/01\/26\/covid-en-el-pais-confirmaron-219-muertes-y-10-409-contagios\/\" aria-label=\"Leer m\u00e1s sobre Covid en el pa\u00eds: confirmaron 219 muertes y 10.409 contagios\">Leer m\u00e1s<\/a><\/p>\n","protected":false},"author":1,"featured_media":109454,"comment_status":"closed","ping_status":"open","sticky":false,"template":"","format":"standard","meta":{"_monsterinsights_skip_tracking":false,"_monsterinsights_sitenote_active":false,"_monsterinsights_sitenote_note":"","_monsterinsights_sitenote_category":0,"jetpack_post_was_ever_published":false,"_jetpack_newsletter_access":"","_jetpack_dont_email_post_to_subs":false,"_jetpack_newsletter_tier_id":0,"_jetpack_memberships_contains_paywalled_content":false,"_jetpack_memberships_contains_paid_content":false,"footnotes":"","jetpack_publicize_message":"","jetpack_publicize_feature_enabled":true,"jetpack_social_post_already_shared":true,"jetpack_social_options":{"image_generator_settings":{"template":"highway","default_image_id":0,"font":"","enabled":false},"version":2},"_wpas_customize_per_network":false},"categories":[9791],"tags":[16175,16313,15693,185,134],"class_list":["post-123911","post","type-post","status-publish","format-standard","has-post-thumbnail","hentry","category-salud","tag-coronavirus","tag-covid-19","tag-informe-nacional","tag-nacion","tag-salud","generate-columns","tablet-grid-50","mobile-grid-100","grid-parent","grid-50"],"jetpack_publicize_connections":[],"jetpack_featured_media_url":"https:\/\/www.hoymercedes.com.ar\/principal\/wp-content\/uploads\/2020\/04\/15-coronavirus.jpg","wps_subtitle":"Datos oficiales nacionales","jetpack_sharing_enabled":true,"_links":{"self":[{"href":"https:\/\/www.hoymercedes.com.ar\/principal\/wp-json\/wp\/v2\/posts\/123911","targetHints":{"allow":["GET"]}}],"collection":[{"href":"https:\/\/www.hoymercedes.com.ar\/principal\/wp-json\/wp\/v2\/posts"}],"about":[{"href":"https:\/\/www.hoymercedes.com.ar\/principal\/wp-json\/wp\/v2\/types\/post"}],"author":[{"embeddable":true,"href":"https:\/\/www.hoymercedes.com.ar\/principal\/wp-json\/wp\/v2\/users\/1"}],"replies":[{"embeddable":true,"href":"https:\/\/www.hoymercedes.com.ar\/principal\/wp-json\/wp\/v2\/comments?post=123911"}],"version-history":[{"count":0,"href":"https:\/\/www.hoymercedes.com.ar\/principal\/wp-json\/wp\/v2\/posts\/123911\/revisions"}],"wp:featuredmedia":[{"embeddable":true,"href":"https:\/\/www.hoymercedes.com.ar\/principal\/wp-json\/wp\/v2\/media\/109454"}],"wp:attachment":[{"href":"https:\/\/www.hoymercedes.com.ar\/principal\/wp-json\/wp\/v2\/media?parent=123911"}],"wp:term":[{"taxonomy":"category","embeddable":true,"href":"https:\/\/www.hoymercedes.com.ar\/principal\/wp-json\/wp\/v2\/categories?post=123911"},{"taxonomy":"post_tag","embeddable":true,"href":"https:\/\/www.hoymercedes.com.ar\/principal\/wp-json\/wp\/v2\/tags?post=123911"}],"curies":[{"name":"wp","href":"https:\/\/api.w.org\/{rel}","templated":true}]}}