{"id":123925,"date":"2021-01-27T11:13:22","date_gmt":"2021-01-27T14:13:22","guid":{"rendered":"http:\/\/www.hoymercedes.com.ar\/principal\/?p=123925"},"modified":"2021-01-27T16:29:13","modified_gmt":"2021-01-27T19:29:13","slug":"covid-en-lujan-16-nuevos-casos-positivos","status":"publish","type":"post","link":"https:\/\/www.hoymercedes.com.ar\/principal\/2021\/01\/27\/covid-en-lujan-16-nuevos-casos-positivos\/","title":{"rendered":"Covid en Luj\u00e1n: 16 nuevos casos positivos"},"content":{"rendered":"\n<p>En su informe oficial N\u00b0 316, emitido este martes a las 7, la Secretar\u00eda de Salud del Municipio de Luj\u00e1n inform\u00f3 que en las \u00faltimas 24 horas en el Partido de Luj\u00e1n se confirmaron 16 nuevos casos positivos de coronavirus. Por su parte, se dieron de alta 20 casos positivos para Covid-19.<\/p>\n\n\n\n<p>Hasta el momento, el Partido de Luj\u00e1n registra 5.385 casos positivos (de los cuales 135 fallecieron, 3.928 fueron dados de alta y 1.322 se encuentran en tratamiento) y<br>9.920 casos descartados.<\/p>\n","protected":false},"excerpt":{"rendered":"<p>En su informe oficial N\u00b0 316, emitido este martes a las 7, la Secretar\u00eda de Salud del Municipio de Luj\u00e1n &#8230; <a title=\"Covid en Luj\u00e1n: 16 nuevos casos positivos\" class=\"read-more\" href=\"https:\/\/www.hoymercedes.com.ar\/principal\/2021\/01\/27\/covid-en-lujan-16-nuevos-casos-positivos\/\" aria-label=\"Leer m\u00e1s sobre Covid en Luj\u00e1n: 16 nuevos casos positivos\">Leer m\u00e1s<\/a><\/p>\n","protected":false},"author":1,"featured_media":111592,"comment_status":"closed","ping_status":"open","sticky":false,"template":"","format":"standard","meta":{"_monsterinsights_skip_tracking":false,"_monsterinsights_sitenote_active":false,"_monsterinsights_sitenote_note":"","_monsterinsights_sitenote_category":0,"jetpack_post_was_ever_published":false,"_jetpack_newsletter_access":"","_jetpack_dont_email_post_to_subs":false,"_jetpack_newsletter_tier_id":0,"_jetpack_memberships_contains_paywalled_content":false,"_jetpack_memberships_contains_paid_content":false,"footnotes":"","jetpack_publicize_message":"","jetpack_publicize_feature_enabled":true,"jetpack_social_post_already_shared":true,"jetpack_social_options":{"image_generator_settings":{"template":"highway","default_image_id":0,"font":"","enabled":false},"version":2},"_wpas_customize_per_network":false},"categories":[5501],"tags":[16428,16175,16313,9322],"class_list":["post-123925","post","type-post","status-publish","format-standard","has-post-thumbnail","hentry","category-region","tag-casos-positivos","tag-coronavirus","tag-covid-19","tag-region","generate-columns","tablet-grid-50","mobile-grid-100","grid-parent","grid-50"],"jetpack_publicize_connections":[],"jetpack_featured_media_url":"https:\/\/www.hoymercedes.com.ar\/principal\/wp-content\/uploads\/2020\/06\/03-coronavirus_analisis_muestras.jpg","wps_subtitle":"Coronavirus en la regi\u00f3n","jetpack_sharing_enabled":true,"_links":{"self":[{"href":"https:\/\/www.hoymercedes.com.ar\/principal\/wp-json\/wp\/v2\/posts\/123925","targetHints":{"allow":["GET"]}}],"collection":[{"href":"https:\/\/www.hoymercedes.com.ar\/principal\/wp-json\/wp\/v2\/posts"}],"about":[{"href":"https:\/\/www.hoymercedes.com.ar\/principal\/wp-json\/wp\/v2\/types\/post"}],"author":[{"embeddable":true,"href":"https:\/\/www.hoymercedes.com.ar\/principal\/wp-json\/wp\/v2\/users\/1"}],"replies":[{"embeddable":true,"href":"https:\/\/www.hoymercedes.com.ar\/principal\/wp-json\/wp\/v2\/comments?post=123925"}],"version-history":[{"count":0,"href":"https:\/\/www.hoymercedes.com.ar\/principal\/wp-json\/wp\/v2\/posts\/123925\/revisions"}],"wp:featuredmedia":[{"embeddable":true,"href":"https:\/\/www.hoymercedes.com.ar\/principal\/wp-json\/wp\/v2\/media\/111592"}],"wp:attachment":[{"href":"https:\/\/www.hoymercedes.com.ar\/principal\/wp-json\/wp\/v2\/media?parent=123925"}],"wp:term":[{"taxonomy":"category","embeddable":true,"href":"https:\/\/www.hoymercedes.com.ar\/principal\/wp-json\/wp\/v2\/categories?post=123925"},{"taxonomy":"post_tag","embeddable":true,"href":"https:\/\/www.hoymercedes.com.ar\/principal\/wp-json\/wp\/v2\/tags?post=123925"}],"curies":[{"name":"wp","href":"https:\/\/api.w.org\/{rel}","templated":true}]}}