{"id":123933,"date":"2021-01-27T12:02:00","date_gmt":"2021-01-27T15:02:00","guid":{"rendered":"http:\/\/www.hoymercedes.com.ar\/principal\/?p=123933"},"modified":"2021-01-27T16:28:43","modified_gmt":"2021-01-27T19:28:43","slug":"dematei-participo-de-reunion-con-el-gobernador-kicillof","status":"publish","type":"post","link":"https:\/\/www.hoymercedes.com.ar\/principal\/2021\/01\/27\/dematei-participo-de-reunion-con-el-gobernador-kicillof\/","title":{"rendered":"Dematei particip\u00f3 de reuni\u00f3n con el gobernador Kicillof"},"content":{"rendered":"\n<p>Con el objetivo de seguir trabajando en torno a los cuidados y aplicaci\u00f3n de medidas de prevenci\u00f3n y control del covid-19 se llev\u00f3 a cabo una nueva reuni\u00f3n de la mesa de gesti\u00f3n provincial con la presencia del Gobernador Axel Kicillof. El intendente interino, Mat\u00edas Dematei, estuvo presente planteando la realidad epidemiol\u00f3gica de la ciudad. \u00a0<\/p>\n\n\n\n<div class=\"wp-block-image\"><figure class=\"aligncenter size-large\"><img loading=\"lazy\" decoding=\"async\" width=\"800\" height=\"463\" data-attachment-id=\"123934\" data-permalink=\"https:\/\/www.hoymercedes.com.ar\/principal\/2021\/01\/27\/dematei-participo-de-reunion-con-el-gobernador-kicillof\/dsc03568\/#main\" data-orig-file=\"https:\/\/www.hoymercedes.com.ar\/principal\/wp-content\/uploads\/2021\/01\/DSC03568.jpg\" data-orig-size=\"800,463\" data-comments-opened=\"0\" data-image-meta=\"{&quot;aperture&quot;:&quot;0&quot;,&quot;credit&quot;:&quot;&quot;,&quot;camera&quot;:&quot;&quot;,&quot;caption&quot;:&quot;&quot;,&quot;created_timestamp&quot;:&quot;0&quot;,&quot;copyright&quot;:&quot;&quot;,&quot;focal_length&quot;:&quot;0&quot;,&quot;iso&quot;:&quot;0&quot;,&quot;shutter_speed&quot;:&quot;0&quot;,&quot;title&quot;:&quot;&quot;,&quot;orientation&quot;:&quot;0&quot;}\" data-image-title=\"DSC03568\" data-image-description=\"\" data-image-caption=\"\" data-large-file=\"https:\/\/www.hoymercedes.com.ar\/principal\/wp-content\/uploads\/2021\/01\/DSC03568.jpg\" src=\"https:\/\/www.hoymercedes.com.ar\/principal\/wp-content\/uploads\/2021\/01\/DSC03568.jpg\" alt=\"\" class=\"wp-image-123934\" srcset=\"https:\/\/www.hoymercedes.com.ar\/principal\/wp-content\/uploads\/2021\/01\/DSC03568.jpg 800w, https:\/\/www.hoymercedes.com.ar\/principal\/wp-content\/uploads\/2021\/01\/DSC03568-630x365.jpg 630w, https:\/\/www.hoymercedes.com.ar\/principal\/wp-content\/uploads\/2021\/01\/DSC03568-150x87.jpg 150w\" sizes=\"auto, (max-width: 800px) 100vw, 800px\" \/><\/figure><\/div>\n\n\n\n<p>Como es habitual se concretan este tipo de encuentros virtuales donde se ponen en debate e intercambios cuestiones vinculadas a aperturas, cierres, situaciones concretas de cada comunidad y de la provincia en general. Se supo que de mantenerse la meseta con leve tendencia a la baja a nivel bonaerense podr\u00eda haber nuevas ampliaciones horarias, pero para ello se espera la definici\u00f3n final y oficial de la provincia y posteriormente la intervenci\u00f3n de Comit\u00e9 de Crisis mercedino, instancia de intercambio institucional de definici\u00f3n. &nbsp;<\/p>\n\n\n\n<p>En la teleconferencia tambi\u00e9n estuvieron equipos de salud bonaerenses y especialistas. &nbsp;<\/p>\n\n\n\n<p>\u00abComo ven, el coronavirus no termin\u00f3, hay que seguir cuid\u00e1ndose\u00bb, dijo el gobernador. &nbsp;<\/p>\n\n\n\n<p>Para Mat\u00edas Dematei estos encuentros \u201cson muy valiosos, nos permiten tener un panorama general sobre una pandemia que nos afecta a todas y todos, donde en Mercedes tenemos un sistema que funciona, donde desde el primer d\u00eda se trabaj\u00f3 para cuidar a las y los vecinos, con un laboratorio covid, centro de teleseguimiento, Caps espacialmente dedicados al tema y ahora con m\u00e1s centros de hisopados y una campa\u00f1a de vacunaci\u00f3n ejemplar\u201d, afirm\u00f3 el presidente del Concejo Deliberante ocupando el rol de intendente interino. &nbsp;<\/p>\n\n\n\n<p>La reuni\u00f3n dej\u00f3 varios aspectos para seguir trabajando y evaluando dado que, como se sabe, es una realidad din\u00e1mica que requiere un an\u00e1lisis constante, manifest\u00f3 Dematei.\u00a0\u00a0\u00a0\u00a0<\/p>\n\n\n\n<p>Por Prensa Municipal<\/p>\n","protected":false},"excerpt":{"rendered":"<p>Con el objetivo de seguir trabajando en torno a los cuidados y aplicaci\u00f3n de medidas de prevenci\u00f3n y control del &#8230; <a title=\"Dematei particip\u00f3 de reuni\u00f3n con el gobernador Kicillof\" class=\"read-more\" href=\"https:\/\/www.hoymercedes.com.ar\/principal\/2021\/01\/27\/dematei-participo-de-reunion-con-el-gobernador-kicillof\/\" aria-label=\"Leer m\u00e1s sobre Dematei particip\u00f3 de reuni\u00f3n con el gobernador Kicillof\">Leer m\u00e1s<\/a><\/p>\n","protected":false},"author":1,"featured_media":123934,"comment_status":"closed","ping_status":"open","sticky":false,"template":"","format":"standard","meta":{"_monsterinsights_skip_tracking":false,"_monsterinsights_sitenote_active":false,"_monsterinsights_sitenote_note":"","_monsterinsights_sitenote_category":0,"jetpack_post_was_ever_published":false,"_jetpack_newsletter_access":"","_jetpack_dont_email_post_to_subs":false,"_jetpack_newsletter_tier_id":0,"_jetpack_memberships_contains_paywalled_content":false,"_jetpack_memberships_contains_paid_content":false,"footnotes":"","jetpack_publicize_message":"","jetpack_publicize_feature_enabled":true,"jetpack_social_post_already_shared":true,"jetpack_social_options":{"image_generator_settings":{"template":"highway","default_image_id":0,"font":"","enabled":false},"version":2},"_wpas_customize_per_network":false},"categories":[8],"tags":[16383,244,1803],"class_list":["post-123933","post","type-post","status-publish","format-standard","has-post-thumbnail","hentry","category-sociedad","tag-gobernador","tag-municipio-2","tag-provincia","generate-columns","tablet-grid-50","mobile-grid-100","grid-parent","grid-50"],"jetpack_publicize_connections":[],"jetpack_featured_media_url":"https:\/\/www.hoymercedes.com.ar\/principal\/wp-content\/uploads\/2021\/01\/DSC03568.jpg","wps_subtitle":"Reuni\u00f3n con el gobernador","jetpack_sharing_enabled":true,"_links":{"self":[{"href":"https:\/\/www.hoymercedes.com.ar\/principal\/wp-json\/wp\/v2\/posts\/123933","targetHints":{"allow":["GET"]}}],"collection":[{"href":"https:\/\/www.hoymercedes.com.ar\/principal\/wp-json\/wp\/v2\/posts"}],"about":[{"href":"https:\/\/www.hoymercedes.com.ar\/principal\/wp-json\/wp\/v2\/types\/post"}],"author":[{"embeddable":true,"href":"https:\/\/www.hoymercedes.com.ar\/principal\/wp-json\/wp\/v2\/users\/1"}],"replies":[{"embeddable":true,"href":"https:\/\/www.hoymercedes.com.ar\/principal\/wp-json\/wp\/v2\/comments?post=123933"}],"version-history":[{"count":0,"href":"https:\/\/www.hoymercedes.com.ar\/principal\/wp-json\/wp\/v2\/posts\/123933\/revisions"}],"wp:featuredmedia":[{"embeddable":true,"href":"https:\/\/www.hoymercedes.com.ar\/principal\/wp-json\/wp\/v2\/media\/123934"}],"wp:attachment":[{"href":"https:\/\/www.hoymercedes.com.ar\/principal\/wp-json\/wp\/v2\/media?parent=123933"}],"wp:term":[{"taxonomy":"category","embeddable":true,"href":"https:\/\/www.hoymercedes.com.ar\/principal\/wp-json\/wp\/v2\/categories?post=123933"},{"taxonomy":"post_tag","embeddable":true,"href":"https:\/\/www.hoymercedes.com.ar\/principal\/wp-json\/wp\/v2\/tags?post=123933"}],"curies":[{"name":"wp","href":"https:\/\/api.w.org\/{rel}","templated":true}]}}