{"id":123940,"date":"2021-01-28T06:26:00","date_gmt":"2021-01-28T09:26:00","guid":{"rendered":"http:\/\/www.hoymercedes.com.ar\/principal\/?p=123940"},"modified":"2021-01-28T00:44:06","modified_gmt":"2021-01-28T03:44:06","slug":"pro-mercedes-repudia-la-politica-sanitaria-de-formosa","status":"publish","type":"post","link":"https:\/\/www.hoymercedes.com.ar\/principal\/2021\/01\/28\/pro-mercedes-repudia-la-politica-sanitaria-de-formosa\/","title":{"rendered":"PRO Mercedes repudia la pol\u00edtica sanitaria de Formosa"},"content":{"rendered":"\n<p>A trav\u00e9s de una comunicaci\u00f3n con el t\u00edtulo \u00abLos Derechos HUmanos son prioridad\u00bb, los integrantes del PRO Mercedes dentro de Juntos por el Cambio, expresa su postura ante la situaci\u00f3n que se vive en Formosa sobre el manejo que hacen de la pandemia y de las personas que est\u00e1n transitando la enfermedad covid-19. <\/p>\n\n\n\n<p>El texto enviado por el PRO Mercedes expresa: <\/p>\n\n\n\n<p>\u00abDados los acontecimientos que se produjeron en la Provincia de Formosa, desde el PRO-JxC, repudiamos contundentemente las aberrantes afirmaciones del Senador Jos\u00e9 Mayans, jefe del bloque oficialista en la C\u00e1mara Alta, avalando la pol\u00edtica sanitaria de Formosa y afirmando que en pandemia no hay derechos.<\/p>\n\n\n\n<p>Estamos convencidos que nada est\u00e1 por encima de nuestra Constituci\u00f3n Nacional bajo la cual nos regimos, y, sobre todo, que bajo ninguna circunstancia se pueden dejar de lado los derechos humanos de las personas.<\/p>\n\n\n\n<p>Nos sorprende que las autoridades Municipales no se hayan hecho eco de semejantes declaraciones para repudiarlas en todo su contenido.<\/p>\n\n\n\n<p>Sabemos desde hace mucho tiempo que en Formosa hay serias violaciones a los derechos humanos y que la justicia independiente no existe ya que est\u00e1 en manos del Poder Ejecutivo de Gildo Insfr\u00e1n.<\/p>\n\n\n\n<p>Desde PRO-JxC apoyamos el pedido a Michelle Bachelet de \u201cintervenci\u00f3n urgente\u201d de la Organizaci\u00f3n de las Naciones Unidas (ONU) por la \u201cvulneraci\u00f3n de los derechos humanos\u201d en los centros de aislamiento por coronavirus en Formosa. La presentaci\u00f3n se hizo ante la Alta Comisionada para los Derechos Humanos del organismo y la hicieron los presidentes de los interbloques de Juntos por el Cambio en Diputados, Mario Negri, y en el Senado, Luis Naidenoff\u00bb.<\/p>\n","protected":false},"excerpt":{"rendered":"<p>A trav\u00e9s de una comunicaci\u00f3n con el t\u00edtulo \u00abLos Derechos HUmanos son prioridad\u00bb, los integrantes del PRO Mercedes dentro de &#8230; <a title=\"PRO Mercedes repudia la pol\u00edtica sanitaria de Formosa\" class=\"read-more\" href=\"https:\/\/www.hoymercedes.com.ar\/principal\/2021\/01\/28\/pro-mercedes-repudia-la-politica-sanitaria-de-formosa\/\" aria-label=\"Leer m\u00e1s sobre PRO Mercedes repudia la pol\u00edtica sanitaria de Formosa\">Leer m\u00e1s<\/a><\/p>\n","protected":false},"author":1,"featured_media":123208,"comment_status":"closed","ping_status":"open","sticky":false,"template":"","format":"standard","meta":{"_monsterinsights_skip_tracking":false,"_monsterinsights_sitenote_active":false,"_monsterinsights_sitenote_note":"","_monsterinsights_sitenote_category":0,"jetpack_post_was_ever_published":false,"_jetpack_newsletter_access":"","_jetpack_dont_email_post_to_subs":false,"_jetpack_newsletter_tier_id":0,"_jetpack_memberships_contains_paywalled_content":false,"_jetpack_memberships_contains_paid_content":false,"footnotes":"","jetpack_publicize_message":"","jetpack_publicize_feature_enabled":true,"jetpack_social_post_already_shared":true,"jetpack_social_options":{"image_generator_settings":{"template":"highway","default_image_id":0,"font":"","enabled":false},"version":2},"_wpas_customize_per_network":false},"categories":[5],"tags":[5319,633],"class_list":["post-123940","post","type-post","status-publish","format-standard","has-post-thumbnail","hentry","category-politica","tag-politica-2","tag-pro","generate-columns","tablet-grid-50","mobile-grid-100","grid-parent","grid-50"],"jetpack_publicize_connections":[],"jetpack_featured_media_url":"https:\/\/www.hoymercedes.com.ar\/principal\/wp-content\/uploads\/2021\/01\/ProMercedes.png","wps_subtitle":"Posici\u00f3n pol\u00edtica","jetpack_sharing_enabled":true,"_links":{"self":[{"href":"https:\/\/www.hoymercedes.com.ar\/principal\/wp-json\/wp\/v2\/posts\/123940","targetHints":{"allow":["GET"]}}],"collection":[{"href":"https:\/\/www.hoymercedes.com.ar\/principal\/wp-json\/wp\/v2\/posts"}],"about":[{"href":"https:\/\/www.hoymercedes.com.ar\/principal\/wp-json\/wp\/v2\/types\/post"}],"author":[{"embeddable":true,"href":"https:\/\/www.hoymercedes.com.ar\/principal\/wp-json\/wp\/v2\/users\/1"}],"replies":[{"embeddable":true,"href":"https:\/\/www.hoymercedes.com.ar\/principal\/wp-json\/wp\/v2\/comments?post=123940"}],"version-history":[{"count":0,"href":"https:\/\/www.hoymercedes.com.ar\/principal\/wp-json\/wp\/v2\/posts\/123940\/revisions"}],"wp:featuredmedia":[{"embeddable":true,"href":"https:\/\/www.hoymercedes.com.ar\/principal\/wp-json\/wp\/v2\/media\/123208"}],"wp:attachment":[{"href":"https:\/\/www.hoymercedes.com.ar\/principal\/wp-json\/wp\/v2\/media?parent=123940"}],"wp:term":[{"taxonomy":"category","embeddable":true,"href":"https:\/\/www.hoymercedes.com.ar\/principal\/wp-json\/wp\/v2\/categories?post=123940"},{"taxonomy":"post_tag","embeddable":true,"href":"https:\/\/www.hoymercedes.com.ar\/principal\/wp-json\/wp\/v2\/tags?post=123940"}],"curies":[{"name":"wp","href":"https:\/\/api.w.org\/{rel}","templated":true}]}}